{"id":50466,"date":"2025-09-17T08:10:33","date_gmt":"2025-09-17T11:10:33","guid":{"rendered":"https:\/\/grupotiempodigital.com.ar\/?p=50466"},"modified":"2025-09-17T08:10:34","modified_gmt":"2025-09-17T11:10:34","slug":"efemerides-del-17-de-septiembre-2","status":"publish","type":"post","link":"https:\/\/grupotiempodigital.com.ar\/?p=50466","title":{"rendered":"Efem\u00e9rides del 17 de septiembre"},"content":{"rendered":"\n<p><strong>D\u00cdA DEL PROFESOR.<\/strong>&nbsp;Se celebra el D\u00eda del Profesor en conmemoraci\u00f3n de la fecha de 1894 en la que falleci\u00f3 el escritor, educador y pol\u00edtico Jos\u00e9 Manuel Estrada, ex director del Colegio Nacional de Buenos Aires e impulsor de la docencia secundaria y universitaria.<\/p>\n\n\n\n<p><strong>DIA DEL PSICOPEDAGOGO.<\/strong>&nbsp;Se celebra el D\u00eda Internacional del Psicopedagogo en conmemoraci\u00f3n de la fecha de 1980 en la que falleci\u00f3 el epistem\u00f3logo y bi\u00f3logo suizo Jean Piaget, destacado por sus aportes a la Pedagog\u00eda con sus estudios sobre la infancia y su teor\u00eda constructivista sobre el desarrollo de la inteligencia.<\/p>\n\n\n\n<p><strong>2000 &#8211; LIONEL MESSI.<\/strong>&nbsp;Luego de jugar en las divisiones infantiles de Newell &#8216;s Old Boys de Rosario, Lionel Messi llega a la ciudad de Barcelona acompa\u00f1ado por su padre para probarse en el Barcelona F\u00fatbol Club, con el que se convirti\u00f3 en astro mundial y lleva ganados 34 t\u00edtulos, entre ellos diez de La Liga espa\u00f1ola, cuatro de la Liga de Campeones de Europa y seis t\u00edtulos de la Copa del Rey.<\/p>\n\n\n\n<p><strong>1991 &#8211; GUNS N\u2019 ROSES.<\/strong>&nbsp;La banda de hard rock Guns N\u2019 Roses publica los \u00e1lbumes Use Your Illusion I y II, que en conjunto superaron las 60 millones de copias vendidas en todo el mundo. La banda fundada por el vocalista Axl Rose y el guitarrista Izzy Stradlin es considerada \u00edcono global de la m\u00fasica y forma parte del Sal\u00f3n de la Fama del Rock and Roll.<\/p>\n\n\n\n<p><strong>2006 &#8211; KUN AG\u00dcERO.<\/strong>\u00a0El delantero argentino Sergio \u201cKun\u201d Ag\u00fcero debuta como titular en el Atl\u00e9tico de Madrid en la goleada por 4-1 como visitante ante Athletic Bilbao, en la que marc\u00f3 el tercer gol del equipo \u201ccolchonero\u201d, a los 19 minutos del segundo tiempo. El Kun hab\u00eda debutado en el equipo en la victoria por 1-0 ante el Racing de Santander el 27 de agosto de 2006, cuando entr\u00f3 a los 22 minutos del segundo tiempo en reemplazo de Mista.\u00a0<strong>1980 &#8211; JEAN PIAGET. M<\/strong>uere en la ciudad suiza de Ginebra, a la edad de 84 a\u00f1os, el epistem\u00f3logo y bi\u00f3logo Jean Piaget, reconocido por sus estudios sobre el pensamiento, el lenguaje y desarrollo intelectual de los ni\u00f1os.<\/p>\n\n\n\n<p><strong>1861 &#8211; BATALLA DE PAV\u00d3N.\u00a0<\/strong>Las tropas de la Confederaci\u00f3n Argentina, al mando del general Justo Jos\u00e9 de Urquiza, son derrotadas por las fuerzas lideradas por el brigadier y gobernador bonaerense Bartolom\u00e9 Mitre en la llamada Batalla de Pav\u00f3n, librada a orillas del arroyo hom\u00f3nimo, en el sur de la provincia de Santa Fe.<\/p>\n\n\n\n<p><strong>2014 &#8211; CHINA ZORRILLA.<\/strong>\u00a0Muere en Montevideo, a la edad de 92 a\u00f1os, la actriz. comediante y directora China Zorrilla (Concepci\u00f3n Matilde Zorrilla de San Mart\u00edn Mu\u00f1oz), una de las personalidades art\u00edsticas m\u00e1s populares del R\u00edo de la Plata por su labor en cine, teatro y televisi\u00f3n. Gan\u00f3 tres premios C\u00f3ndor de Plata y otros tantos Konex. En 2008, el gobierno de Francia la condecor\u00f3 con la Legi\u00f3n de Honor en el grado de caballero.<\/p>\n\n\n\n<p><strong>1984 &#8211; HUGO GATTI.<\/strong>\u00a0El arquero de Boca Juniors, Hugo Gatti, juega como n\u00famero 9 en partido amistoso ante el Atlas de M\u00e9xico disputado en el estadio Rat Cliff de Fresno (California, EEUU) que gan\u00f3 el equipo xeneize por 2-1. \u201cTirame buenos centros y mir\u00e1 lo que hago, vas a ver c\u00f3mo se juega al f\u00fatbol. Atenci\u00f3n, troncos, entr\u00f3 el maestro\u201d, le dijo Gatti a su compa\u00f1ero Omar Port\u00e9 al entrar a la cancha a los 28 minutos del segundo tiempo, cuando reemplaz\u00f3 al lesionado Jos\u00e9 Berta.<\/p>\n\n\n\n<p><strong>1898 &#8211; MANUELA R. DE TERRERO.<\/strong>\u00a0Muere en Londres, a la edad de 81 a\u00f1os, Manuela Robustiana Ortiz de Rosas de Terrero, quien cumpli\u00f3 una destacada labor durante la gesti\u00f3n de su padre, Juan Manuel Ort\u00edz de Rosas, como gobernador de la provincia de Buenos Aires y caudillo de la Confederaci\u00f3n Argentina.<\/p>\n\n\n\n<p><\/p>\n","protected":false},"excerpt":{"rendered":"<p>D\u00cdA DEL PROFESOR.&nbsp;Se celebra el D\u00eda del Profesor en conmemoraci\u00f3n de la fecha de 1894 en la que falleci\u00f3 el<\/p>\n","protected":false},"author":3,"featured_media":47067,"comment_status":"open","ping_status":"open","sticky":false,"template":"","format":"standard","meta":{"colormag_page_container_layout":"default_layout","colormag_page_sidebar_layout":"default_layout","footnotes":""},"categories":[1],"tags":[],"class_list":["post-50466","post","type-post","status-publish","format-standard","has-post-thumbnail","hentry","category-actualidad"],"_links":{"self":[{"href":"https:\/\/grupotiempodigital.com.ar\/index.php?rest_route=\/wp\/v2\/posts\/50466","targetHints":{"allow":["GET"]}}],"collection":[{"href":"https:\/\/grupotiempodigital.com.ar\/index.php?rest_route=\/wp\/v2\/posts"}],"about":[{"href":"https:\/\/grupotiempodigital.com.ar\/index.php?rest_route=\/wp\/v2\/types\/post"}],"author":[{"embeddable":true,"href":"https:\/\/grupotiempodigital.com.ar\/index.php?rest_route=\/wp\/v2\/users\/3"}],"replies":[{"embeddable":true,"href":"https:\/\/grupotiempodigital.com.ar\/index.php?rest_route=%2Fwp%2Fv2%2Fcomments&post=50466"}],"version-history":[{"count":1,"href":"https:\/\/grupotiempodigital.com.ar\/index.php?rest_route=\/wp\/v2\/posts\/50466\/revisions"}],"predecessor-version":[{"id":50467,"href":"https:\/\/grupotiempodigital.com.ar\/index.php?rest_route=\/wp\/v2\/posts\/50466\/revisions\/50467"}],"wp:featuredmedia":[{"embeddable":true,"href":"https:\/\/grupotiempodigital.com.ar\/index.php?rest_route=\/wp\/v2\/media\/47067"}],"wp:attachment":[{"href":"https:\/\/grupotiempodigital.com.ar\/index.php?rest_route=%2Fwp%2Fv2%2Fmedia&parent=50466"}],"wp:term":[{"taxonomy":"category","embeddable":true,"href":"https:\/\/grupotiempodigital.com.ar\/index.php?rest_route=%2Fwp%2Fv2%2Fcategories&post=50466"},{"taxonomy":"post_tag","embeddable":true,"href":"https:\/\/grupotiempodigital.com.ar\/index.php?rest_route=%2Fwp%2Fv2%2Ftags&post=50466"}],"curies":[{"name":"wp","href":"https:\/\/api.w.org\/{rel}","templated":true}]}}