{"id":50460,"date":"2025-09-16T10:49:31","date_gmt":"2025-09-16T13:49:31","guid":{"rendered":"https:\/\/grupotiempodigital.com.ar\/?p=50460"},"modified":"2025-09-16T10:49:32","modified_gmt":"2025-09-16T13:49:32","slug":"se-posterga-una-semana-el-rally-de-arrecifes","status":"publish","type":"post","link":"https:\/\/grupotiempodigital.com.ar\/?p=50460","title":{"rendered":"SE POSTERGA UNA SEMANA EL RALLY DE ARRECIFES"},"content":{"rendered":"\n<p class=\"has-medium-font-size\"><strong>El clima nos sigue jugando en contra y nos posterga nuevamente el reinicio de las actividades luego del receso de invierno. Ya que en com\u00fan acuerdo entre las diferentes partes organizativas del Rally de arrecifes, se ha decidido posponer siete d\u00edas la realizaci\u00f3n de la fecha programada para el pr\u00f3ximo fin de semana, tras analizar los pron\u00f3sticos meteorol\u00f3gicos y observar las grandes chances de lluvias para todos los d\u00edas de actividad. Por tal motivo y para no crear molestias para los participantes, trabajadores y publico en general. se toma con anticipaci\u00f3n esta medida y los esperamos los d\u00edas 26, 27 y 28 de septiembre para disputarla competencia en la Cuna de Campeones, que ha generado mucha expectativa y al d\u00eda de la fecha se suman casi 90 inscriptos, siendo un record en lo que va de la presente temporada.<\/strong><\/p>\n\n\n\n<p class=\"has-text-align-right\"><strong>(Prensa Rally Mar y Sierras)<\/strong><\/p>\n\n\n\n<p><\/p>\n","protected":false},"excerpt":{"rendered":"<p>El clima nos sigue jugando en contra y nos posterga nuevamente el reinicio de las actividades luego del receso de<\/p>\n","protected":false},"author":3,"featured_media":47031,"comment_status":"open","ping_status":"open","sticky":false,"template":"","format":"standard","meta":{"colormag_page_container_layout":"default_layout","colormag_page_sidebar_layout":"default_layout","footnotes":""},"categories":[1],"tags":[],"class_list":["post-50460","post","type-post","status-publish","format-standard","has-post-thumbnail","hentry","category-actualidad"],"_links":{"self":[{"href":"https:\/\/grupotiempodigital.com.ar\/index.php?rest_route=\/wp\/v2\/posts\/50460","targetHints":{"allow":["GET"]}}],"collection":[{"href":"https:\/\/grupotiempodigital.com.ar\/index.php?rest_route=\/wp\/v2\/posts"}],"about":[{"href":"https:\/\/grupotiempodigital.com.ar\/index.php?rest_route=\/wp\/v2\/types\/post"}],"author":[{"embeddable":true,"href":"https:\/\/grupotiempodigital.com.ar\/index.php?rest_route=\/wp\/v2\/users\/3"}],"replies":[{"embeddable":true,"href":"https:\/\/grupotiempodigital.com.ar\/index.php?rest_route=%2Fwp%2Fv2%2Fcomments&post=50460"}],"version-history":[{"count":1,"href":"https:\/\/grupotiempodigital.com.ar\/index.php?rest_route=\/wp\/v2\/posts\/50460\/revisions"}],"predecessor-version":[{"id":50461,"href":"https:\/\/grupotiempodigital.com.ar\/index.php?rest_route=\/wp\/v2\/posts\/50460\/revisions\/50461"}],"wp:featuredmedia":[{"embeddable":true,"href":"https:\/\/grupotiempodigital.com.ar\/index.php?rest_route=\/wp\/v2\/media\/47031"}],"wp:attachment":[{"href":"https:\/\/grupotiempodigital.com.ar\/index.php?rest_route=%2Fwp%2Fv2%2Fmedia&parent=50460"}],"wp:term":[{"taxonomy":"category","embeddable":true,"href":"https:\/\/grupotiempodigital.com.ar\/index.php?rest_route=%2Fwp%2Fv2%2Fcategories&post=50460"},{"taxonomy":"post_tag","embeddable":true,"href":"https:\/\/grupotiempodigital.com.ar\/index.php?rest_route=%2Fwp%2Fv2%2Ftags&post=50460"}],"curies":[{"name":"wp","href":"https:\/\/api.w.org\/{rel}","templated":true}]}}