{"id":50458,"date":"2025-09-16T08:27:46","date_gmt":"2025-09-16T11:27:46","guid":{"rendered":"https:\/\/grupotiempodigital.com.ar\/?p=50458"},"modified":"2025-09-16T08:27:46","modified_gmt":"2025-09-16T11:27:46","slug":"efemerides-del-16-de-septiembre-2","status":"publish","type":"post","link":"https:\/\/grupotiempodigital.com.ar\/?p=50458","title":{"rendered":"Efem\u00e9rides del 16 de septiembre"},"content":{"rendered":"\n<ul class=\"wp-block-list\">\n<li><strong>2022 &#8211; D\u00cdA DE LA JUVENTUD. Se celebra el D\u00eda Nacional de la Juventud en memoria de los estudiantes torturados y desaparecidos en la llamada \u201cNoche de los l\u00e1pices\u201d, durante la \u00faltima dictadura militar.<\/strong><\/li>\n\n\n\n<li><strong>1916 &#8211; AUTOSERVICIO. El comerciante estadounidense Clarence Saunders abre en la ciudad de Memphis la tienda Piggly Wiggly, la primera en el mundo en la que los clientes recog\u00edan los productos que iban a comprar. Fue el origen de los actuales autoservicios y supermercados.<\/strong><\/li>\n\n\n\n<li><strong>1925 &#8211; B.B. KING. Nace en la ciudad de Itta Bena (Misisipi, EEUU) el cantante, compositor y guitarrista estadounidense B.B. King (Riley Ben King), considerado uno de los m\u00fasicos de blues m\u00e1s influyentes de todos los tiempos. Gan\u00f3 quince premios Grammy, entre ellos el de 1971 por \u201cThe thrill is gone\u201d, una de las canciones ic\u00f3nicas del blues.<\/strong><\/li>\n\n\n\n<li><strong>1945 &#8211; TANGUITO. Nace en la ciudad bonaerense de Caseros el m\u00fasico y cantautor Jos\u00e9 Alberto Iglesias, popularmente conocido como \u00abTanguito\u00bb, figura clave de los inicios del rock nacional y coautor con Lito Nebia de \u201cLa balsa\u201d, uno de sus temas emblema. El filme Tango Feroz (1993, dirigido por Marcelo Pi\u00f1eyro), relata su vida.<\/strong><\/li>\n\n\n\n<li><strong>1955 &#8211; GOLPE DE ESTADO. El general Eduardo Lonardi encabeza el golpe de estado que derroc\u00f3 al gobierno constitucional del general Juan Domingo Per\u00f3n e instaur\u00f3 una dictadura c\u00edvico militar que tom\u00f3 el nombre de \u201cRevoluci\u00f3n Libertadora\u201d.<\/strong><\/li>\n\n\n\n<li><strong>1956 &#8211; DAVID COPPERFIELD. Nace en el pueblo de Metuchen (Nueva Jersey, EEUU) el ilusionista estadounidense David Copperfield (David Seth Kotkin), considerado uno de los mejores en su especialidad y un pionero en la magia moderna.<\/strong><\/li>\n\n\n\n<li><strong>1965 &#8211; CRIS MIR\u00d3. Nace en Buenos Aires la actriz y bailarina Cris Mir\u00f3, la primera mujer transg\u00e9nero en alcanzar notoriedad medi\u00e1tica en la Argentina al popularizar el trasvestismo en teatros de revista porte\u00f1os.<\/strong><\/li>\n\n\n\n<li><strong>1973 &#8211; HURAC\u00c1N CAMPE\u00d3N. Con C\u00e9sar Menotti en la direcci\u00f3n t\u00e9cnica, Hurac\u00e1n obtiene su primer campeonato de Primera Divisi\u00f3n al conquistar el Torneo Metropolitano 1973 dos jornadas antes de su finalizaci\u00f3n. En el equipo se destacaban Miguel Brindisi, Ren\u00e9 Houseman y Carlos Babington. El \u201cGlobo\u201d gan\u00f3 el t\u00edtulo pese a perder por 2-1 ante Gimnasia y Esgrima La Plata, ya que tambi\u00e9n perdi\u00f3 Boca Juniors, su escolta.<\/strong><\/li>\n\n\n\n<li><strong>1973 &#8211; V\u00cdCTOR JARA. Luego de ser sometido a torturas, el m\u00fasico y cantautor chileno Victor Jara es asesinado a la edad de 40 a\u00f1os en el antiguo Estadio Chile de la capital chilena a manos de militares a d\u00edas de comenzar la dictadura del general Augusto Pinochet, quien encabez\u00f3 el golpe de estado del 11 de septiembre de 1973.<\/strong><\/li>\n\n\n\n<li><strong>1976 &#8211; NOCHE DE LOS L\u00c1PICES. \u201cGrupos de tareas\u201d de la dictadura militar secuestran en la ciudad de La Plata a seis adolescentes que reclamaban por el \u201cboleto estudiantil\u201d. Fue el comienzo de la llamada \u201cNoche de los l\u00e1pices\u201d, que continu\u00f3 con el secuestro de otros cuatro adolescentes. Fueron torturados y seis de ellos asesinados en dependencias policiales.<\/strong><\/li>\n\n\n\n<li><strong>1984 &#8211; DIEGO MARADONA. Con la camiseta del Napoli debuta en la liga italiana de Primera Divisi\u00f3n el astro argentino Diego Armando Maradona, en partido que su equipo perdi\u00f3 por 3-1 en su visita al Hellas Verona. \u00abQuiero convertirme en el \u00eddolo de los pibes pobres de N\u00e1poles, porque son como era yo cuando viv\u00eda en Buenos Aires\u00bb, declar\u00f3 el jugador, por entonces de 23 a\u00f1os.<\/strong><\/li>\n<\/ul>\n","protected":false},"excerpt":{"rendered":"","protected":false},"author":3,"featured_media":47067,"comment_status":"open","ping_status":"open","sticky":false,"template":"","format":"standard","meta":{"colormag_page_container_layout":"default_layout","colormag_page_sidebar_layout":"default_layout","footnotes":""},"categories":[1],"tags":[],"class_list":["post-50458","post","type-post","status-publish","format-standard","has-post-thumbnail","hentry","category-actualidad"],"_links":{"self":[{"href":"https:\/\/grupotiempodigital.com.ar\/index.php?rest_route=\/wp\/v2\/posts\/50458","targetHints":{"allow":["GET"]}}],"collection":[{"href":"https:\/\/grupotiempodigital.com.ar\/index.php?rest_route=\/wp\/v2\/posts"}],"about":[{"href":"https:\/\/grupotiempodigital.com.ar\/index.php?rest_route=\/wp\/v2\/types\/post"}],"author":[{"embeddable":true,"href":"https:\/\/grupotiempodigital.com.ar\/index.php?rest_route=\/wp\/v2\/users\/3"}],"replies":[{"embeddable":true,"href":"https:\/\/grupotiempodigital.com.ar\/index.php?rest_route=%2Fwp%2Fv2%2Fcomments&post=50458"}],"version-history":[{"count":1,"href":"https:\/\/grupotiempodigital.com.ar\/index.php?rest_route=\/wp\/v2\/posts\/50458\/revisions"}],"predecessor-version":[{"id":50459,"href":"https:\/\/grupotiempodigital.com.ar\/index.php?rest_route=\/wp\/v2\/posts\/50458\/revisions\/50459"}],"wp:featuredmedia":[{"embeddable":true,"href":"https:\/\/grupotiempodigital.com.ar\/index.php?rest_route=\/wp\/v2\/media\/47067"}],"wp:attachment":[{"href":"https:\/\/grupotiempodigital.com.ar\/index.php?rest_route=%2Fwp%2Fv2%2Fmedia&parent=50458"}],"wp:term":[{"taxonomy":"category","embeddable":true,"href":"https:\/\/grupotiempodigital.com.ar\/index.php?rest_route=%2Fwp%2Fv2%2Fcategories&post=50458"},{"taxonomy":"post_tag","embeddable":true,"href":"https:\/\/grupotiempodigital.com.ar\/index.php?rest_route=%2Fwp%2Fv2%2Ftags&post=50458"}],"curies":[{"name":"wp","href":"https:\/\/api.w.org\/{rel}","templated":true}]}}