{"id":50448,"date":"2025-09-15T11:54:48","date_gmt":"2025-09-15T14:54:48","guid":{"rendered":"https:\/\/grupotiempodigital.com.ar\/?p=50448"},"modified":"2025-09-15T11:54:49","modified_gmt":"2025-09-15T14:54:49","slug":"sad-gral-paz-informa-inscripcion-para-docentes","status":"publish","type":"post","link":"https:\/\/grupotiempodigital.com.ar\/?p=50448","title":{"rendered":"SAD Gral. Paz Informa: Inscripci\u00f3n para docentes"},"content":{"rendered":"\n<p>Secretaria de Asuntos Docentes de General Paz informa que se encuentra abierta la inscripci\u00f3n para EMERGENCIA: IMAGEN Y NUEVOS MEDIOS seg\u00fan Disposici\u00f3n 76\/17<\/p>\n\n\n\n<p>Los aspirantes deber\u00e1n presentar<\/p>\n\n\n\n<p>\u25cf Declaraci\u00f3n Jurada de Inscripci\u00f3n se encuentra disponible en la p\u00e1gina oficial del&nbsp;<a href=\"https:\/\/abc.gob.ar\/sad\/\/general-paz\/inicio\">https:\/\/abc.gob.ar\/sad\/\/general-paz\/inicio<\/a><\/p>\n\n\n\n<p>\u25cf DNI<\/p>\n\n\n\n<p>\u25cf T\u00edtulo registrado o constancia de alumno regular.<\/p>\n\n\n\n<p>\u25cf Constancia de desempe\u00f1o (formulario 354)<\/p>\n\n\n\n<p>La inscripci\u00f3n se realiza a trav\u00e9s del correo&nbsp;<a href=\"mailto:sad041listados@abc.gob.ar\">sad041listados@abc.gob.ar<\/a>&nbsp;en horario de 08:00 a 16:00hs. No se reciben<\/p>\n\n\n\n<p>inscripciones fuera de t\u00e9rmino.<\/p>\n\n\n\n<p>Inscripci\u00f3n: 19, 22 y 23 de septiembre 2025<\/p>\n\n\n\n<p>A partir de 24\/9\/2025 Evaluaci\u00f3n.<\/p>\n\n\n\n<p><strong>Importante:&nbsp;<\/strong>Enviar la inscripci\u00f3n en formato PDF en un solo archivo, legible, con todas las probanzas escaneadas.<\/p>\n\n\n\n<p><\/p>\n","protected":false},"excerpt":{"rendered":"<p>Secretaria de Asuntos Docentes de General Paz informa que se encuentra abierta la inscripci\u00f3n para EMERGENCIA: IMAGEN Y NUEVOS MEDIOS<\/p>\n","protected":false},"author":3,"featured_media":46988,"comment_status":"open","ping_status":"open","sticky":false,"template":"","format":"standard","meta":{"colormag_page_container_layout":"default_layout","colormag_page_sidebar_layout":"default_layout","footnotes":""},"categories":[1],"tags":[],"class_list":["post-50448","post","type-post","status-publish","format-standard","has-post-thumbnail","hentry","category-actualidad"],"_links":{"self":[{"href":"https:\/\/grupotiempodigital.com.ar\/index.php?rest_route=\/wp\/v2\/posts\/50448","targetHints":{"allow":["GET"]}}],"collection":[{"href":"https:\/\/grupotiempodigital.com.ar\/index.php?rest_route=\/wp\/v2\/posts"}],"about":[{"href":"https:\/\/grupotiempodigital.com.ar\/index.php?rest_route=\/wp\/v2\/types\/post"}],"author":[{"embeddable":true,"href":"https:\/\/grupotiempodigital.com.ar\/index.php?rest_route=\/wp\/v2\/users\/3"}],"replies":[{"embeddable":true,"href":"https:\/\/grupotiempodigital.com.ar\/index.php?rest_route=%2Fwp%2Fv2%2Fcomments&post=50448"}],"version-history":[{"count":1,"href":"https:\/\/grupotiempodigital.com.ar\/index.php?rest_route=\/wp\/v2\/posts\/50448\/revisions"}],"predecessor-version":[{"id":50449,"href":"https:\/\/grupotiempodigital.com.ar\/index.php?rest_route=\/wp\/v2\/posts\/50448\/revisions\/50449"}],"wp:featuredmedia":[{"embeddable":true,"href":"https:\/\/grupotiempodigital.com.ar\/index.php?rest_route=\/wp\/v2\/media\/46988"}],"wp:attachment":[{"href":"https:\/\/grupotiempodigital.com.ar\/index.php?rest_route=%2Fwp%2Fv2%2Fmedia&parent=50448"}],"wp:term":[{"taxonomy":"category","embeddable":true,"href":"https:\/\/grupotiempodigital.com.ar\/index.php?rest_route=%2Fwp%2Fv2%2Fcategories&post=50448"},{"taxonomy":"post_tag","embeddable":true,"href":"https:\/\/grupotiempodigital.com.ar\/index.php?rest_route=%2Fwp%2Fv2%2Ftags&post=50448"}],"curies":[{"name":"wp","href":"https:\/\/api.w.org\/{rel}","templated":true}]}}