{"id":50444,"date":"2025-09-15T11:02:17","date_gmt":"2025-09-15T14:02:17","guid":{"rendered":"https:\/\/grupotiempodigital.com.ar\/?p=50444"},"modified":"2025-09-15T11:02:17","modified_gmt":"2025-09-15T14:02:17","slug":"calendario-de-eventos-turisticos-en-la-provincia-de-buenos-aires-del-jueves-18-al-jueves-25-de-septiembre-de-2025","status":"publish","type":"post","link":"https:\/\/grupotiempodigital.com.ar\/?p=50444","title":{"rendered":"CALENDARIO DE EVENTOS TUR\u00cdSTICOS EN LA PROVINCIA DE BUENOS AIRES DEL JUEVES 18 AL JUEVES 25 DE SEPTIEMBRE DE 2025"},"content":{"rendered":"\n<p>Lleg\u00f3 la primavera, la estaci\u00f3n m\u00e1s esperada del a\u00f1o, y los municipios bonaerenses lo festejar\u00e1n con propuestas culturales, gastron\u00f3micas y productivas. Monte Hermoso, realizar\u00e1 la 31\u00b0Fiesta Nacional de la Primavera; Moreno, la 14\u00b0 Fiesta del Plant\u00edn Floral; Berisso, la 48\u00b0 Fiesta Provincial del Inmigrante; San Andr\u00e9s de Giles, la 8\u00ba Fiesta de la Galleta de Campo en Horno a Le\u00f1a en el Pueblo Tur\u00edstico&nbsp; Azcu\u00e9naga; Maip\u00fa, el Carnaval de Primavera; Pellegrini, Flor de Festival y General Las Heras, la 1\u00b0Fiesta Nacional del Rodantero en Villars.<\/p>\n\n\n\n<p><strong>FIESTAS POPULARES<\/strong><\/p>\n\n\n\n<p><strong>MONTE HERMOSO<\/strong><\/p>\n\n\n\n<p><strong>31\u00b0Fiesta Nacional de la Primavera<\/strong><\/p>\n\n\n\n<p><strong>ENTRADA GRATUITA<\/strong><\/p>\n\n\n\n<p>Fecha, hora y lugar: Del viernes 19 al domingo 21, desde el mediod\u00eda, en la Plaza Parque General San Mart\u00edn.<br \/>Descripci\u00f3n: Tres d\u00edas para disfrutar de patio gastron\u00f3mico, m\u00fasica en vivo, DJs y actividades para toda la familia. El&nbsp; s\u00e1bado 20, estar\u00e1 presente el rock nacional con Luceros, y El Ojo Dalt\u00f3nico. El domingo 21, sobre el escenario estar\u00e1 El Zar, una de las bandas revelaci\u00f3n del indie argentino. Entrada gratuita. Organiza la Municipalidad de Monte Hermoso con la participaci\u00f3n de la Subsecretar\u00eda de Turismo del Ministerio de Producci\u00f3n, Ciencia e Innovaci\u00f3n Tecnol\u00f3gica del Gobierno de la Provincia de Buenos Aires, a trav\u00e9s del programa RECREO.<br \/>M\u00e1s informaci\u00f3n:<a rel=\"noreferrer noopener\" target=\"_blank\" href=\"https:\/\/montehermoso.gov.ar\/sitio\/eventos\/31primaveras\/\"> https:\/\/montehermoso.gov.ar\/sitio\/eventos\/31primaveras\/<\/a><\/p>\n\n\n\n<p><strong>MORENO<\/strong><\/p>\n\n\n\n<p><strong>14\u00ba Fiesta del Plant\u00edn Floral<\/strong><\/p>\n\n\n\n<p><strong>ENTRADA GRATUITA<\/strong><\/p>\n\n\n\n<p>Fecha, hora y lugar: Del viernes 19 al domingo 21, de 10:00 a 20:00, en la plaza Dr. Buj\u00e1n<\/p>\n\n\n\n<p>Descripci\u00f3n: Gran feria de las y los floricultores de Moreno.&nbsp; Habr\u00e1 exposici\u00f3n y venta de plantas y flores de producci\u00f3n local, charlas, talleres, feria, sorteos y shows en vivo.&nbsp; Moreno es la Capital Provincial del Plant\u00edn Floral. Entrada gratuita. Organiza la Municipalidad de Moreno con la participaci\u00f3n de la Subsecretar\u00eda de Turismo del Ministerio de Producci\u00f3n, Ciencia e Innovaci\u00f3n Tecnol\u00f3gica del Gobierno de la Provincia de Buenos Aires, a trav\u00e9s del programa RECREO.<\/p>\n\n\n\n<p>M\u00e1s informaci\u00f3n:<a rel=\"noreferrer noopener\" target=\"_blank\" href=\"http:\/\/www.instagram.com\/imdel_moreno\/\"> www.instagram.com\/imdel_moreno\/<\/a> &#8211; <a rel=\"noreferrer noopener\" target=\"_blank\" href=\"http:\/\/www.facebook.com\/MORENO.IMDEL\">www.facebook.com\/MORENO.IMDEL<\/a><\/p>\n\n\n\n<p><strong>BERISSO<\/strong><\/p>\n\n\n\n<p><strong>48\u00ba Fiesta Provincial del Inmigrante<\/strong><\/p>\n\n\n\n<p><strong>ENTRADA GRATUITA<\/strong><\/p>\n\n\n\n<p>Fecha, hora y lugar: S\u00e1bado 20 y domingo 21, desde el mediod\u00eda, en diferentes espacios f\u00edsicos de Berisso.<br \/>Descripci\u00f3n: S\u00e1bado, t\u00e9 de representantes infantiles (Colectividad Ucraniana Prosvita);&nbsp; domingo 21, a las 15:00 se har\u00e1 desembarco Simb\u00f3lico con la tradicional recreaci\u00f3n hist\u00f3rica de la llegada de los inmigrantes, en la explanada del Puerto La Plata,. Desde el mediod\u00eda estar\u00e1 el patio gastron\u00f3mico. Entrada gratuita. La fiesta continuar\u00e1 el s\u00e1bado 27 y el domingo 28 de septiembre; y los d\u00edas 3, 4, 5, 10, 11 y 12 de octubre finalizando el domingo 12 con el desfile de clausura. Organiza la Municipalidad de Berisso, la Asociaci\u00f3n de Entidades Extranjeras local, con el apoyo de la Subsecretar\u00eda de Turismo del Ministerio de Producci\u00f3n, Ciencia e Innovaci\u00f3n Tecnol\u00f3gica del Gobierno de la Provincia de Buenos Aires.<br \/>M\u00e1s informaci\u00f3n:<a rel=\"noreferrer noopener\" target=\"_blank\" href=\"http:\/\/www.instagram.com\/municipiodeberisso\/\"> www.instagram.com\/municipiodeberisso\/<\/a> &#8211;<a rel=\"noreferrer noopener\" target=\"_blank\" href=\"http:\/\/www.facebook.com\/municipiodeberisso\"> www.facebook.com\/municipiodeberisso<\/a> &#8211;<a rel=\"noreferrer noopener\" target=\"_blank\" href=\"http:\/\/www.instagram.com\/fiestaprovincialdelinmigrante\/\"> www.instagram.com\/fiestaprovincialdelinmigrante\/<\/a> &#8211; <a rel=\"noreferrer noopener\" target=\"_blank\" href=\"http:\/\/www.facebook.com\/AEEBerisso\">www.facebook.com\/AEEBerisso<\/a><\/p>\n\n\n\n<p><strong>CHIVILCOY (Moqueh\u00faa)<\/strong><\/p>\n\n\n\n<p><strong>4\u00ba Fiesta del Asado Criollo<\/strong><\/p>\n\n\n\n<p><strong>ENTRADA GRATUITA<\/strong><\/p>\n\n\n\n<p>Fecha, hora y lugar: S\u00e1bado 20, a las 18:00; y domingo 21, desde las 13:00, en el predio del ex ferrocarril de la localidad de Moqueh\u00faa.<\/p>\n\n\n\n<p>Descripci\u00f3n: El s\u00e1bado ser\u00e1 una noche a puro ritmo con artistas en vivo y el gran cierre del DJ Toto Cajales. El domingo a partir de las 13:00, se presentar\u00e1n espect\u00e1culos para toda la familia, pe\u00f1as, folklore y un show final con El Inicio. Adem\u00e1s, habr\u00e1 concurso de asadores, feria de artesanos y emprendedores, desfile criollo, y muchas sorpresas m\u00e1s. Entrada gratuita.Organiza el Club Social y Deportivo, el Club Renovaci\u00f3n con el acompa\u00f1amiento de la Municipalidad de Chivilcoy.<\/p>\n\n\n\n<p>M\u00e1s informaci\u00f3n:<a rel=\"noreferrer noopener\" target=\"_blank\" href=\"http:\/\/www.instagram.com\/fiestadelasado.moquehua\"> www.instagram.com\/fiestadelasado.moquehua<\/a><\/p>\n\n\n\n<p><strong>BARADERO<\/strong><\/p>\n\n\n\n<p><strong>3\u00ba Fiesta Regional de la Vaquillona con Cuero y el Chimichurri<\/strong><\/p>\n\n\n\n<p>Fecha, hora y lugar: Domingo 21, de 09:00 a 19:00, en el Centro Tradicionalista El Resero (San Lorenzo y Mitre).<\/p>\n\n\n\n<p>Descripci\u00f3n: M\u00fasica en vivo con la presentaci\u00f3n del Ballet Coraz\u00f3n Argentino, El Le\u00f3n Talense, el Grupo de Baile Folkloreando, Estampa Litorale\u00f1a, Latidos de Mi Tierra \u2013 Danzas folkl\u00f3ricas, Los Porte\u00f1itos-Due\u00f1os de la Diversi\u00f3n, Facu Larrieta. Adem\u00e1s, concurso de baile, canto y sapucay, paseo de artesanos, parque infantil, patio de mates, y sorteos con la entrada.&nbsp; Entrada $4.000, menores de 10, gratis, Estacionamiento (opcional) $3.000. Organiza el Centro Tradicionalista El Resero con el acompa\u00f1amiento de la Municipalidad de Baradero.<\/p>\n\n\n\n<p>M\u00e1s informaci\u00f3n:<a rel=\"noreferrer noopener\" target=\"_blank\" href=\"http:\/\/www.instagram.com\/fiestadelavaquillonaconcuero\/\"> www.instagram.com\/fiestadelavaquillonaconcuero\/<\/a> &#8211; <a rel=\"noreferrer noopener\" target=\"_blank\" href=\"http:\/\/www.facebook.com\/ELRESEROBARADERO\">www.facebook.com\/ELRESEROBARADERO<\/a>&nbsp;<\/p>\n\n\n\n<p><strong>B<\/strong><strong>RANDSEN (Oliden)<\/strong><\/p>\n\n\n\n<p><strong>8\u00ba Fiesta de la Galleta de Campo<\/strong><\/p>\n\n\n\n<p><strong>ENTRADA GRATUITA<\/strong><\/p>\n\n\n\n<p>Fecha, hora y lugar: Domingo 21, a las 12:00, en el predio de la Estaci\u00f3n Oliden (Ruta 36 Km 77).<\/p>\n\n\n\n<p>Descripci\u00f3n: Venta de galleta de campo local, patio gastron\u00f3mico, feria de artesan\u00edas y n\u00fameros art\u00edsticos en vivo, entre otras propuestas. Entrada gratuita. Organiza la Delegaci\u00f3n Municipal de Oliden y la Municipalidad de Brandsen con la participaci\u00f3n de la Subsecretar\u00eda de Turismo del Ministerio de Producci\u00f3n, Ciencia e Innovaci\u00f3n Tecnol\u00f3gica del Gobierno de la Provincia de Buenos Aires, a trav\u00e9s del programa RECREO.<\/p>\n\n\n\n<p>M\u00e1s informaci\u00f3n:<a rel=\"noreferrer noopener\" target=\"_blank\" href=\"http:\/\/www.instagram.com\/turismo_brandsen_\/\"> www.instagram.com\/turismo_brandsen_\/<\/a> &#8211; <a rel=\"noreferrer noopener\" target=\"_blank\" href=\"http:\/\/www.facebook.com\/profile.php?id=100069348903649\">www.facebook.com\/profile.php?id=100069348903649<\/a><\/p>\n\n\n\n<p><strong>PUAN (17 de agosto)<\/strong><\/p>\n\n\n\n<p><strong>14\u00b0 Fiesta de la Agricultura Familiar \u00abHomenaje a la Mujer Rural\u00bb<\/strong><\/p>\n\n\n\n<p>Fecha, hora y lugar: Domingo 21, a las 09:00, en instalaciones del CEPT n\u00b030<\/p>\n\n\n\n<p>Descripci\u00f3n: Patio de comida, espect\u00e1culos, feria de artesanos y productores, stands demostrativos y recreativos, charlas, talleres y paneles de debate y espect\u00e1culos de m\u00fasica y danza. Organiza la escuela CEPT N\u00b0 30 de la localidad con el acompa\u00f1amiento del Municipio de Puan.<\/p>\n\n\n\n<p>M\u00e1s informaci\u00f3n: <a rel=\"noreferrer noopener\" target=\"_blank\" href=\"http:\/\/www.instagram.com\/turismopuan\/\">www.instagram.com\/turismopuan\/<\/a> &#8211; <a rel=\"noreferrer noopener\" target=\"_blank\" href=\"http:\/\/www.facebook.com\/TurismoPuan\">www.facebook.com\/TurismoPuan<\/a>&nbsp;<\/p>\n\n\n\n<p><strong>SAN ANDR\u00c9S DE GILES (Pueblo Tur\u00edstico-Azcu\u00e9naga)<\/strong><\/p>\n\n\n\n<p><strong>8\u00ba Fiesta de la Galleta de Campo en Horno a Le\u00f1a en Azcu\u00e9naga<\/strong><\/p>\n\n\n\n<p><strong>ENTRADA GRATUITA<\/strong><\/p>\n\n\n\n<p>Fecha, hora y lugar: Domingo 21, a partir de las 11:00, en el Predio de la Estaci\u00f3n de Ferrocarril de Azcu\u00e9naga.<\/p>\n\n\n\n<p>Descripci\u00f3n: Exposici\u00f3n y venta de galleta de campo hecha en horno a le\u00f1a, paseo de artesanos, patio de comidas, stands de feriantes, shows art\u00edsticos en vivo y muestra fotogr\u00e1fica.Azcu\u00e9naga forma parte del programa Pueblos Tur\u00edsticos de la provincia de Buenos Aires. Entrada gratuita. Organiza el Club Recreativo Apolo y Panader\u00eda La Moderna, con la adhesi\u00f3n de la Municipalidad de San Andr\u00e9s De Giles.&nbsp;<\/p>\n\n\n\n<p>M\u00e1s informaci\u00f3n:<a rel=\"noreferrer noopener\" target=\"_blank\" href=\"http:\/\/www.instagram.com\/municipiosag\/\"> www.instagram.com\/municipiosag\/<\/a> &#8211; <a rel=\"noreferrer noopener\" target=\"_blank\" href=\"http:\/\/www.facebook.com\/MunicipioSAG\">www.facebook.com\/MunicipioSAG<\/a><\/p>\n\n\n\n<p><strong>VEINTICINCO DE MAYO (Veinticinco de Mayo)<\/strong><\/p>\n\n\n\n<p><strong>Fiesta del Puchero<\/strong><\/p>\n\n\n\n<p><strong>ENTRADA GRATUITA<\/strong><\/p>\n\n\n\n<p>Fecha, hora y lugar: Domingo 21, desde las 10:00, en el Club de Pesca (Laguna Mulitas).<\/p>\n\n\n\n<p>Descripci\u00f3n: Espect\u00e1culos en vivo, Concurso del Mejor Puchero, y la chacarera m\u00e1s grande del mundo. Ser\u00e1 un d\u00eda \u00fanico, con sabor, tradici\u00f3n y fiesta popular. Entrada gratuita. Organiza la Municipalidad de 25 de Mayo.<\/p>\n\n\n\n<p>M\u00e1s informaci\u00f3n: <a rel=\"noreferrer noopener\" target=\"_blank\" href=\"http:\/\/www.instagram.com\/turismo.25demayo\/\">www.instagram.com\/turismo.25demayo\/<\/a> &#8211; <a rel=\"noreferrer noopener\" target=\"_blank\" href=\"http:\/\/www.facebook.com\/turismo25deMayo\">www.facebook.com\/turismo25deMayo<\/a>&nbsp;<\/p>\n\n\n\n<p><strong>CORONEL PRINGLES (Coronel Pringles)<\/strong><\/p>\n\n\n\n<p><strong>143\u00ba Aniversario de Coronel Pringles<\/strong><\/p>\n\n\n\n<p><strong>ENTRADA GRATUITA<\/strong><\/p>\n\n\n\n<p>Fecha, hora y lugar: Mi\u00e9rcoles 24 a las 11:00 en la explanada municipal y s\u00e1bado 27 a partir del mediod\u00eda en el Balneario Municipal.<\/p>\n\n\n\n<p>Descripci\u00f3n: El mi\u00e9rcoles se har\u00e1 el acto protocolar. En caso de mal tiempo se realizar\u00e1 en la Casa del Bicentenario. El s\u00e1bado habr\u00e1 desfile de instituciones, shows musicales, pe\u00f1as, emprendedores y patio de comidas. El espect\u00e1culo ser\u00e1n Los Totora. Actividad gratuita.Organiza la Municipalidad de Coronel Pringles.<\/p>\n\n\n\n<p>M\u00e1s informaci\u00f3n: <a rel=\"noreferrer noopener\" target=\"_blank\" href=\"http:\/\/www.instagram.com\/municipiocoronelpringles\/\">www.instagram.com\/municipiocoronelpringles\/<\/a> &#8211;<\/p>\n\n\n\n<p><a rel=\"noreferrer noopener\" target=\"_blank\" href=\"http:\/\/www.coronelpringles.gov.ar\/?q=content\/pringles-ya-se-prepara-para-celebrar-su-143o-aniversario\">www.coronelpringles.gov.ar\/?q=content\/pringles-ya-se-prepara-para-celebrar-su-143o-aniversario<\/a><\/p>\n\n\n\n<p><strong>EVENTOS GASTRON\u00d3MICOS<\/strong><\/p>\n\n\n\n<p><strong>CHASCOM\u00daS<\/strong><\/p>\n\n\n\n<p><strong>Vino en Casa<\/strong><\/p>\n\n\n\n<p>Fecha, hora y lugar: S\u00e1bado 20, de 19:00 a 24:00, en Casa de Casco.<\/p>\n\n\n\n<p>Descripci\u00f3n: Feria de vinos, m\u00fasica y tapeo en la Casa de Casco. Degustaci\u00f3n de una selecci\u00f3n especial de vinos, sabores de la gastronom\u00eda local y un set musical en vivo de los DJs de Kambass Music. Organiza la Municipalidad de Chascom\u00fas, Lo de Toribio, La Cata, La Posta de las Brujas, La Bodeguita, Casa Laurel, Chancho Aurelio.<\/p>\n\n\n\n<p>M\u00e1s informaci\u00f3n:<a rel=\"noreferrer noopener\" target=\"_blank\" href=\"http:\/\/www.instagram.com\/culturaabiertachascomus\/\"> www.instagram.com\/culturaabiertachascomus\/<\/a> &#8211; <a rel=\"noreferrer noopener\" target=\"_blank\" href=\"http:\/\/www.facebook.com\/chascomusculturaabierta\">www.facebook.com\/chascomusculturaabierta<\/a>&nbsp;<\/p>\n\n\n\n<p><strong>EVENTOS CULTURALES<\/strong><\/p>\n\n\n\n<p><strong>LA COSTA (Santa Teresita)<\/strong><\/p>\n\n\n\n<p><strong>Festival Primavera Start Music<\/strong><\/p>\n\n\n\n<p><strong>ENTRADA GRATUITA<\/strong><\/p>\n\n\n\n<p>Fecha, hora y lugar: Viernes 19, de 16 a 21:30, en la Carabela de Santa Teresita.<\/p>\n\n\n\n<p>Descripci\u00f3n: Bandas emergentes, DJs, streamers y artistas locales, en un espacio pensado para todas las edades. Adem\u00e1s, habr\u00e1 food trucks, ferias y stands, cosplay y pintura en vivo. Entrada gratuita. Organiza Star Music Producciones con el acompa\u00f1amiento de la Municipalidad del Partido de La Costa.<\/p>\n\n\n\n<p>M\u00e1s informaci\u00f3n:<a rel=\"noreferrer noopener\" target=\"_blank\" href=\"http:\/\/www.instagram.com\/turismolacosta\">www.instagram.com\/turismolacosta<\/a> &#8211; <a rel=\"noreferrer noopener\" target=\"_blank\" href=\"http:\/\/www.facebook.com\/turismolacostaoficial\">www.facebook.com\/turismolacostaoficial<\/a><\/p>\n\n\n\n<p><strong>SAN PEDRO<\/strong><strong><br \/><\/strong><strong>11\u00b0 Encuentro Fan\u00e1ticos del Jeep IKA<\/strong><strong><br \/><\/strong>Fecha, hora y lugar: Viernes 19, a las 17:30; s\u00e1bado 20, a las 10:00; y domingo 21, a las 11:30, en el Paseo P\u00fablico Municipal y otros espacios de San Pedro.<br \/>Descripci\u00f3n: Viernes, recepci\u00f3n en el Palacio Municipal. A las 19:30, traves\u00eda nocturna por diferentes puntos emblem\u00e1ticos de la Ciudad. S\u00e1bado, jornada en el Paseo P\u00fablico con exhibici\u00f3n de jeeps, y el stand de reconocidas marcas. Almuerzo de camarader\u00eda, traves\u00eda 4&#215;2 y 4&#215;4; por la noche, asado de camarader\u00eda en el Tiro Federal. Domingo, desayuno en el Paseo P\u00fablico, traves\u00eda hacia el Pueblo Tur\u00edstico Vuelta de Obligado, almuerzo y reuni\u00f3n de despedida.Vuelta de Obligado forma parte del programa Pueblos Tur\u00edsticos de la provincia de Buenos Aires. Organiza Fan\u00e1ticos del Jeep IKA con el acompa\u00f1amiento de la Municipalidad de San Pedro.<br \/>M\u00e1s informaci\u00f3n:<a rel=\"noreferrer noopener\" target=\"_blank\" href=\"http:\/\/www.instagram.com\/fanaticos_del_jeep_ika\/?hl=es\"> www.instagram.com\/fanaticos_del_jeep_ika\/?hl=es<\/a> &#8211;<a rel=\"noreferrer noopener\" target=\"_blank\" href=\"http:\/\/www.facebook.com\/profile.php?id=100088312030521\"> www.facebook.com\/profile.php?id=100088312030521<\/a> &#8211;<a rel=\"noreferrer noopener\" target=\"_blank\" href=\"https:\/\/www.instagram.com\/sec.cul.tur.edu.dep\"> www.instagram.com\/sec.cul.tur.edu.dep<\/a> &#8211; <a rel=\"noreferrer noopener\" target=\"_blank\" href=\"http:\/\/www.facebook.com\/sec.cul.tur.edu.dep\">www.facebook.com\/sec.cul.tur.edu.dep<\/a><\/p>\n\n\n\n<p><strong>MORENO<\/strong><\/p>\n\n\n\n<p><strong>21\u00b0 Encuentro de las Provincias y su Cultura<\/strong><\/p>\n\n\n\n<p><strong>ENTRADA GRATUITA<\/strong><\/p>\n\n\n\n<p>Fecha, hora y lugar: Viernes 19, a las 16:00; y s\u00e1bado 20, a las 14:00, en la Plaza Dr. Buj\u00e1n (Ruta Provincial N\u00b07. Km 35.5 &#8211; Paso del Rey).<\/p>\n\n\n\n<p>Descripci\u00f3n: M\u00fasica y danzas, comidas t\u00edpicas, artesan\u00edas y productos regionales, entre otras propuestas. Entrada gratuita. Organiza la Municipalidad de Moreno.<\/p>\n\n\n\n<p>M\u00e1s informaci\u00f3n: <a rel=\"noreferrer noopener\" target=\"_blank\" href=\"http:\/\/www.instagram.com\/culturaeducacionydeportemoreno\/\">www.instagram.com\/culturaeducacionydeportemoreno\/<\/a> &#8211; <a rel=\"noreferrer noopener\" target=\"_blank\" href=\"http:\/\/www.facebook.com\/educacionculturamoreno\">www.facebook.com\/educacionculturamoreno<\/a><\/p>\n\n\n\n<p><strong>ALBERTI<\/strong><\/p>\n\n\n\n<p><strong>Tarde de las Camelias<\/strong><\/p>\n\n\n\n<p>Fecha, hora y lugar: S\u00e1bado 20, a las 15:00, en la Casa Museo Hist\u00f3rico Provincial El Molino.<\/p>\n\n\n\n<p>Descripci\u00f3n: La tarde de las Camelias. Sabores, lectura y patrimonio.<\/p>\n\n\n\n<p>Merienda arancelada en el patio de la Casa Museo Hist\u00f3rico Provincial \u201cEl Molino\u201d. Opciones para las infancnias y adultos, variedad de infusiones y delicias para degustar, mientras se realiza la lectura de fragmentos de libros selecciones y correspondencia epistolar, entre otras propuestas. Reserva de tarjetas comunicarse al (2346) 362575. Organiza la Municipalidad de Alberti.<\/p>\n\n\n\n<p>M\u00e1s informaci\u00f3n:<a rel=\"noreferrer noopener\" target=\"_blank\" href=\"http:\/\/www.instagram.com\/albertiturismo\/\"> www.instagram.com\/albertiturismo\/<\/a> &#8211; <a rel=\"noreferrer noopener\" target=\"_blank\" href=\"http:\/\/www.facebook.com\/albertiturismo\">www.facebook.com\/albertiturismo<\/a><\/p>\n\n\n\n<p><strong>CHASCOM\u00daS<\/strong><\/p>\n\n\n\n<p><strong>7\u00ba Chascom\u00fas Classic y Antiguos<\/strong><\/p>\n\n\n\n<p><strong>ENTRADA GRATUITA<\/strong><\/p>\n\n\n\n<p>Fecha, hora y lugar: S\u00e1bado 20, de 10:00 a 18:00, en el Parque de la Esperanza.&nbsp;<\/p>\n\n\n\n<p>Descripci\u00f3n: Muestra de autos cl\u00e1sicos y antiguos frente a la laguna. Habr\u00e1 food trucks, m\u00fasica en vivo y sorteos.En caso de lluvia se posterga para el s\u00e1bado 27\/09. Entrada gratuita. A beneficio de la Cooperadora del Hospital Municipal de Chascom\u00fas. Entrada gratuita. Organiza el CAACMACH (Club de Autos Antiguos Cl\u00e1sicos, Motos y Antig\u00fcedades de Chascom\u00fas) con el acompa\u00f1amiento de la Municipalidad de Chascom\u00fas.<\/p>\n\n\n\n<p>M\u00e1s informaci\u00f3n: <a rel=\"noreferrer noopener\" target=\"_blank\" href=\"http:\/\/www.instagram.com\/caacmach\/\">www.instagram.com\/caacmach\/<\/a> &#8211; <a rel=\"noreferrer noopener\" target=\"_blank\" href=\"http:\/\/www.facebook.com\/Caacmach\/\">www.facebook.com\/Caacmach\/<\/a><\/p>\n\n\n\n<p><strong>MAIP\u00da<\/strong><\/p>\n\n\n\n<p><strong>Carnaval de Primavera<\/strong><\/p>\n\n\n\n<p>Fecha, hora y lugar: S\u00e1bado 20, a las 00:00, en el Club Jorge Newbery<\/p>\n\n\n\n<p>Descripci\u00f3n:Shows musicales y la presentaci\u00f3n de Ariel El Traidor y Los Pibes, DJ Tiziano, y El Tanque, entre otros. Una noche explosiva, con espuma, cumbia y calor de Maip\u00fa. Entrada arancelada. Organiza la Asociaci\u00f3n Civil Fiesta Nacional del Carnaval de la Amistad con el acompa\u00f1amiento de la Municipalidad de Maip\u00fa.<\/p>\n\n\n\n<p>M\u00e1s informaci\u00f3n:<a rel=\"noreferrer noopener\" target=\"_blank\" href=\"http:\/\/www.instagram.com\/carnavaldemaipu\/\"> www.instagram.com\/carnavaldemaipu\/<\/a> &#8211;&nbsp; <a rel=\"noreferrer noopener\" target=\"_blank\" href=\"http:\/\/www.facebook.com\/CarnavaldeMaipu\/?locale=es_LA\">www.facebook.com\/CarnavaldeMaipu\/?locale=es_LA<\/a>&nbsp;<\/p>\n\n\n\n<p><strong>PELLEGRINI<\/strong><\/p>\n\n\n\n<p><strong>Flor de Festival<\/strong><\/p>\n\n\n\n<p><strong>ENTRADA GRATUITA<\/strong><\/p>\n\n\n\n<p>Fecha, hora y lugar: S\u00e1bado 20, desde las 18:00, Anfiteatro Roberto Etchegaray.<\/p>\n\n\n\n<p>Descripci\u00f3n: Bandas en vivo y DJ locales. Con la presentaci\u00f3n especial, desde Santa Rosa, del grupo Tr\u00e9boles, y gran cierre con Agapornis. Adem\u00e1s, clases de baile, juegos, sorteos, y feria de emprendedores. Entrada gratuita. Organiza la Municipalidad de Pellegrini.<\/p>\n\n\n\n<p>M\u00e1s informaci\u00f3n:<a rel=\"noreferrer noopener\" target=\"_blank\" href=\"http:\/\/www.instagram.com\/municipio_de_pellegrini\/\"> www.instagram.com\/municipio_de_pellegrini\/<\/a> &#8211; <a rel=\"noreferrer noopener\" target=\"_blank\" href=\"http:\/\/www.facebook.com\/municipiodepellegrini\">www.facebook.com\/municipiodepellegrini<\/a><\/p>\n\n\n\n<p><strong>TRENQUE LAUQUEN<\/strong><\/p>\n\n\n\n<p><strong>Fiesta de la Primavera<\/strong><\/p>\n\n\n\n<p><strong>ENTRADA GRATUITA<\/strong><\/p>\n\n\n\n<p>Fecha, hora y lugar: S\u00e1bado 20, desde las 16:00, en Plaza San Mart\u00edn y sobre calle Villegas.<\/p>\n\n\n\n<p>Descripci\u00f3n: Gran fiesta al aire libre con la presentaci\u00f3n de cuatro bandas locales y un gran cierre a cargo de \u201cCruzando el Charco\u201d. La propuesta incluye tambi\u00e9n m\u00fasica en vivo con artistas locales, feria de artesanos, y puestos gastron\u00f3micos. Entrada gratuita. Organiza la Direcci\u00f3n de Cultura con la colaboraci\u00f3n de la Oficina de Juventudes y distintas \u00e1reas de la Municipalidad de Trenque Lauquen.<\/p>\n\n\n\n<p>M\u00e1s informaci\u00f3n: <a rel=\"noreferrer noopener\" target=\"_blank\" href=\"http:\/\/www.instagram.com\/trenquelauquen\/\">www.instagram.com\/trenquelauquen\/<\/a> &#8211; <a rel=\"noreferrer noopener\" target=\"_blank\" href=\"http:\/\/www.facebook.com\/municipio.trenquelauquen\">www.facebook.com\/municipio.trenquelauquen<\/a><\/p>\n\n\n\n<p><strong>LOBOS<\/strong><\/p>\n\n\n\n<p><strong>Rock al Parque 2025<\/strong><\/p>\n\n\n\n<p><strong>ENTRADA GRATUITA<\/strong><\/p>\n\n\n\n<p>Fecha, hora y lugar: S\u00e1bado 20 y domingo 21, desde el mediod\u00eda, en el Parque Ingeniero Hiriart.<\/p>\n\n\n\n<p>Descripci\u00f3n: Bandas de rock en vivo, mercado artesanal local y regional, patio gastron\u00f3mico, viveros y espacios verdes, actividades para todas las edades. Entrada gratuita. Organiza AMIL (Asociaci\u00f3n de M\u00fasicos Independientes de Lobos) y el Municipio de Lobos.<\/p>\n\n\n\n<p>M\u00e1s informaci\u00f3n:<a rel=\"noreferrer noopener\" target=\"_blank\" href=\"http:\/\/www.instagram.com\/cultura_lobos\/\"> www.instagram.com\/cultura_lobos\/<\/a> &#8211;<a rel=\"noreferrer noopener\" target=\"_blank\" href=\"http:\/\/www.facebook.com\/culturalobos\"> www.facebook.com\/culturalobos<\/a> &#8211;<a rel=\"noreferrer noopener\" target=\"_blank\" href=\"http:\/\/www.instagram.com\/rockalparquee\/\"> www.instagram.com\/rockalparquee\/<\/a> &#8211;&nbsp;<\/p>\n\n\n\n<p><strong>GENERAL LAS HERAS (Villars)<\/strong><\/p>\n\n\n\n<p><strong>1\u00ba Fiesta Nacional del Rodantero<\/strong><strong><\/strong><\/p>\n\n\n\n<p>Fecha,hora y lugar: S\u00e1bado 20 y domingo 21, de 10:00 a 20:00, en el Zaparrancho, predio cercano al acceso de Villars.<\/p>\n\n\n\n<p>Descripci\u00f3n: M\u00fasica en vivo, fiestas, food trucks, camping y otras propuestas. Evento pet friendly. Entrada $15.000 por persona (incluye la visita de los dos d\u00edas). Menores de 12 a\u00f1os no abonan entrada. Descuento especial para residentes de General Las Heras. Organiza Familia Zapp con el auspicio de la Municipalidad de General Las Heras.<\/p>\n\n\n\n<p>M\u00e1s informaci\u00f3n: <a rel=\"noreferrer noopener\" target=\"_blank\" href=\"http:\/\/www.instagram.com\/gobiernodelasheras\">www.instagram.com\/gobiernodelasheras<\/a> &#8211; <a rel=\"noreferrer noopener\" target=\"_blank\" href=\"http:\/\/www.facebook.com\/muniglh\">www.facebook.com\/muniglh<\/a> &#8211; (11) 34601970<\/p>\n\n\n\n<p><strong>ALBERTI<\/strong><\/p>\n\n\n\n<p><strong>Tarde de las Camelias<\/strong><\/p>\n\n\n\n<p>Fecha, hora y lugar: S\u00e1bado 20, a las 15:00, en la Casa Museo Hist\u00f3rico Provincial El Molino.<\/p>\n\n\n\n<p>Descripci\u00f3n: Sabores, lectura y patrimonio. Merienda arancelada en el patio de la Casa Museo Hist\u00f3rico Provincial \u201cEl Molino\u201d. Opciones para ni\u00f1os y adultos, variedad de infusiones y cosas ricas para degustar, mientras se realiza la lectura de fragmentos de libros selecciones y correspondencia epistolar, entre otras propuestas. Reserva de tarjetas comunicarse al (2346) 362575. Organiza la Municipalidad de Alberti.<\/p>\n\n\n\n<p>M\u00e1s informaci\u00f3n:<a rel=\"noreferrer noopener\" target=\"_blank\" href=\"http:\/\/www.instagram.com\/albertiturismo\/\"> www.instagram.com\/albertiturismo\/<\/a> &#8211; <a rel=\"noreferrer noopener\" target=\"_blank\" href=\"http:\/\/www.facebook.com\/albertiturismo\">www.facebook.com\/albertiturismo<\/a><\/p>\n\n\n\n<p><strong>ALBERTI (Pla)<\/strong><\/p>\n\n\n\n<p><strong>D\u00eda de la Primavera<\/strong><\/p>\n\n\n\n<p><strong>ENTRADA GRATUITA<\/strong><\/p>\n\n\n\n<p>Fecha, hora y lugar: Domingo 21, a las 14:30, en el Centro Cultural Estaci\u00f3n Pla.<\/p>\n\n\n\n<p>Descripci\u00f3n: A las 19:00, acto de apertura de la Semana de la Juventud, presentaci\u00f3n de los equipos y de las mascotas, en el Parque Municipal General San Mart\u00edn. Desde el 21 al 26 de septiembre estudiantes de secundaria y de segundo ciclo de primaria realizar\u00e1n diferentes actividades culturales y deportivas en el marco de la semana de la juventud. Competencia que se viene realizando desde el a\u00f1o 1970. Entrada gratuita. Organiza el Centro Cultural Estaci\u00f3n Pla.<\/p>\n\n\n\n<p>M\u00e1s informaci\u00f3n:<a rel=\"noreferrer noopener\" target=\"_blank\" href=\"http:\/\/www.instagram.com\/albertiturismo\/\"> www.instagram.com\/albertiturismo\/<\/a> &#8211; <a rel=\"noreferrer noopener\" target=\"_blank\" href=\"http:\/\/www.facebook.com\/albertiturismo\">www.facebook.com\/albertiturismo<\/a><\/p>\n\n\n\n<p><strong>CORONEL DORREGO (Oriente)<\/strong><\/p>\n\n\n\n<p><strong>Fiesta de la Antorcha Estudiantil 2025<\/strong><\/p>\n\n\n\n<p><strong>ENTRADA GRATUITA<\/strong><\/p>\n\n\n\n<p>Fecha, hora y lugar: Domingo 21, a las 10:00, en el Parque Centenario de Oriente.<\/p>\n\n\n\n<p>Descripci\u00f3n: Danzas, m\u00fasica, carrozas, artistas, artesanos, comidas, juegos y mucho m\u00e1s. Entrada gratuita. Organiza el Centro de Ex alumnos de Nivel Secundario de Oriente con el acompa\u00f1amiento de la Municipalidad de Coronel Dorrego.<\/p>\n\n\n\n<p>M\u00e1s informaci\u00f3n: <a rel=\"noreferrer noopener\" target=\"_blank\" href=\"http:\/\/www.instagram.com\/turismodorrego\/\">www.instagram.com\/turismodorrego\/<\/a> &#8211; <a rel=\"noreferrer noopener\" target=\"_blank\" href=\"http:\/\/www.facebook.com\/primaveraoriental\/?locale=es_LA\">www.facebook.com\/primaveraoriental\/?locale=es_LA<\/a><\/p>\n\n\n\n<p><strong>MAR CHIQUITA (Coronel Vidal)<\/strong><strong><\/strong><\/p>\n\n\n\n<p><strong>D\u00eda de la Primavera<\/strong><\/p>\n\n\n\n<p><strong>ENTRADA GRATUITA<\/strong><\/p>\n\n\n\n<p>Fecha, hora y lugar: Domingo 21, desde las 14:00, en La Rinconada.<\/p>\n\n\n\n<p>Descripci\u00f3n: kermesse deportiva, muestras de baile, sorteos y la presentaci\u00f3n de espect\u00e1culos musicales. Tambi\u00e9n, contar\u00e1 con puestos gastron\u00f3micos. Entrada gratuita. Organiza la Municipalidad de Mar Chiquita.<\/p>\n\n\n\n<p>M\u00e1s informaci\u00f3n: <a rel=\"noreferrer noopener\" target=\"_blank\" href=\"http:\/\/www.instagram.com\/municipalidad.marchiquita\">www.instagram.com\/municipalidad.marchiquita<\/a> &#8211; <a rel=\"noreferrer noopener\" target=\"_blank\" href=\"http:\/\/www.facebook.com\/municipalidad.marchiquita\">www.facebook.com\/municipalidad.marchiquita<\/a><\/p>\n\n\n\n<p><strong>TRES ARROYOS (Claromec\u00f3)<\/strong><\/p>\n\n\n\n<p><strong>4\u00b0Fiesta Campera<\/strong><\/p>\n\n\n\n<p><strong>ENTRADA GRATUITA<\/strong><\/p>\n\n\n\n<p>Fecha, hora y lugar: Domingo 21, a las 11:00, en el predio \u201cEl Establo\u201d en la Estaci\u00f3n Forestal Ing. Paolucci.<\/p>\n\n\n\n<p>Descripci\u00f3n: Fogones institucionales con carnes asadas durante toda la jornada, espect\u00e1culos de m\u00fasica en vivo, payadores, danzas folkl\u00f3ricas, feria gastron\u00f3mica y un sector para artesanos, productores y emprendedores.Entrada gratuita. Organiza la Delegaci\u00f3n Municipal de Claromec\u00f3 con el acompa\u00f1amiento del Municipio de Tres Arroyos.<\/p>\n\n\n\n<p>M\u00e1s informaci\u00f3n: <a rel=\"noreferrer noopener\" target=\"_blank\" href=\"https:\/\/turismo.tresarroyos.gov.ar\/eventos\/4-fiesta-campera\/\">https:\/\/turismo.tresarroyos.gov.ar\/eventos\/4-fiesta-campera\/<\/a>&nbsp;<\/p>\n\n\n\n<p><strong>EVENTOS DEPORTIVOS<\/strong><\/p>\n\n\n\n<p><strong>TANDIL<\/strong><strong><br \/><\/strong><strong>27\u00b0 Hombre de Piedra 2025<\/strong><strong><br \/><\/strong>Fecha, hora y lugar: S\u00e1bado 20, a las 13:00, con largada desde Villa Don Bosco, Av. Don Bosco 2627.<br \/>Descripci\u00f3n: Se trata de la m\u00e1xima expresi\u00f3n del duatl\u00f3n argentino de larga distancia. La competencia consiste en 8 km de pedestrismo; 50 km de ciclismo y 6 km pedestrismo. Adem\u00e1s, contempla distancias de 3 km, 20 km y 3 km para quienes reci\u00e9n comienzan. Actividad arancelada. Organizan la Municipalidad de Tandil, Issports y Atletas de Piedra.<br \/>M\u00e1s informaci\u00f3n: <a rel=\"noreferrer noopener\" target=\"_blank\" href=\"https:\/\/carrerascentro.ar\/carrera\/asics-hombre-de-piedra-2025\/\">https:\/\/carrerascentro.ar\/carrera\/asics-hombre-de-piedra-2025\/<\/a><\/p>\n\n\n\n<p><strong>LAPRIDA (San Jorge)<\/strong><\/p>\n\n\n\n<p><strong>Campeonato Regional de Rural Bike \u00abCiudad de Laprida\u00bb<\/strong><\/p>\n\n\n\n<p>Fecha, hora y lugar: Domingo 21, a las 11:00, con largada desde la cancha del Club San Jorge.<\/p>\n\n\n\n<p>Descripci\u00f3n: Recorrido por circuitos y caminos rurales de la localidad de San Jorge. Dos distancias: 30k Premiaci\u00f3n por categor\u00eda y distancias del primer al quinto puesto. Actividad arancelada. Organiza la Direcci\u00f3n de Deportes del Municipio de Laprida en el marco del programa Clubes en Acci\u00f3n; junto con los clubes Atl\u00e9tico Platense, Atl\u00e9tico San Jorge y el Club Social y Deportivo Juventud.<\/p>\n\n\n\n<p>M\u00e1s informaci\u00f3n:<a rel=\"noreferrer noopener\" target=\"_blank\" href=\"http:\/\/www.instagram.com\/lapridadeportes\/\"> www.instagram.com\/lapridadeportes\/<\/a> &#8211; <a rel=\"noreferrer noopener\" target=\"_blank\" href=\"http:\/\/www.facebook.com\/lapridadeportes\">www.facebook.com\/lapridadeportes<\/a><\/p>\n\n\n\n<p><strong>PELLEGRINI<\/strong><\/p>\n\n\n\n<p><strong>Marat\u00f3n 6 Ciudades<\/strong><\/p>\n\n\n\n<p>Fecha, hora y lugar: Domingo 21, a las 09:00, en el Complejo Polideportivo de Pellegrini.<\/p>\n\n\n\n<p>Descripci\u00f3n: S\u00e9ptima fecha del campeonato que tendr\u00e1 un circuito din\u00e1mico por las calles de la ciudad. Entrega de kits de 09:00 a 10:30. Largada a las 11 horas. Inscripci\u00f3n arancelada en:<a rel=\"noreferrer noopener\" target=\"_blank\" href=\"http:\/\/www.deportesydesafios.com.ar\/\"> www.deportesydesafios.com.ar\/<\/a> Organiza la Municipalidad de Pellegrini.<\/p>\n\n\n\n<p>M\u00e1s informaci\u00f3n:<a rel=\"noreferrer noopener\" target=\"_blank\" href=\"http:\/\/www.instagram.com\/municipio_de_pellegrini\/\"> www.instagram.com\/municipio_de_pellegrini\/<\/a> &#8211;<a rel=\"noreferrer noopener\" target=\"_blank\" href=\"http:\/\/www.facebook.com\/municipiodepellegrini\"> www.facebook.com\/municipiodepellegrini<\/a> &#8211;&nbsp; (2954) 613299.<\/p>\n\n\n\n<p><strong>GENERAL PUEYRRED\u00d3N (Mar del Plata)<\/strong><\/p>\n\n\n\n<p><strong>65\u00b0 Caravana de la Primavera<\/strong><\/p>\n\n\n\n<p>Fecha, hora y lugar: Domingo 21, a las 08:00, con largada desde la Parroquia San Jos\u00e9, Matheu 3349.<\/p>\n\n\n\n<p>Descripci\u00f3n: Tradicional caravana en bicicleta, con la imagen de la Virgen Mar\u00eda, sobre la avenida Independencia hacia el faro de la ciudad, en el Monumento al General San Mart\u00edn. La primera parada ser\u00e1 en el Centro Scout Mar del Plata, donde se podr\u00e1 compartir un almuerzo. Habr\u00e1 tambi\u00e9n bandas en vivo. Actividad gratuita. Bono contribuci\u00f3n a beneficio: $3000. Organiza Oratorio Juvenil Peque\u00f1o Mundo con el acompa\u00f1amiento de la Municipalidad de General Pueyrred\u00f3n.<\/p>\n\n\n\n<p>M\u00e1s informaci\u00f3n: <a rel=\"noreferrer noopener\" target=\"_blank\" href=\"http:\/\/www.instagram.com\/caravanamdp\/\">www.instagram.com\/caravanamdp\/<\/a> &#8211; <a rel=\"noreferrer noopener\" target=\"_blank\" href=\"http:\/\/www.facebook.com\/caravanamdp\/\">www.facebook.com\/caravanamdp\/<\/a> &#8211;&nbsp; <a rel=\"noreferrer noopener\" target=\"_blank\" href=\"http:\/\/www.instagram.com\/turismomardelplata\/\">www.instagram.com\/turismomardelplata\/<\/a> &#8211; <a rel=\"noreferrer noopener\" target=\"_blank\" href=\"http:\/\/www.facebook.com\/turismomardelplata\">www.facebook.com\/turismomardelplata<\/a>&nbsp;<\/p>\n\n\n\n<p><strong>VISITAS GUIADAS<\/strong><\/p>\n\n\n\n<p><strong>GUAMIN\u00cd (Arroyo Venado)<\/strong><strong><br \/><\/strong><strong>Cicloturismo<\/strong><strong><br \/><\/strong>Fecha, hora y lugar: S\u00e1bado 20, a las 10:00, con salida desde la estaci\u00f3n de Arroyo Venado.<br \/>Descripci\u00f3n: Recorrido de 30 km y se abonar\u00e1 el almuerzo que ser\u00e1 un s\u00e1ndwich estilo lomito, una fruta y dos botellitas de agua. Inscripci\u00f3n gratuita. Organiza la asociaci\u00f3n Un remanso con Historia con el acompa\u00f1amiento de la Municipalidad de Guamin\u00ed.<br \/>M\u00e1s informaci\u00f3n:<a rel=\"noreferrer noopener\" target=\"_blank\" href=\"http:\/\/www.instagram.com\/turismo.guamini\/\"> www.instagram.com\/turismo.guamini\/<\/a> &#8211; <a rel=\"noreferrer noopener\" target=\"_blank\" href=\"http:\/\/www.facebook.com\/turismo.guamini\">www.facebook.com\/turismo.guamini<\/a>&nbsp;<\/p>\n\n\n\n<p><strong>LOBOS<\/strong><\/p>\n\n\n\n<p><strong>Circuito Tradici\u00f3n Viva<\/strong><\/p>\n\n\n\n<p><strong>ACTIVIDAD GRATUITA<\/strong><\/p>\n\n\n\n<p>Fecha, hora y lugar: S\u00e1bado 20, a las 16:00,en el Museo Pago de Los Lobos, Avenida Alem 250.<\/p>\n\n\n\n<p>Descripci\u00f3n: Recorrido guiado por el centro de la ciudad para conocer los edificios ic\u00f3nicos, los espacios verdes&nbsp; y conectar con la esencia del lugar.&nbsp; Actividad gratuita. Organiza la Direcci\u00f3n de Turismo de la Municipalidad de Lobos.<\/p>\n\n\n\n<p>M\u00e1s informaci\u00f3n: <a rel=\"noreferrer noopener\" target=\"_blank\" href=\"http:\/\/www.instagram.com\/turismolobos\">www.instagram.com\/turismolobos<\/a> &#8211; <a rel=\"noreferrer noopener\" target=\"_blank\" href=\"http:\/\/www.facebook.com\/lobos.turismo\">www.facebook.com\/lobos.turismo<\/a> &#8211; (2227) 500405.<\/p>\n\n\n\n<p><strong>LA PLATA<\/strong><\/p>\n\n\n\n<p><strong>Experiencia H\u00edpica<\/strong><\/p>\n\n\n\n<p><strong>ACTIVIDAD GRATUITA<\/strong><\/p>\n\n\n\n<p>Fecha,hora y lugar: Domingo 21, a las 16:00, en avenida 44 y 115.<\/p>\n\n\n\n<p>Descripci\u00f3n: Recorrido para conocer el mundo del turf. Se visitar\u00e1n las instalaciones del Hip\u00f3dromo de La Plata para descubrir todo el proceso que atraviesa un caballo de carrera: desde su llegada, la atenci\u00f3n de los veterinarios, hasta el momento en que pisa la pista para competir. Actividad gratuita con cupos limitados. Inscripciones: <a rel=\"noreferrer noopener\" target=\"_blank\" href=\"https:\/\/acortar.link\/XnKlPE\">https:\/\/acortar.link\/XnKlPE<\/a> Organiza la Municipalidad de La Plata con el acompa\u00f1amiento del Gobierno de la Provincia de Buenos Aires.<\/p>\n\n\n\n<p>M\u00e1s informaci\u00f3n: <a rel=\"noreferrer noopener\" target=\"_blank\" href=\"http:\/\/www.instagram.com\/turismo.laplata\/\">www.instagram.com\/turismo.laplata\/<\/a> &#8211; <a rel=\"noreferrer noopener\" target=\"_blank\" href=\"http:\/\/www.instagram.com\/hipodromolaplata\/\">www.instagram.com\/hipodromolaplata\/<\/a> &#8211; <a rel=\"noreferrer noopener\" target=\"_blank\" href=\"http:\/\/www.facebook.com\/hipodromolaplata\">www.facebook.com\/hipodromolaplata<\/a><\/p>\n\n\n\n<p><strong>LOBOS<\/strong><\/p>\n\n\n\n<p><strong>Circuito Patrimonio<\/strong><\/p>\n\n\n\n<p>Fecha, hora y lugar: Domingo 21,a las 12:00, en el Museo Pago de Los Lobos, Avenida Alem 250<\/p>\n\n\n\n<p>Descripci\u00f3n: Monumentos Hist\u00f3ricos Nacionales, sitios o construcciones que narran una parte significativa de la historia del pa\u00eds. Actividad gratuita.Organiza la Direcci\u00f3n de Turismo de la Municipalidad de Lobos.<\/p>\n\n\n\n<p>M\u00e1s informaci\u00f3n: <a rel=\"noreferrer noopener\" target=\"_blank\" href=\"http:\/\/www.instagram.com\/turismolobos\">www.instagram.com\/turismolobos<\/a> &#8211; <a rel=\"noreferrer noopener\" target=\"_blank\" href=\"http:\/\/www.facebook.com\/lobos.turismo\">www.facebook.com\/lobos.turismo<\/a> &#8211; (2227) 500405.<\/p>\n\n\n\n<p><strong>FERIAS Y EXPOSICIONES<\/strong><\/p>\n\n\n\n<p><strong>GENERAL MADARIAGA<\/strong><\/p>\n\n\n\n<p><strong>70\u00ba Expo Rural<\/strong><\/p>\n\n\n\n<p>Fecha, hora y lugar: Del viernes 19 al domingo 21, en diferentes horarios, en el predio de la Asociaci\u00f3n Rural de General Madariaga.<\/p>\n\n\n\n<p>Descripci\u00f3n: Tres d\u00edas para disfrutar y conocer la muestra de ganader\u00eda m\u00e1s importante de la regi\u00f3n, exposici\u00f3n de aves, industria y remate. Adem\u00e1s, se realizar\u00e1n pruebas de riendas, destreza nativa, espect\u00e1culos musicales, charlas y gastronom\u00eda. Tambi\u00e9n habr\u00e1 espacio para expositores y empresas locales. Viernes, entrada gratuita; s\u00e1bado y domingo, arancelada ($1000). Organiza la Sociedad Rural de General Madariaga con el apoyo de la Municipalidad de General Madariaga.<\/p>\n\n\n\n<p>M\u00e1s informaci\u00f3n:<a rel=\"noreferrer noopener\" target=\"_blank\" href=\"http:\/\/www.instagram.com\/ruralmadariaga\/\"> www.instagram.com\/ruralmadariaga\/<\/a> &#8211;<a rel=\"noreferrer noopener\" target=\"_blank\" href=\"http:\/\/www.facebook.com\/ExpoRuralGeneralMadariaga2017\"> www.facebook.com\/ExpoRuralGeneralMadariaga2017<\/a> &#8211;<a rel=\"noreferrer noopener\" target=\"_blank\" href=\"http:\/\/www.turismo.madariaga.gob.ar\/agenda\">www.turismo.madariaga.gob.ar\/agenda<\/a><\/p>\n\n\n\n<p><strong>SAAVEDRA (Pig\u00fc\u00e9)<\/strong><\/p>\n\n\n\n<p><strong>82\u00b0 Expo Ganadera, Comercial e Industrial &#8211; 17\u00b0Exposici\u00f3n de Caballos Criollos<\/strong><\/p>\n\n\n\n<p><strong>ENTRADA GRATUITA<\/strong><\/p>\n\n\n\n<p>Fecha,hora y lugar: Del viernes 19 al domingo 21, desde las 08:00, en el predio ferial, Ruta Nacional 33, acceso a Saavedra.<\/p>\n\n\n\n<p>Descripci\u00f3n: El primer d\u00eda se har\u00e1, el ingreso y jura de equinos, ovinos y bovinos; el segundo, habr\u00e1 jura de reproductores equinos y campeonato de reproductores, Copa Incentivo de de Oro 1\u00b0 Fase y pe\u00f1a de cumbia y folklore. El domingo a las 14:00 se har\u00e1 la inauguraci\u00f3n oficial de la Exposici\u00f3n con entonaci\u00f3n del himno nacional, palabras de autoridades, entrega de premios de bovinos y ovinos, desfile de campeones y el cierre ser\u00e1 con un gran show musical. Entrada gratuita.Organiza la Asociaci\u00f3n Rural del Partido de Saavedra con el acompa\u00f1amiento de la Asociaci\u00f3n de Productores Agropecuarios de Arroyo Corto y la Municipalidad de Saavedra.<\/p>\n\n\n\n<p>M\u00e1s informaci\u00f3n: <a rel=\"noreferrer noopener\" target=\"_blank\" href=\"https:\/\/turismo.saavedra.gob.ar\/agenda-turistica-cultural-y-deportiva\/lista\/p%C3%A1gina\/2\/\">https:\/\/turismo.saavedra.gob.ar\/agenda-turistica-cultural-y-deportiva\/lista\/p%C3%A1gina\/2\/<\/a><\/p>\n\n\n\n<p>M\u00e1s informaci\u00f3n en @turismopba y <a rel=\"noreferrer noopener\" target=\"_blank\" href=\"http:\/\/www.buenosaires.tur.ar\/\">www.buenosaires.tur.ar<\/a>, un destino bueno, bonito y bonaerense.<\/p>\n\n\n\n<p><\/p>\n","protected":false},"excerpt":{"rendered":"<p>Lleg\u00f3 la primavera, la estaci\u00f3n m\u00e1s esperada del a\u00f1o, y los municipios bonaerenses lo festejar\u00e1n con propuestas culturales, gastron\u00f3micas y<\/p>\n","protected":false},"author":3,"featured_media":47059,"comment_status":"open","ping_status":"open","sticky":false,"template":"","format":"standard","meta":{"colormag_page_container_layout":"default_layout","colormag_page_sidebar_layout":"default_layout","footnotes":""},"categories":[1],"tags":[],"class_list":["post-50444","post","type-post","status-publish","format-standard","has-post-thumbnail","hentry","category-actualidad"],"_links":{"self":[{"href":"https:\/\/grupotiempodigital.com.ar\/index.php?rest_route=\/wp\/v2\/posts\/50444","targetHints":{"allow":["GET"]}}],"collection":[{"href":"https:\/\/grupotiempodigital.com.ar\/index.php?rest_route=\/wp\/v2\/posts"}],"about":[{"href":"https:\/\/grupotiempodigital.com.ar\/index.php?rest_route=\/wp\/v2\/types\/post"}],"author":[{"embeddable":true,"href":"https:\/\/grupotiempodigital.com.ar\/index.php?rest_route=\/wp\/v2\/users\/3"}],"replies":[{"embeddable":true,"href":"https:\/\/grupotiempodigital.com.ar\/index.php?rest_route=%2Fwp%2Fv2%2Fcomments&post=50444"}],"version-history":[{"count":1,"href":"https:\/\/grupotiempodigital.com.ar\/index.php?rest_route=\/wp\/v2\/posts\/50444\/revisions"}],"predecessor-version":[{"id":50445,"href":"https:\/\/grupotiempodigital.com.ar\/index.php?rest_route=\/wp\/v2\/posts\/50444\/revisions\/50445"}],"wp:featuredmedia":[{"embeddable":true,"href":"https:\/\/grupotiempodigital.com.ar\/index.php?rest_route=\/wp\/v2\/media\/47059"}],"wp:attachment":[{"href":"https:\/\/grupotiempodigital.com.ar\/index.php?rest_route=%2Fwp%2Fv2%2Fmedia&parent=50444"}],"wp:term":[{"taxonomy":"category","embeddable":true,"href":"https:\/\/grupotiempodigital.com.ar\/index.php?rest_route=%2Fwp%2Fv2%2Fcategories&post=50444"},{"taxonomy":"post_tag","embeddable":true,"href":"https:\/\/grupotiempodigital.com.ar\/index.php?rest_route=%2Fwp%2Fv2%2Ftags&post=50444"}],"curies":[{"name":"wp","href":"https:\/\/api.w.org\/{rel}","templated":true}]}}