{"id":50442,"date":"2025-09-15T08:47:34","date_gmt":"2025-09-15T11:47:34","guid":{"rendered":"https:\/\/grupotiempodigital.com.ar\/?p=50442"},"modified":"2025-09-15T08:47:34","modified_gmt":"2025-09-15T11:47:34","slug":"efemerides-del-15-de-septiembre","status":"publish","type":"post","link":"https:\/\/grupotiempodigital.com.ar\/?p=50442","title":{"rendered":"Efem\u00e9rides del 15 de septiembre"},"content":{"rendered":"\n<p><strong>&nbsp;&#8211; D\u00cdA DE LA DEMOCRACIA. Se celebra el D\u00eda Internacional de la Democracia, declarado en 2007 por la Organizaci\u00f3n de las Naciones Unidas (ONU) como jornada conmemorativa de las libertades fundamentales en todo el mundo.\u201dLa democracia se basa en la inclusi\u00f3n, la igualdad de trato y la participaci\u00f3n, y es un elemento fundamental para la paz, el desarrollo sostenible y los derechos humanos\u201d, subraya la ONU.<\/strong><\/p>\n\n\n\n<p><strong>&#8211; D\u00cdA DEL LINFOMA. Se celebra el D\u00eda Internacional del Linfoma por iniciativa de la Lymphoma Coalition con el fin de dar a conocer esa enfermedad del sistema linf\u00e1tico y poder reconocer a tiempo los s\u00edntomas para poder tratarla. Se calcula que cada a\u00f1o mueren en el mundo aproximadamente 200.000 personas a causa de esa enfermedad, uno de los tipos de c\u00e1ncer menos conocido y dif\u00edcil de diagnosticar. 1759 &#8211; CORNELIO SAAVEDRA. Nace en la localidad de Otuyo, en la actual Bolivia, el comerciante y pol\u00edtico Cornelio Saavedra, quien en la Revoluci\u00f3n del 25 de Mayo de 1810. fue elegido presidente del primer gobierno del Virreinato del R\u00edo de la Plata aut\u00f3nomo de la corona espa\u00f1ola. Fue tambi\u00e9n uno de los primeros jefes del cuerpo de milicias que dieron origen al Regimiento de Patricios de Buenos Aires.<\/strong><\/p>\n\n\n\n<p><strong>1890 &#8211; AGATHA CHRISTIE. Nace en el pueblo ingl\u00e9s de Torquay la escritora y dramaturga brit\u00e1nica Agatha Christie (Agatha Mary Clarissa Miller), quien se especializ\u00f3 en las novelas policiales y gan\u00f3 fama internacional por el personaje del investigador belga H\u00e9rcules Poirot. Public\u00f3 66 novelas policiales y seis rom\u00e1nticas, adem\u00e1s de 14 historias cortas con el pseud\u00f3nimo de Mary Westmacott. Es la autora de las obras de teatro La ratonera y Testigo de cargo.<\/strong><\/p>\n\n\n\n<p><strong>1913 &#8211; DIARIO CR\u00cdTICA. Se publica en Buenos Aires la primera edici\u00f3n del diario Cr\u00edtica, matutino que revolucion\u00f3 el periodismo gr\u00e1fico argentino de comienzos del siglo XX. El diario, que ten\u00eda un tono sensacionalista y lleg\u00f3 a ser uno de los m\u00e1s vendidos del pa\u00eds, dej\u00f3 de editarse en 1962. Fue fundado y dirigido por el periodista uruguayo Natalio Botana.<\/strong><\/p>\n\n\n\n<p><strong>1914 &#8211; BIOY CASARES. Nace en Buenos Aires el escritor Adolfo Bioy Casares, uno de los m\u00e1s importantes de la literatura argentina, ganador del Premio Cervantes de 1990 y del Konex de Brillante de 1994, entre otros galardones. Frecuent\u00f3 la literatura fant\u00e1stica y la policial. Entre sus obras destacan las novelas La invenci\u00f3n de Morel y Plan de evasi\u00f3n, y los cuentos La trama celeste y El perjurio de la nieve. Junto a Jorge Luis Borges, bajo el seud\u00f3nimo de Honorio Bustos Domecq, es el autor de los libros de relatos policiales Seis problemas para Isidro Parodi y Un modelo para la muerte. entre otros.<\/strong><\/p>\n\n\n\n<p><strong>1937 &#8211; FERNANDO DE LA R\u00daA. Nace en la ciudad de C\u00f3rdoba el abogado y profesor universitario Fernando De la R\u00faa, dirigente de la Uni\u00f3n C\u00edvica Radical, quien fue el primer Jefe de Gobierno de la ciudad de Buenos Aires entre 1996 y 1999, cuando fue elegido presidente de la Naci\u00f3n, cargo al que renunci\u00f3 en diciembre de 2001 en medio de una severa crisis social y una represi\u00f3n ilegal que dej\u00f3 39 muertos.<\/strong><\/p>\n\n\n\n<p><strong>1998 &#8211; JORGE BURRUCHAGA. Se retira el mediocampista Jorge Burruchaga, figura de Independiente y de la selecci\u00f3n argentina campeona del Mundial de M\u00e9xico \u201886 y subcampeona del de Italia \u201890. Con Independiente gan\u00f3 la Copa Libertadores y la Intercontinental de 1984, adem\u00e1s de la Supercopa Sudamericana y la Recopa Sudamericana de 1995. Marc\u00f3 el gol del triunfo por 3-2 ante Alemania que consagr\u00f3 a Argentina campe\u00f3n mundial en M\u00e9xico \u201886.<\/strong><\/p>\n\n\n\n<p><strong>2004 &#8211; JOHNNY RAMONE. Muere en la ciudad de Los \u00c1ngeles (California, EEUU), a la edad de 55 a\u00f1os, el m\u00fasico y guitarrista Jhonny Ramone (John William Cummings), cofundador de la banda de punk rock Ramones con la que grab\u00f3 14 discos de estudio hasta su disoluci\u00f3n, en 1996.<\/strong><\/p>\n\n\n\n<p><strong>2006 &#8211; ORIANA FALLACI. Muere en Florencia (Italia), a la edad de 77 a\u00f1os, la periodista y escritora Oriana Fallacci, la primera mujer italiana en ser corresponsal de guerra, quien public\u00f3 doce libros y vendi\u00f3 20 millones de ejemplares.<\/strong><\/p>\n\n\n\n<p><\/p>\n","protected":false},"excerpt":{"rendered":"<p>&nbsp;&#8211; D\u00cdA DE LA DEMOCRACIA. Se celebra el D\u00eda Internacional de la Democracia, declarado en 2007 por la Organizaci\u00f3n de<\/p>\n","protected":false},"author":3,"featured_media":47067,"comment_status":"open","ping_status":"open","sticky":false,"template":"","format":"standard","meta":{"colormag_page_container_layout":"default_layout","colormag_page_sidebar_layout":"default_layout","footnotes":""},"categories":[1],"tags":[],"class_list":["post-50442","post","type-post","status-publish","format-standard","has-post-thumbnail","hentry","category-actualidad"],"_links":{"self":[{"href":"https:\/\/grupotiempodigital.com.ar\/index.php?rest_route=\/wp\/v2\/posts\/50442","targetHints":{"allow":["GET"]}}],"collection":[{"href":"https:\/\/grupotiempodigital.com.ar\/index.php?rest_route=\/wp\/v2\/posts"}],"about":[{"href":"https:\/\/grupotiempodigital.com.ar\/index.php?rest_route=\/wp\/v2\/types\/post"}],"author":[{"embeddable":true,"href":"https:\/\/grupotiempodigital.com.ar\/index.php?rest_route=\/wp\/v2\/users\/3"}],"replies":[{"embeddable":true,"href":"https:\/\/grupotiempodigital.com.ar\/index.php?rest_route=%2Fwp%2Fv2%2Fcomments&post=50442"}],"version-history":[{"count":1,"href":"https:\/\/grupotiempodigital.com.ar\/index.php?rest_route=\/wp\/v2\/posts\/50442\/revisions"}],"predecessor-version":[{"id":50443,"href":"https:\/\/grupotiempodigital.com.ar\/index.php?rest_route=\/wp\/v2\/posts\/50442\/revisions\/50443"}],"wp:featuredmedia":[{"embeddable":true,"href":"https:\/\/grupotiempodigital.com.ar\/index.php?rest_route=\/wp\/v2\/media\/47067"}],"wp:attachment":[{"href":"https:\/\/grupotiempodigital.com.ar\/index.php?rest_route=%2Fwp%2Fv2%2Fmedia&parent=50442"}],"wp:term":[{"taxonomy":"category","embeddable":true,"href":"https:\/\/grupotiempodigital.com.ar\/index.php?rest_route=%2Fwp%2Fv2%2Fcategories&post=50442"},{"taxonomy":"post_tag","embeddable":true,"href":"https:\/\/grupotiempodigital.com.ar\/index.php?rest_route=%2Fwp%2Fv2%2Ftags&post=50442"}],"curies":[{"name":"wp","href":"https:\/\/api.w.org\/{rel}","templated":true}]}}