{"id":50440,"date":"2025-09-15T08:41:49","date_gmt":"2025-09-15T11:41:49","guid":{"rendered":"https:\/\/grupotiempodigital.com.ar\/?p=50440"},"modified":"2025-09-15T08:41:50","modified_gmt":"2025-09-15T11:41:50","slug":"informacion-social-ranchos-chascomus-pila-369","status":"publish","type":"post","link":"https:\/\/grupotiempodigital.com.ar\/?p=50440","title":{"rendered":"INFORMACI\u00d3N SOCIAL RANCHOS &#8211; CHASCOM\u00daS &#8211; PILA"},"content":{"rendered":"\n<p><strong><u>CUMPLEA\u00d1OS RANCHOS LUNES 15 DE SEPTIEMBRE:<\/u><\/strong><strong><\/strong><\/p>\n\n\n\n<p><strong>NADIA CASTRO, LUCIANA CASTRONUOVO, NICOLAS BUSTAMANTE,&nbsp;JOSE LUIS YANNIBELLI ECHAGUE.<\/strong><\/p>\n\n\n\n<p><strong><u>FARMACIAS DE TURNO LUNES 15 DE SEPTIEMBRE<\/u><\/strong><\/p>\n\n\n\n<p><strong>RANCHOS: D ANDREA (Campomar Y Mois\u00e9s Tinao)<\/strong><\/p>\n\n\n\n<p><strong>CHASCOM\u00daS: ORIA (L. del Sur 413) y BELLINGERI (Yrigoyen 78)<\/strong><\/p>\n\n\n\n<p><strong>PILA: MORISET (17 no 227)<\/strong><\/p>\n\n\n\n<p><strong><u>NECROLOGICAS CHASCOMUS<\/u><\/strong><\/p>\n\n\n\n<p><strong>Falleci\u00f3 el s\u00e1bado en Chascom\u00fas a los 76 de edad, CELIA ESTER CHOLFO. Sus restos fueron trasladados hacia el Cementerio Parque de la Piedad. &nbsp;(Sepelios Portela).<\/strong><\/p>\n\n\n\n<p><strong>Falleci\u00f3 tr\u00e1gicamente en Chascom\u00fas a la corta edad de 21 a\u00f1os, ayer domingo ELIAS MARCELO ESPINOZA. Sus restos son velados en Sala Velatoria de Castelli 68 hoy 15\/09 a partir de las 7 hs., para 13:30 ser acompa\u00f1ados hacia la necr\u00f3polis local para su inhumaci\u00f3n ( Sepelios Portela).<\/strong><\/p>\n\n\n\n<p><strong><u>NECROLOGICA RANCHOS&nbsp;<\/u><\/strong><\/p>\n\n\n\n<p><strong>Falleci\u00f3 el s\u00e1bado a los 92 a\u00f1os de edad NELLY ESTHER CASTRO, sus restos fueron inhumados el mismo d\u00eda en la necr\u00f3polis local. (Salatino-Bilbao)<\/strong><\/p>\n\n\n\n<p><\/p>\n","protected":false},"excerpt":{"rendered":"<p>CUMPLEA\u00d1OS RANCHOS LUNES 15 DE SEPTIEMBRE: NADIA CASTRO, LUCIANA CASTRONUOVO, NICOLAS BUSTAMANTE,&nbsp;JOSE LUIS YANNIBELLI ECHAGUE. FARMACIAS DE TURNO LUNES 15<\/p>\n","protected":false},"author":3,"featured_media":47075,"comment_status":"open","ping_status":"open","sticky":false,"template":"","format":"standard","meta":{"colormag_page_container_layout":"default_layout","colormag_page_sidebar_layout":"default_layout","footnotes":""},"categories":[1],"tags":[],"class_list":["post-50440","post","type-post","status-publish","format-standard","has-post-thumbnail","hentry","category-actualidad"],"_links":{"self":[{"href":"https:\/\/grupotiempodigital.com.ar\/index.php?rest_route=\/wp\/v2\/posts\/50440","targetHints":{"allow":["GET"]}}],"collection":[{"href":"https:\/\/grupotiempodigital.com.ar\/index.php?rest_route=\/wp\/v2\/posts"}],"about":[{"href":"https:\/\/grupotiempodigital.com.ar\/index.php?rest_route=\/wp\/v2\/types\/post"}],"author":[{"embeddable":true,"href":"https:\/\/grupotiempodigital.com.ar\/index.php?rest_route=\/wp\/v2\/users\/3"}],"replies":[{"embeddable":true,"href":"https:\/\/grupotiempodigital.com.ar\/index.php?rest_route=%2Fwp%2Fv2%2Fcomments&post=50440"}],"version-history":[{"count":1,"href":"https:\/\/grupotiempodigital.com.ar\/index.php?rest_route=\/wp\/v2\/posts\/50440\/revisions"}],"predecessor-version":[{"id":50441,"href":"https:\/\/grupotiempodigital.com.ar\/index.php?rest_route=\/wp\/v2\/posts\/50440\/revisions\/50441"}],"wp:featuredmedia":[{"embeddable":true,"href":"https:\/\/grupotiempodigital.com.ar\/index.php?rest_route=\/wp\/v2\/media\/47075"}],"wp:attachment":[{"href":"https:\/\/grupotiempodigital.com.ar\/index.php?rest_route=%2Fwp%2Fv2%2Fmedia&parent=50440"}],"wp:term":[{"taxonomy":"category","embeddable":true,"href":"https:\/\/grupotiempodigital.com.ar\/index.php?rest_route=%2Fwp%2Fv2%2Fcategories&post=50440"},{"taxonomy":"post_tag","embeddable":true,"href":"https:\/\/grupotiempodigital.com.ar\/index.php?rest_route=%2Fwp%2Fv2%2Ftags&post=50440"}],"curies":[{"name":"wp","href":"https:\/\/api.w.org\/{rel}","templated":true}]}}