{"id":50438,"date":"2025-09-12T11:49:56","date_gmt":"2025-09-12T14:49:56","guid":{"rendered":"https:\/\/grupotiempodigital.com.ar\/?p=50438"},"modified":"2025-09-12T11:49:57","modified_gmt":"2025-09-12T14:49:57","slug":"un-viaje-por-el-mundo-sin-salir-de-la-provincia-de-buenos-aires-fiestas-arquitectura-y-gastronomia-para-disfrutar-en-primavera","status":"publish","type":"post","link":"https:\/\/grupotiempodigital.com.ar\/?p=50438","title":{"rendered":"UN VIAJE POR EL MUNDO SIN SALIR DE LA PROVINCIA DE BUENOS AIRES: FIESTAS, ARQUITECTURA Y GASTRONOM\u00cdA PARA DISFRUTAR EN PRIMAVERA"},"content":{"rendered":"\n<p>En la provincia de Buenos Aires hay un lugar donde el pasado cobra vida y la diversidad se celebra en cada rinc\u00f3n, Berisso, Capital Provincial del Inmigrante, realiza una nueva edici\u00f3n de su apasionante y cautivadora Fiesta Provincial del Inmigrante, como homenaje a las ra\u00edces de quienes decidieron hacer de este lugar su hogar. Otros destinos tambi\u00e9n hacen honor a su identidad: la Fiesta de las Colectividades, en Tandil; la Fiesta del D\u00eda del Inmigrante, en Olavarr\u00eda; el Matsuri, en Alte Brown y la festividad de la gastronom\u00eda italiana, en La Plata.<\/p>\n\n\n\n<p><strong>Historias, tradici\u00f3n e identidad colectiva: el mundo en un s\u00f3lo lugar<\/strong><\/p>\n\n\n\n<p>Organizada por la Asociaci\u00f3n de Entidades Extranjeras (AEE), que agrupa a 25 colectividades y con el auspicio de la Municipalidad de Berisso y el Gobierno de la Provincia de Buenos Aires, la Fiesta Provincial del Inmigrante rinde tributo a la resiliencia y al tes\u00f3n de quienes eligieron estas tierras para forjar un nuevo futuro.<\/p>\n\n\n\n<p><em>\u201cLa ciudad era vista como un faro de esperanza, por los hombres y mujeres que llegaban de distintas partes, a levantar sus casas y trabajar\u201d,&nbsp;<\/em>contaron desde turismo local.&nbsp;<\/p>\n\n\n\n<p>La celebraci\u00f3n refleja un recorrido de esfuerzo y comunidad, de encuentro y solidaridad. Berisso se conform\u00f3 sobre la base de la diversidad de culturas de miles de inmigrantes que dejaron sus pa\u00edses por diferentes motivos. Estos pioneros, agrupados en colectividades, mantuvieron vivas sus costumbres, tradiciones y religi\u00f3n, que se&nbsp; transmiten de generaci\u00f3n en generaci\u00f3n. La herencia se ve en las calles, los trajes t\u00edpicos, las danzas y los sabores que invitan a recorrer los distintos continentes del planeta sin salir de esa localidad.&nbsp;<\/p>\n\n\n\n<p><em>\u201cLa fiesta representa la memoria viva de la ciudad, cada plato, cada canci\u00f3n y cada baile rememora el c\u00f3mo nos forjamos: esa es nuestra mayor fortaleza\u201d,<\/em>&nbsp;indicaron los organizadores. &nbsp; El evento se despliega durante m\u00e1s de un mes, con una agenda repleta de actividades que van desde lo solemne hasta lo festivo, marcando el pulso de Berisso a lo largo de septiembre y octubre.<\/p>\n\n\n\n<p><strong>Momentos de historia y tradici\u00f3n<\/strong><\/p>\n\n\n\n<p>El 14 de septiembre, la Posta del Inmigrante y el encendido de la L\u00e1mpara Votiva honran el legado de los primeros colonos con un acto cargado de simbolismo. Una semana despu\u00e9s, el 21 de septiembre, el Desembarco Simb\u00f3lico recrea la llegada de los inmigrantes a esas costas, un momento de profunda emotividad que conecta pasado y presente.<\/p>\n\n\n\n<p><strong>Sabores y cultura en la carpa<\/strong><\/p>\n\n\n\n<p>El coraz\u00f3n de la fiesta late en la gran carpa de colectividades. All\u00ed, los d\u00edas 27 y 28 de septiembre; y 4, 5 y 11 de octubre, los aromas se mezclan en un verdadero banquete global con varenikes, shawarma, moussaka, paella, feijoada, strudel, empanadas y tantas otras delicias m\u00e1s que cuentan historias de viaje y pertenencia. En ese marco se suman las presentaciones art\u00edsticas, la m\u00fasica y las danzas t\u00edpicas que convierten el espacio en un mosaico cultural vibrante.<\/p>\n\n\n\n<p>La elecci\u00f3n de los embajadores y de las embajadoras provinciales del inmigrante, los d\u00edas 3 y 4 de octubre, resaltan con orgullo la identidad de las colectividades.<\/p>\n\n\n\n<p><strong>El gran cierre<\/strong><\/p>\n\n\n\n<p>El broche de oro llega el 12 de octubre con el desfile de clausura, cuando miles de descendientes de inmigrantes recorren las calles con sus trajes, m\u00fasicas y banderas. Un mar de colores y emociones que confirma a Berisso como capital del inmigrante.<\/p>\n\n\n\n<p>La celebraci\u00f3n es, en esencia, un viaje, un recordatorio de que la historia de esa ciudad est\u00e1 escrita con trabajo, diversidad y anhelo de progreso. Pero tambi\u00e9n una invitaci\u00f3n a emocionarse con las tradiciones, a dejarse tentar por los sabores, a bailar al ritmo de m\u00fasicas del mundo y a descubrir que la memoria se celebra con alegr\u00eda.<\/p>\n\n\n\n<p><strong>Otros lugares para recorrer pa\u00edses dentro de la provincia de Buenos Aires<\/strong><\/p>\n\n\n\n<p>Tandil: celebra 35\u00ba Fiesta de las Colectividades, el&nbsp; s\u00e1bado 13 y domingo 14 de septiembre, a las 16:00, en el Centro<\/p>\n\n\n\n<p>Cultural Universitario, calle Irigoyen 662. Para vivenciar la cultura del mundo a trav\u00e9s de degustaciones,&nbsp; artesan\u00edas y muestras sobre las costumbres de otras comunidades. Entrada arancelada.<\/p>\n\n\n\n<p>M\u00e1s informaci\u00f3n&nbsp;<a rel=\"noreferrer noopener\" target=\"_blank\" href=\"http:\/\/www.facebook.com\/union.colectividades.tandil\/\">www.facebook.com\/union.colectividades.tandil\/<\/a><\/p>\n\n\n\n<p>Olavarr\u00eda: realiza la Fiesta del D\u00eda del Inmigrante, el domingo 14 de septiembre, a las 12:00, frente del Centro Cultural Municipal San Jos\u00e9. Feria gastron\u00f3mica, patio cervecero , danzas t\u00edpicas, talleres de idiomas y espect\u00e1culos&nbsp; musicales.<\/p>\n\n\n\n<p>M\u00e1s informaci\u00f3n:&nbsp;<a rel=\"noreferrer noopener\" target=\"_blank\" href=\"http:\/\/www.instagram.com\/union.colectividades.olavarria\/\">www.instagram.com\/union.colectividades.olavarria\/<\/a><\/p>\n\n\n\n<p>Alte Brown: el noroeste asi\u00e1tico celebra el 17\u00b0 Matsuri. Un d\u00eda cargado de cultura japonesa para toda la familia. Domingo 5 de octubre, de 10:00 a 17:00, en la Asociaci\u00f3n Japonesa, av. Jap\u00f3n y av. Monteverde, Burzaco.<\/p>\n\n\n\n<p>La Plata: en noviembre, Italia celebra su gastronom\u00eda y costumbres. S\u00e1bado 8 y domingo 9 de noviembre..<\/p>\n\n\n\n<p>En tiempos donde la diversidad suele ponerse en discusi\u00f3n, Berisso levanta la voz con una certeza: las identidades no se dividen, se multiplican. La Fiesta Provincial del Inmigrante es un ejemplo vivo de integraci\u00f3n, de trabajo comunitario y de memoria colectiva. Una fiesta que no solo recuerda de d\u00f3nde venimos, sino que tambi\u00e9n se\u00f1ala hacia d\u00f3nde queremos ir: juntos, con las ra\u00edces como gu\u00eda y el futuro como horizonte. Una fiesta que son muchas porque en toda la provincia de Buenos Aires, la diversidad se celebra siempre.&nbsp;<\/p>\n\n\n\n<p><\/p>\n","protected":false},"excerpt":{"rendered":"<p>En la provincia de Buenos Aires hay un lugar donde el pasado cobra vida y la diversidad se celebra en<\/p>\n","protected":false},"author":3,"featured_media":47059,"comment_status":"open","ping_status":"open","sticky":false,"template":"","format":"standard","meta":{"colormag_page_container_layout":"default_layout","colormag_page_sidebar_layout":"default_layout","footnotes":""},"categories":[1],"tags":[],"class_list":["post-50438","post","type-post","status-publish","format-standard","has-post-thumbnail","hentry","category-actualidad"],"_links":{"self":[{"href":"https:\/\/grupotiempodigital.com.ar\/index.php?rest_route=\/wp\/v2\/posts\/50438","targetHints":{"allow":["GET"]}}],"collection":[{"href":"https:\/\/grupotiempodigital.com.ar\/index.php?rest_route=\/wp\/v2\/posts"}],"about":[{"href":"https:\/\/grupotiempodigital.com.ar\/index.php?rest_route=\/wp\/v2\/types\/post"}],"author":[{"embeddable":true,"href":"https:\/\/grupotiempodigital.com.ar\/index.php?rest_route=\/wp\/v2\/users\/3"}],"replies":[{"embeddable":true,"href":"https:\/\/grupotiempodigital.com.ar\/index.php?rest_route=%2Fwp%2Fv2%2Fcomments&post=50438"}],"version-history":[{"count":1,"href":"https:\/\/grupotiempodigital.com.ar\/index.php?rest_route=\/wp\/v2\/posts\/50438\/revisions"}],"predecessor-version":[{"id":50439,"href":"https:\/\/grupotiempodigital.com.ar\/index.php?rest_route=\/wp\/v2\/posts\/50438\/revisions\/50439"}],"wp:featuredmedia":[{"embeddable":true,"href":"https:\/\/grupotiempodigital.com.ar\/index.php?rest_route=\/wp\/v2\/media\/47059"}],"wp:attachment":[{"href":"https:\/\/grupotiempodigital.com.ar\/index.php?rest_route=%2Fwp%2Fv2%2Fmedia&parent=50438"}],"wp:term":[{"taxonomy":"category","embeddable":true,"href":"https:\/\/grupotiempodigital.com.ar\/index.php?rest_route=%2Fwp%2Fv2%2Fcategories&post=50438"},{"taxonomy":"post_tag","embeddable":true,"href":"https:\/\/grupotiempodigital.com.ar\/index.php?rest_route=%2Fwp%2Fv2%2Ftags&post=50438"}],"curies":[{"name":"wp","href":"https:\/\/api.w.org\/{rel}","templated":true}]}}