{"id":50432,"date":"2025-09-12T08:49:42","date_gmt":"2025-09-12T11:49:42","guid":{"rendered":"https:\/\/grupotiempodigital.com.ar\/?p=50432"},"modified":"2025-09-12T08:49:42","modified_gmt":"2025-09-12T11:49:42","slug":"alvarez-y-kicillof-inauguraron-oficialmente-la-casa-de-la-provincia","status":"publish","type":"post","link":"https:\/\/grupotiempodigital.com.ar\/?p=50432","title":{"rendered":"ALVAREZ Y KICILLOF INAUGURARON OFICIALMENTE LA CASA DE LA PROVINCIA"},"content":{"rendered":"\n<p>Ayer por la  ma\u00f1ana, el Intendente Municipal Juan Manuel Alvarez, junto al Gobernador Axel Kicillof y los ministros bonaerenses Gabriel Katopodis y Cristina Alvarez Rodr\u00edguez, inauguraron oficialmente la Casa de la Provincia, un edificio de 3 niveles que agrupa todas las dependencias provinciales en un espacio moderno y accesible, construido en el espacio donde se encontraba el viejo Corral\u00f3n Municipal.<\/p>\n\n\n\n<p>Ante la atenta mirada de numerosos ministros provinciales e intendentes de la regi\u00f3n, adem\u00e1s de la inauguraci\u00f3n fue presentada nueva maquinaria pesada 0km. y se firmaron convenios para la construcci\u00f3n de un nuevo barrio de 23 viviendas, la edificaci\u00f3n de un proyecto de 12 departamentos que tendr\u00e1n como beneficiarios directos a adultos mayores y la realizaci\u00f3n de cord\u00f3n cuneta para las calles del Barrio Villa Ramallo.<\/p>\n\n\n\n<p>El Jefe Comunal agradeci\u00f3 al Gobernador por trabajar \u201csin diferencias entre pueblos chicos y las grandes ciudades\u201d porque \u201ctodos los bonaerenses tenemos los mismos derechos\u201d, hecho que se refleja en el n\u00famero de viviendas y las obras en ejecuci\u00f3n en General Paz enumeradas por Alvarez.&nbsp;<\/p>\n\n\n\n<p>El mandatario bonaerense, por su parte, remarc\u00f3 que ya complet\u00f3 5 visitas a la totalidad de los municipios y su gesti\u00f3n territorial, a la vez que anunci\u00f3 la construcci\u00f3n de un nuevo Centro de Atenci\u00f3n Primaria de la Salud (CAPS) en Ranchos.<\/p>\n\n\n\n<figure class=\"wp-block-image size-large\"><img loading=\"lazy\" decoding=\"async\" width=\"1024\" height=\"682\" src=\"https:\/\/grupotiempodigital.com.ar\/wp-content\/uploads\/2025\/09\/1_1-1024x682.jpg\" alt=\"\" class=\"wp-image-50434\" srcset=\"https:\/\/grupotiempodigital.com.ar\/wp-content\/uploads\/2025\/09\/1_1-1024x682.jpg 1024w, https:\/\/grupotiempodigital.com.ar\/wp-content\/uploads\/2025\/09\/1_1-300x200.jpg 300w, https:\/\/grupotiempodigital.com.ar\/wp-content\/uploads\/2025\/09\/1_1-768x512.jpg 768w, https:\/\/grupotiempodigital.com.ar\/wp-content\/uploads\/2025\/09\/1_1-1536x1023.jpg 1536w, https:\/\/grupotiempodigital.com.ar\/wp-content\/uploads\/2025\/09\/1_1.jpg 1600w\" sizes=\"auto, (max-width: 1024px) 100vw, 1024px\" \/><\/figure>\n\n\n\n<figure class=\"wp-block-image size-large\"><img loading=\"lazy\" decoding=\"async\" width=\"1024\" height=\"682\" src=\"https:\/\/grupotiempodigital.com.ar\/wp-content\/uploads\/2025\/09\/3-3-1024x682.jpg\" alt=\"\" class=\"wp-image-50435\" srcset=\"https:\/\/grupotiempodigital.com.ar\/wp-content\/uploads\/2025\/09\/3-3-1024x682.jpg 1024w, https:\/\/grupotiempodigital.com.ar\/wp-content\/uploads\/2025\/09\/3-3-300x200.jpg 300w, https:\/\/grupotiempodigital.com.ar\/wp-content\/uploads\/2025\/09\/3-3-768x512.jpg 768w, https:\/\/grupotiempodigital.com.ar\/wp-content\/uploads\/2025\/09\/3-3-1536x1023.jpg 1536w, https:\/\/grupotiempodigital.com.ar\/wp-content\/uploads\/2025\/09\/3-3.jpg 1600w\" sizes=\"auto, (max-width: 1024px) 100vw, 1024px\" \/><\/figure>\n\n\n\n<figure class=\"wp-block-image size-large\"><img loading=\"lazy\" decoding=\"async\" width=\"1024\" height=\"682\" src=\"https:\/\/grupotiempodigital.com.ar\/wp-content\/uploads\/2025\/09\/4-1024x682.jpg\" alt=\"\" class=\"wp-image-50436\" srcset=\"https:\/\/grupotiempodigital.com.ar\/wp-content\/uploads\/2025\/09\/4-1024x682.jpg 1024w, https:\/\/grupotiempodigital.com.ar\/wp-content\/uploads\/2025\/09\/4-300x200.jpg 300w, https:\/\/grupotiempodigital.com.ar\/wp-content\/uploads\/2025\/09\/4-768x512.jpg 768w, https:\/\/grupotiempodigital.com.ar\/wp-content\/uploads\/2025\/09\/4-1536x1023.jpg 1536w, https:\/\/grupotiempodigital.com.ar\/wp-content\/uploads\/2025\/09\/4.jpg 1600w\" sizes=\"auto, (max-width: 1024px) 100vw, 1024px\" \/><\/figure>\n","protected":false},"excerpt":{"rendered":"<p>Ayer por la ma\u00f1ana, el Intendente Municipal Juan Manuel Alvarez, junto al Gobernador Axel Kicillof y los ministros bonaerenses Gabriel<\/p>\n","protected":false},"author":3,"featured_media":50433,"comment_status":"open","ping_status":"open","sticky":false,"template":"","format":"standard","meta":{"colormag_page_container_layout":"default_layout","colormag_page_sidebar_layout":"default_layout","footnotes":""},"categories":[1],"tags":[],"class_list":["post-50432","post","type-post","status-publish","format-standard","has-post-thumbnail","hentry","category-actualidad"],"_links":{"self":[{"href":"https:\/\/grupotiempodigital.com.ar\/index.php?rest_route=\/wp\/v2\/posts\/50432","targetHints":{"allow":["GET"]}}],"collection":[{"href":"https:\/\/grupotiempodigital.com.ar\/index.php?rest_route=\/wp\/v2\/posts"}],"about":[{"href":"https:\/\/grupotiempodigital.com.ar\/index.php?rest_route=\/wp\/v2\/types\/post"}],"author":[{"embeddable":true,"href":"https:\/\/grupotiempodigital.com.ar\/index.php?rest_route=\/wp\/v2\/users\/3"}],"replies":[{"embeddable":true,"href":"https:\/\/grupotiempodigital.com.ar\/index.php?rest_route=%2Fwp%2Fv2%2Fcomments&post=50432"}],"version-history":[{"count":1,"href":"https:\/\/grupotiempodigital.com.ar\/index.php?rest_route=\/wp\/v2\/posts\/50432\/revisions"}],"predecessor-version":[{"id":50437,"href":"https:\/\/grupotiempodigital.com.ar\/index.php?rest_route=\/wp\/v2\/posts\/50432\/revisions\/50437"}],"wp:featuredmedia":[{"embeddable":true,"href":"https:\/\/grupotiempodigital.com.ar\/index.php?rest_route=\/wp\/v2\/media\/50433"}],"wp:attachment":[{"href":"https:\/\/grupotiempodigital.com.ar\/index.php?rest_route=%2Fwp%2Fv2%2Fmedia&parent=50432"}],"wp:term":[{"taxonomy":"category","embeddable":true,"href":"https:\/\/grupotiempodigital.com.ar\/index.php?rest_route=%2Fwp%2Fv2%2Fcategories&post=50432"},{"taxonomy":"post_tag","embeddable":true,"href":"https:\/\/grupotiempodigital.com.ar\/index.php?rest_route=%2Fwp%2Fv2%2Ftags&post=50432"}],"curies":[{"name":"wp","href":"https:\/\/api.w.org\/{rel}","templated":true}]}}