{"id":5043,"date":"2014-11-18T18:25:28","date_gmt":"2014-11-18T21:25:28","guid":{"rendered":"http:\/\/grupotiempodigital.com.ar\/?p=5043"},"modified":"2014-11-18T18:25:28","modified_gmt":"2014-11-18T21:25:28","slug":"jefatura-policia-comunal-general-paz-robos-actuaciones-contravencionales-y-choque","status":"publish","type":"post","link":"https:\/\/grupotiempodigital.com.ar\/?p=5043","title":{"rendered":"Jefatura Polic\u00eda Comunal General Paz: Robos, actuaciones contravencionales y choque"},"content":{"rendered":"<p>Por Intermedio de la presente y a trav\u00e9s de los medios period\u00edsticos, informo a la poblaci\u00f3n en su totalidad lo ocurrido \u00faltimamente:<\/p>\n<p>\u2022El d\u00eda viernes 14 del cte. mes y a\u00f1o, 20 hs, se recepciona denuncia al Sr. IZURIETA CLAUDIO RAUL, que, en circunstancias que viaj\u00f3 en la franja horaria de 17.30 hs a 19.40 hs aprox., cuando regresa a su domicilio constata que autor\/es ignorado\/s ingresaron y le sustrajeron: dos tv Led, una notebook, una consola de videojuego, una Tablet, joyer\u00eda de oro varias. Se instruyen actuaciones con intervenci\u00f3n de la Fiscal\u00eda de La Plata. Se llev\u00f3 a cabo adelante investigaci\u00f3n, a trav\u00e9s de testigos oculares aporten datos de inter\u00e9s. Se inspeccionan las filmaciones de las c\u00e1maras de filmaciones del municipio local.-<\/p>\n<p>\u2022El d\u00eda s\u00e1bado 15 del cte, a la medianoche, se instruyeron actuaciones contravencionales por \u201cINFR ARTS 72, 74 y 35 LEY 8031\/73\u201d, a ra\u00edz de que se procede a la detenci\u00f3n de DUANGCHANH CARLOS ALBERTO, en la v\u00eda p\u00fablica, quien circulaba en estado de ebriedad, alterando el \u00f3rden p\u00fablico, incitando a la pelea. Interviene el Juez de Paz de \u00e9sta localidad, Dr. Escapil. \u2013<\/p>\n<p>\u2022Domingo 16 del cte., por causas que se tratan de establecer, circunstancias autom\u00f3vil Volkswagen Fox, color rojo, pte HUY-376, conducido por GUTIERREZ JOSE ALBERTO, circulando por la calle Mitre de \u00e9sta ciudad, es colisionado en su parte lateral derecha por motoveh\u00edculo marca Keller, de 260cc, conducida por ACOSTA ACU\u00d1A JULIO DANIEL, acompa\u00f1ado por SOTO MILTON LEANDRO, ra\u00edz del impacto, conductor y acompa\u00f1ante de la moto fueron trasladados al hospital local. Se instruyen actuaciones caratuladas \u201cLESIONES CULPOSAS\u201d con intervenci\u00f3n de la Fiscal\u00eda n\u00ba 10 del Dpto. Judicial La Plata.-<br \/>\n(Parte de prensa del 17-11-2014)<\/p>\n<p>Se informa a la poblaci\u00f3n lo ocurrido en el d\u00eda de la fecha:<br \/>\n*Siendo las 11 hs aproximadamente, se toma conocimiento que en circunstancias que Mirta Rescinito arribaba a su domicilio, sita en calle Rivadavia n\u00b0 2935 de \u00e9sta ciudad, estacionando su veh\u00edculo Toyota Etio en el interior de su garaje y al momento que dispone bajarse es abordado por 2NN masculinos, esgrimiendo uno de \u00e9stos, por sus caracter\u00edsticas, un revolver, sustray\u00e9ndole la jubilaci\u00f3n que hab\u00eda cobrado momentos antes en el Banco Provincia de Bs As de \u00e9sta ciudad. Advirtiendo, por el espejo retrovisor, que los individuos se sube a un rodado blanco o gris claro. Se lleva adelante las tareas investigativas, inspecci\u00f3n de las c\u00e1maras y el aporte de testigos oculares al fin de lograr la individualizaci\u00f3n de veh\u00edculos y autores para solventar los pertinentes actos procesales. Se instruye actuaciones con intervenci\u00f3n de la Fiscal\u00eda La Plata caratulado \u201cRobo Agravado\u201d.-<\/p>\n<p>(Parte de prensa del 18-11-2014)<\/p>\n<p>Fernando Javier Arrubia<br \/>\nComisario<br \/>\nJefe Pc\u00eda. Cnal. Gral Paz<\/p>\n","protected":false},"excerpt":{"rendered":"<p>Por Intermedio de la presente y a trav\u00e9s de los medios period\u00edsticos, informo a la poblaci\u00f3n en su totalidad lo<\/p>\n","protected":false},"author":3,"featured_media":0,"comment_status":"open","ping_status":"open","sticky":false,"template":"","format":"standard","meta":{"colormag_page_container_layout":"default_layout","colormag_page_sidebar_layout":"default_layout","footnotes":""},"categories":[1],"tags":[],"class_list":["post-5043","post","type-post","status-publish","format-standard","hentry","category-actualidad"],"_links":{"self":[{"href":"https:\/\/grupotiempodigital.com.ar\/index.php?rest_route=\/wp\/v2\/posts\/5043","targetHints":{"allow":["GET"]}}],"collection":[{"href":"https:\/\/grupotiempodigital.com.ar\/index.php?rest_route=\/wp\/v2\/posts"}],"about":[{"href":"https:\/\/grupotiempodigital.com.ar\/index.php?rest_route=\/wp\/v2\/types\/post"}],"author":[{"embeddable":true,"href":"https:\/\/grupotiempodigital.com.ar\/index.php?rest_route=\/wp\/v2\/users\/3"}],"replies":[{"embeddable":true,"href":"https:\/\/grupotiempodigital.com.ar\/index.php?rest_route=%2Fwp%2Fv2%2Fcomments&post=5043"}],"version-history":[{"count":0,"href":"https:\/\/grupotiempodigital.com.ar\/index.php?rest_route=\/wp\/v2\/posts\/5043\/revisions"}],"wp:attachment":[{"href":"https:\/\/grupotiempodigital.com.ar\/index.php?rest_route=%2Fwp%2Fv2%2Fmedia&parent=5043"}],"wp:term":[{"taxonomy":"category","embeddable":true,"href":"https:\/\/grupotiempodigital.com.ar\/index.php?rest_route=%2Fwp%2Fv2%2Fcategories&post=5043"},{"taxonomy":"post_tag","embeddable":true,"href":"https:\/\/grupotiempodigital.com.ar\/index.php?rest_route=%2Fwp%2Fv2%2Ftags&post=5043"}],"curies":[{"name":"wp","href":"https:\/\/api.w.org\/{rel}","templated":true}]}}