{"id":50427,"date":"2025-09-12T08:36:07","date_gmt":"2025-09-12T11:36:07","guid":{"rendered":"https:\/\/grupotiempodigital.com.ar\/?p=50427"},"modified":"2025-09-12T08:36:08","modified_gmt":"2025-09-12T11:36:08","slug":"informacion-social-ranchos-chascomus-pila-368","status":"publish","type":"post","link":"https:\/\/grupotiempodigital.com.ar\/?p=50427","title":{"rendered":"INFORMACI\u00d3N SOCIAL RANCHOS \u2013 CHASCOM\u00daS \u2013 PILA"},"content":{"rendered":"\n<p><strong><u>CUMPLEA\u00d1OS RANCHOS<\/u><\/strong><\/p>\n\n\n\n<p><br \/><strong><u>VIERNES 12 DE SEPTIEMBRE<\/u>: FLORENCIA GALLI, NOELIA CHANCEL.<\/strong><\/p>\n\n\n\n<p><strong><u>FARMACIAS DE TURNO VIERNES 12 DE SEPTIEMBRE<\/u><\/strong><\/p>\n\n\n\n<p><strong><br \/>RANCHOS: DUCLOS (Irigoyen y Ameghino)<\/strong><\/p>\n\n\n\n<p><strong>CHASCOM\u00daS: PENSA (Yrigoyen 710) y FARMASUR (Alfons\u00edn y B. Blanca)<\/strong><\/p>\n\n\n\n<p><strong>PILA: MORISET (17 n\u00ba 227)<\/strong><\/p>\n\n\n\n<p><strong><u>CUMPLEA\u00d1OS RANCHOS<\/u><\/strong><\/p>\n\n\n\n<p><br \/><strong><u>SABADO 13 DE SEPTIEMBRE<\/u>: ELSA RAQUEL DOMINGUEZ DE FERRANTE, IRIAM ARMAS, LUSINA GODOY, SANTIAGO GABRIEL PAZ.<\/strong><\/p>\n\n\n\n<p><strong><u>FARMACIAS DE TURNO SABADO 13 DE SEPTIEMBRE<\/u><\/strong><\/p>\n\n\n\n<p><strong><br \/>RANCHOS: BRAMBILLA (Garay y Betbeze)<\/strong><\/p>\n\n\n\n<p><strong>CHASCOM\u00daS: BELGRANO (Belgrano 649) y CANGIALOSI (Garay 56)<\/strong><\/p>\n\n\n\n<p><strong>PILA: MORISET (17 n\u00ba 227)<\/strong><\/p>\n\n\n\n<p><strong><u>CUMPLEA\u00d1OS RANCHOS<\/u><\/strong><\/p>\n\n\n\n<p><br \/><strong><u>DOMINGO 14 DE SEPTIEMBRE<\/u>: OSCAR R. ALONSO, MARIELA TORRES, BETTY DE ANCROLA.<\/strong><\/p>\n\n\n\n<p><strong><u>FARMACIAS DE TURNO DOMINGO 14DE SEPTIEMBRE<\/u><\/strong><\/p>\n\n\n\n<p><strong><br \/>RANCHOS: BRAMBILLA (Garay y Betbeze)<\/strong><\/p>\n\n\n\n<p><strong>CHASCOM\u00daS: PUYSSEGUR (L. del Sur 946) y ALFONSIN (l. DEL Sur 133)<\/strong><\/p>\n\n\n\n<p><strong>PILA: MORISET (17 n\u00ba 227)<\/strong><\/p>\n\n\n\n<p><strong><u>NECROLOGICA CHASCOMUS<\/u><\/strong><\/p>\n\n\n\n<p><strong>Falleci\u00f3 en horas de la tarde noche de ayer HECTOR EMILIO CABRERA en Chascom\u00fas a los 84 a\u00f1os de edad. Sus restos ser\u00e1n velados en Sala Velatoria de Castelli 68 hoy 12\/09 de 8 a 11:30 hs., luego trasladados sus restos hacia la necr\u00f3polis local para su posterior cremaci\u00f3n (Sepelios Portela).<\/strong><\/p>\n\n\n\n<p><\/p>\n","protected":false},"excerpt":{"rendered":"<p>CUMPLEA\u00d1OS RANCHOS VIERNES 12 DE SEPTIEMBRE: FLORENCIA GALLI, NOELIA CHANCEL. FARMACIAS DE TURNO VIERNES 12 DE SEPTIEMBRE RANCHOS: DUCLOS (Irigoyen<\/p>\n","protected":false},"author":3,"featured_media":47075,"comment_status":"open","ping_status":"open","sticky":false,"template":"","format":"standard","meta":{"colormag_page_container_layout":"default_layout","colormag_page_sidebar_layout":"default_layout","footnotes":""},"categories":[1],"tags":[],"class_list":["post-50427","post","type-post","status-publish","format-standard","has-post-thumbnail","hentry","category-actualidad"],"_links":{"self":[{"href":"https:\/\/grupotiempodigital.com.ar\/index.php?rest_route=\/wp\/v2\/posts\/50427","targetHints":{"allow":["GET"]}}],"collection":[{"href":"https:\/\/grupotiempodigital.com.ar\/index.php?rest_route=\/wp\/v2\/posts"}],"about":[{"href":"https:\/\/grupotiempodigital.com.ar\/index.php?rest_route=\/wp\/v2\/types\/post"}],"author":[{"embeddable":true,"href":"https:\/\/grupotiempodigital.com.ar\/index.php?rest_route=\/wp\/v2\/users\/3"}],"replies":[{"embeddable":true,"href":"https:\/\/grupotiempodigital.com.ar\/index.php?rest_route=%2Fwp%2Fv2%2Fcomments&post=50427"}],"version-history":[{"count":1,"href":"https:\/\/grupotiempodigital.com.ar\/index.php?rest_route=\/wp\/v2\/posts\/50427\/revisions"}],"predecessor-version":[{"id":50428,"href":"https:\/\/grupotiempodigital.com.ar\/index.php?rest_route=\/wp\/v2\/posts\/50427\/revisions\/50428"}],"wp:featuredmedia":[{"embeddable":true,"href":"https:\/\/grupotiempodigital.com.ar\/index.php?rest_route=\/wp\/v2\/media\/47075"}],"wp:attachment":[{"href":"https:\/\/grupotiempodigital.com.ar\/index.php?rest_route=%2Fwp%2Fv2%2Fmedia&parent=50427"}],"wp:term":[{"taxonomy":"category","embeddable":true,"href":"https:\/\/grupotiempodigital.com.ar\/index.php?rest_route=%2Fwp%2Fv2%2Fcategories&post=50427"},{"taxonomy":"post_tag","embeddable":true,"href":"https:\/\/grupotiempodigital.com.ar\/index.php?rest_route=%2Fwp%2Fv2%2Ftags&post=50427"}],"curies":[{"name":"wp","href":"https:\/\/api.w.org\/{rel}","templated":true}]}}