{"id":50420,"date":"2025-09-11T09:05:58","date_gmt":"2025-09-11T12:05:58","guid":{"rendered":"https:\/\/grupotiempodigital.com.ar\/?p=50420"},"modified":"2025-09-11T09:05:58","modified_gmt":"2025-09-11T12:05:58","slug":"efemerides-del-11-de-septiembre","status":"publish","type":"post","link":"https:\/\/grupotiempodigital.com.ar\/?p=50420","title":{"rendered":"Efem\u00e9rides del 11 de septiembre"},"content":{"rendered":"\n<ul class=\"wp-block-list\">\n<li><strong>\u00a0D\u00cdA DEL MAESTRO.\u00a0Se celebra el D\u00eda del Maestro en conmemoraci\u00f3n de la fecha de 1888 en la que falleci\u00f3 el expresidente Domingo Faustino Sarmiento, considerado \u00abel padre del aula\u00bb por su labor en favor de la educaci\u00f3n p\u00fablica.<\/strong><strong> <\/strong><\/li>\n\n\n\n<li><strong>1810 &#8211; ACADEMIA DE MATEM\u00c1TICAS. Se inaugura en Buenos Aires la Academia de Matem\u00e1ticas por iniciativa del abogado Manuel Belgrano, vocal de la Primera Junta de gobierno aut\u00f3nomo de la corona espa\u00f1ola. Su finalidad era ense\u00f1ar aritm\u00e9tica, \u00e1lgebra y trigonometr\u00eda, sobre todo para formar a j\u00f3venes que quisieran seguir la carrera militar.<\/strong><\/li>\n\n\n\n<li><strong>1888 &#8211; DOMINGO F. SARMIENTO.\u00a0A la edad de 77 a\u00f1os muere en Asunci\u00f3n del Paraguay el docente, diplom\u00e1tico y militar Domingo Faustino Sarmiento, presidente de la Naci\u00f3n entre 1868 y 1874 a quien se llama \u201cpadre del aula\u201d por ser un gran promotor de la educaci\u00f3n p\u00fablica en todo el pa\u00eds.<\/strong><\/li>\n\n\n\n<li><strong>1940 &#8211; BRIAN DE PALMA.\u00a0Nace en la ciudad de Newark (Nueva Jersey, EEUU), el guionista y director de cine Brian de Palma, ganador de un premio en el Festival de Cine de Venecia quien lleva filmadas 31 pel\u00edculas, entre ellas las taquilleras Scarface, Carrie y Los intocables.<\/strong><\/li>\n\n\n\n<li><strong>1951 &#8211; HUGO PORTA.\u00a0Nace en Buenos Aires el exrugbier Hugo Porta, considerado el mejor jugador de la historia del seleccionado de Los Pumas y uno de los m\u00e1s grandes aperturas de todos los tiempos. Fue figura del Club Banco Naci\u00f3n, gan\u00f3 dos premios Konex y en 1997 fue incluido en el Sal\u00f3n de la Fama del Rugby.<\/strong><\/li>\n\n\n\n<li><strong>1973 &#8211; SALVADOR ALLENDE.\u00a0El presidente de Chile, Salvador Allende, se suicida a la edad de 65 a\u00f1os en el Palacio de la Moneda, sede del gobierno chileno, en medio del bombardeo desatado durante el golpe de Estado encabezado por el general Augusto Pinochet, el comienzo de 17 a\u00f1os de dictadura militar.<\/strong><\/li>\n\n\n\n<li><strong>1977 &#8211; GUILLERMO VILAS.\u00a0El marplatense Guillermo Vilas se convierte en el \u00fanico argentino en alcanzar el puesto n\u00famero dos de la clasificaci\u00f3n mundial de la Asociaci\u00f3n de Tenistas Profesionales al ganar el torneo de Forest Hills al vencer al estadounidense Jimmy Connors, n\u00famero uno del mundo. La de 1977 fue una temporada inolvidable en la exitosa carrera de Vilas: gan\u00f3 16 torneos con un r\u00e9cord de victorias consecutivas.<\/strong><\/li>\n\n\n\n<li><strong>1987 &#8211; PETER TOSH.\u00a0A la edad de 42 a\u00f1os muere en Kingston el m\u00fasico jamaiquino de reggae Peter Tosh (Winston Hubert McIntosh), uno de los m\u00e1ximos representantes del<\/strong><\/li>\n\n\n\n<li><strong>movimiento rastafari. Form\u00f3 parte de la banda de reggae The Wailers liderada por Bob Marley y desarroll\u00f3 luego una exitosa carrera como solista.<\/strong><\/li>\n\n\n\n<li><strong>2001 &#8211; TORRES GEMELAS.\u00a0Las dos Torres Gemelas del complejo World Trade Center de Nueva York caen derribadas luego del impacto de aviones de l\u00edneas comerciales en un atentado terrorista cometido por el grupo integrista isl\u00e1mico Al Qaeda que caus\u00f3 la muerte de m\u00e1s de casi 3.000 personas.<\/strong><\/li>\n\n\n\n<li><strong>2005 &#8211; SERGIO AGUERO.\u00a0El delantero Sergio \u201cKun\u201d Aguero convierte un gol de antolog\u00eda en la goleada de Independiente por 4-0 a Racing Club en un cl\u00e1sico por la sexta fecha del torneo Apertura 2005 disputado en el estadio Libertadores de Am\u00e9rica. El gol del Kun fue el cuarto del equipo \u201crojo\u201d, dirigido por Julio C\u00e9sar Falcioni. Los otros tres goles los marc\u00f3 Nicol\u00e1s Frutos.<\/strong><\/li>\n<\/ul>\n","protected":false},"excerpt":{"rendered":"","protected":false},"author":3,"featured_media":47067,"comment_status":"open","ping_status":"open","sticky":false,"template":"","format":"standard","meta":{"colormag_page_container_layout":"default_layout","colormag_page_sidebar_layout":"default_layout","footnotes":""},"categories":[1],"tags":[],"class_list":["post-50420","post","type-post","status-publish","format-standard","has-post-thumbnail","hentry","category-actualidad"],"_links":{"self":[{"href":"https:\/\/grupotiempodigital.com.ar\/index.php?rest_route=\/wp\/v2\/posts\/50420","targetHints":{"allow":["GET"]}}],"collection":[{"href":"https:\/\/grupotiempodigital.com.ar\/index.php?rest_route=\/wp\/v2\/posts"}],"about":[{"href":"https:\/\/grupotiempodigital.com.ar\/index.php?rest_route=\/wp\/v2\/types\/post"}],"author":[{"embeddable":true,"href":"https:\/\/grupotiempodigital.com.ar\/index.php?rest_route=\/wp\/v2\/users\/3"}],"replies":[{"embeddable":true,"href":"https:\/\/grupotiempodigital.com.ar\/index.php?rest_route=%2Fwp%2Fv2%2Fcomments&post=50420"}],"version-history":[{"count":1,"href":"https:\/\/grupotiempodigital.com.ar\/index.php?rest_route=\/wp\/v2\/posts\/50420\/revisions"}],"predecessor-version":[{"id":50421,"href":"https:\/\/grupotiempodigital.com.ar\/index.php?rest_route=\/wp\/v2\/posts\/50420\/revisions\/50421"}],"wp:featuredmedia":[{"embeddable":true,"href":"https:\/\/grupotiempodigital.com.ar\/index.php?rest_route=\/wp\/v2\/media\/47067"}],"wp:attachment":[{"href":"https:\/\/grupotiempodigital.com.ar\/index.php?rest_route=%2Fwp%2Fv2%2Fmedia&parent=50420"}],"wp:term":[{"taxonomy":"category","embeddable":true,"href":"https:\/\/grupotiempodigital.com.ar\/index.php?rest_route=%2Fwp%2Fv2%2Fcategories&post=50420"},{"taxonomy":"post_tag","embeddable":true,"href":"https:\/\/grupotiempodigital.com.ar\/index.php?rest_route=%2Fwp%2Fv2%2Ftags&post=50420"}],"curies":[{"name":"wp","href":"https:\/\/api.w.org\/{rel}","templated":true}]}}