{"id":50418,"date":"2025-09-11T09:02:07","date_gmt":"2025-09-11T12:02:07","guid":{"rendered":"https:\/\/grupotiempodigital.com.ar\/?p=50418"},"modified":"2025-09-11T09:02:08","modified_gmt":"2025-09-11T12:02:08","slug":"informacion-social-ranchos-chascomus-pila-367","status":"publish","type":"post","link":"https:\/\/grupotiempodigital.com.ar\/?p=50418","title":{"rendered":"INFORMACI\u00d3N SOCIAL RANCHOS \u2013 CHASCOM\u00daS \u2013 PILA"},"content":{"rendered":"\n<p><strong><u>CUMPLEA\u00d1OS RANCHOS<\/u><\/strong><\/p>\n\n\n\n<p><strong><u>JUEVES 11 DE SEPTIEMBRE<\/u>: IVANA PONCE, PATRICIA GARAY, MIRIAM SPERATI, MARITA CHAPA, NORBERTO PAZ, SILBINA BRENNA.<\/strong><\/p>\n\n\n\n<p><strong><u>FARMACIAS DE TURNO JUEVES 11 DE SEPTIEMBRE<\/u><\/strong><\/p>\n\n\n\n<p><strong>RANCHOS: D ANDREA (Campomar Y Moises Tinao)<\/strong><\/p>\n\n\n\n<p><strong>CHASCOM\u00daS: PASTEUR (Libres del Sur 302) y POZZI (Rioja 28)<\/strong><\/p>\n\n\n\n<p><strong>PILA: MORISET (17 n\u00ba 227)<\/strong><\/p>\n\n\n\n<p><strong><u>NECROLOGICAS CHASCOMUS &nbsp;&nbsp;<\/u><\/strong><\/p>\n\n\n\n<p><strong>En horas la tarde de ayer mi\u00e9rcoles y tras las alternativas de una larga dolencia dejo de existir en nuestra ciudad ROSA ISABEL SEGOVIA de OCAMPO. La extinta desaparece a los 82 a\u00f1os de edad. Los restos de ROSA ISABEL SEGOVIA de OCAMPO son velados en la sala velatoria de Remedios de Escalada N\u00b0 92 y ser\u00e1n trasladados al Cementerio municipal de Chascom\u00fas para su cremaci\u00f3n hoy a las 11.15 hs.- (Casa Sallaberry)&nbsp;<\/strong><\/p>\n\n\n\n<p><strong>En horas de la noche de ayer mi\u00e9rcoles dejo de existir en nuestra ciudad ANA MARIA OLGUIN. La extinta desaparece a los 81 a\u00f1os de edad. Los restos de ANA MARIA OLGUIN son velados en la Iglesia ubicada en J Quintana N\u00b0 127 entre R de Escalada y Soler ser\u00e1n trasladados al Cementerio municipal de Chascom\u00fas para su cremaci\u00f3n hoy a las 12.15 hs.- (Casa Sallaberry)<\/strong><\/p>\n\n\n\n<p><strong>En horas de la noche de ayer mi\u00e9rcoles dejo de existir en la ciudad de La Plata donde se encontraba internada FELISA VILLANO. La extinta desaparece a los 70 a\u00f1os de edad. Los restos de FELISA VILLANO ser\u00e1n velados y trasladados al Cementerio municipal de Chascom\u00fas en horario a confirmar.- (Casa Sallaberry)<\/strong><\/p>\n","protected":false},"excerpt":{"rendered":"<p>CUMPLEA\u00d1OS RANCHOS JUEVES 11 DE SEPTIEMBRE: IVANA PONCE, PATRICIA GARAY, MIRIAM SPERATI, MARITA CHAPA, NORBERTO PAZ, SILBINA BRENNA. FARMACIAS DE<\/p>\n","protected":false},"author":3,"featured_media":47075,"comment_status":"open","ping_status":"open","sticky":false,"template":"","format":"standard","meta":{"colormag_page_container_layout":"default_layout","colormag_page_sidebar_layout":"default_layout","footnotes":""},"categories":[1],"tags":[],"class_list":["post-50418","post","type-post","status-publish","format-standard","has-post-thumbnail","hentry","category-actualidad"],"_links":{"self":[{"href":"https:\/\/grupotiempodigital.com.ar\/index.php?rest_route=\/wp\/v2\/posts\/50418","targetHints":{"allow":["GET"]}}],"collection":[{"href":"https:\/\/grupotiempodigital.com.ar\/index.php?rest_route=\/wp\/v2\/posts"}],"about":[{"href":"https:\/\/grupotiempodigital.com.ar\/index.php?rest_route=\/wp\/v2\/types\/post"}],"author":[{"embeddable":true,"href":"https:\/\/grupotiempodigital.com.ar\/index.php?rest_route=\/wp\/v2\/users\/3"}],"replies":[{"embeddable":true,"href":"https:\/\/grupotiempodigital.com.ar\/index.php?rest_route=%2Fwp%2Fv2%2Fcomments&post=50418"}],"version-history":[{"count":1,"href":"https:\/\/grupotiempodigital.com.ar\/index.php?rest_route=\/wp\/v2\/posts\/50418\/revisions"}],"predecessor-version":[{"id":50419,"href":"https:\/\/grupotiempodigital.com.ar\/index.php?rest_route=\/wp\/v2\/posts\/50418\/revisions\/50419"}],"wp:featuredmedia":[{"embeddable":true,"href":"https:\/\/grupotiempodigital.com.ar\/index.php?rest_route=\/wp\/v2\/media\/47075"}],"wp:attachment":[{"href":"https:\/\/grupotiempodigital.com.ar\/index.php?rest_route=%2Fwp%2Fv2%2Fmedia&parent=50418"}],"wp:term":[{"taxonomy":"category","embeddable":true,"href":"https:\/\/grupotiempodigital.com.ar\/index.php?rest_route=%2Fwp%2Fv2%2Fcategories&post=50418"},{"taxonomy":"post_tag","embeddable":true,"href":"https:\/\/grupotiempodigital.com.ar\/index.php?rest_route=%2Fwp%2Fv2%2Ftags&post=50418"}],"curies":[{"name":"wp","href":"https:\/\/api.w.org\/{rel}","templated":true}]}}