{"id":50416,"date":"2025-09-10T07:42:00","date_gmt":"2025-09-10T10:42:00","guid":{"rendered":"https:\/\/grupotiempodigital.com.ar\/?p=50416"},"modified":"2025-09-09T22:46:23","modified_gmt":"2025-09-10T01:46:23","slug":"efemerides-del-10-de-septiembre-2","status":"publish","type":"post","link":"https:\/\/grupotiempodigital.com.ar\/?p=50416","title":{"rendered":"Efem\u00e9rides del 10 de septiembre"},"content":{"rendered":"\n<ul class=\"wp-block-list\">\n<li class=\"has-medium-font-size\"><strong>1814 &#8211; PROVINCIA DE CORRIENTES. El director supremo de las Provincias Unidas del R\u00edo de la Plata, Gervasio Antonio de Posadas, crea por decreto a la provincia de Corrientes, que inclu\u00eda a territorios de la actual Misiones. Corrientes es una de las 14 provincias originales de la Confederaci\u00f3n Argentina.<\/strong><br \/><strong>1833 &#8211; JUAN JOS\u00c9 PASO. A la edad de 75 a\u00f1os muere en Buenos Aires el doctor en leyes y pol\u00edtico Juan Jos\u00e9 Paso (Juan Jos\u00e9 Esteban del Passo), quien fue secretario de la Primera Junta de Gobierno aut\u00f3nomo de Espa\u00f1a en 1810. Paso form\u00f3 parte de los triunviratos de las Provincias Unidas del R\u00edo de la Plata constituidos en 1811 y 1812.<\/strong><br \/><strong>1911 &#8211; NELLY OMAR. Nace en la ciudad bonaerense de Guamin\u00ed la actriz y cantante de folclore y tangos Nelly Omar (Nilda Elvira Vattuone), ciudadana ilustre de la ciudad de Buenos Aires por su larga carrera art\u00edstica. Fue tambi\u00e9n declarada embajadora del Tango.<\/strong><br \/><strong>1943 &#8211; JORGE PINCHEVSKY. Nace en la ciudad santafesina de Rosario el violinista de m\u00fasica cl\u00e1sica, folclore, tango y rock Jorge Pinchevsky, el violinista con mayor renombre en el rock argentino. Form\u00f3 parte en bandas pioneras del rock argentino, como La Cofrad\u00eda de la Flor Solar y Billy Bond y La Pesada del Rock and Roll.<\/strong><br \/><strong>1945 &#8211; JOS\u00c9 FELICIANO. Nace en el pueblo portorrique\u00f1o de Lares el m\u00fasico y cantautor Jos\u00e9 Feliciano (Jos\u00e9 Monserrate Feliciano Garc\u00eda), quien grab\u00f3 m\u00e1s de 600 canciones y vendi\u00f3 m\u00e1s de 50 millones de discos. Se lo se\u00f1ala como el primer hispanoamericano en entrar al mercado de la m\u00fasica en ingl\u00e9s. Fue pionero en incluir en sus discos alg\u00fan dueto con otros artistas.<\/strong><br \/><strong>1950 &#8211; JOE PERRY. Nace en la ciudad de Lawrence (Massachusetts, EEUU) el m\u00fasico y compositor estadounidense Joe Perry (Anthony Joseph Pereira) guitarrista de la banda de hard rock Aerosmith, con la que vendi\u00f3 m\u00e1s de 200 millones de discos.<\/strong><br \/><strong>1975 &#8211; KISS ALIVE. La banda de rock estadounidense Kiss lanza Alive!, su primer disco de un recital en vivo que lo lanzar\u00eda a la fama mundial. Es el cuarto \u00e1lbum de Kiss, considerado un hito en las ventas de \u00e1lbumes de rock grabados en vivo.<\/strong><br \/><strong>1981 &#8211; GUERNICA DE PICASSO. Expuesto en el Museo de Arte Moderno de Nueva York desde 1939, el cuadro Guernica, del pintor espa\u00f1ol Pablo Picasso, regresa a una Espa\u00f1a que recuper\u00f3 la democracia al cabo de 35 a\u00f1os de dictadura franquista. Se expuso primero en el Cas\u00f3n del Buen Retiro de Madrid hasta 1992, cuando pas\u00f3 al tambi\u00e9n madrile\u00f1o Museo Reina Sof\u00eda, donde se est\u00e1 en la actualidad.<\/strong><br \/><strong>2006 &#8211; MICHAEL SCHUMACHER. El piloto alem\u00e1n de automovilismo Michael Schumacher, siete veces campe\u00f3n de F\u00f3rmula 1, anuncia su retiro luego de ganar en Monza el Gran Premio de Italia con la escuder\u00eda Ferrari. Faltaban tres carreras para concluir el campeonato de 2006. En la siguiente temporada Schumacher fue sustituido por el fin\u00e9s Kimi Raikkonen.<\/strong><br \/><strong>2023 &#8211; PREVENCI\u00d3N DEL SUICIDIO. Se celebra el D\u00eda Mundial de Prevenci\u00f3n del Suicidio, instituido por la Organizaci\u00f3n Mundial de la Salud. En los \u00faltimos 45 a\u00f1os las tasas de suicidio han aumentado en un 60% a nivel mundial, advirti\u00f3 el organismo sanitario.<\/strong><\/li>\n<\/ul>\n\n\n\n<p><\/p>\n","protected":false},"excerpt":{"rendered":"","protected":false},"author":3,"featured_media":47067,"comment_status":"open","ping_status":"open","sticky":false,"template":"","format":"standard","meta":{"colormag_page_container_layout":"default_layout","colormag_page_sidebar_layout":"default_layout","footnotes":""},"categories":[1],"tags":[],"class_list":["post-50416","post","type-post","status-publish","format-standard","has-post-thumbnail","hentry","category-actualidad"],"_links":{"self":[{"href":"https:\/\/grupotiempodigital.com.ar\/index.php?rest_route=\/wp\/v2\/posts\/50416","targetHints":{"allow":["GET"]}}],"collection":[{"href":"https:\/\/grupotiempodigital.com.ar\/index.php?rest_route=\/wp\/v2\/posts"}],"about":[{"href":"https:\/\/grupotiempodigital.com.ar\/index.php?rest_route=\/wp\/v2\/types\/post"}],"author":[{"embeddable":true,"href":"https:\/\/grupotiempodigital.com.ar\/index.php?rest_route=\/wp\/v2\/users\/3"}],"replies":[{"embeddable":true,"href":"https:\/\/grupotiempodigital.com.ar\/index.php?rest_route=%2Fwp%2Fv2%2Fcomments&post=50416"}],"version-history":[{"count":1,"href":"https:\/\/grupotiempodigital.com.ar\/index.php?rest_route=\/wp\/v2\/posts\/50416\/revisions"}],"predecessor-version":[{"id":50417,"href":"https:\/\/grupotiempodigital.com.ar\/index.php?rest_route=\/wp\/v2\/posts\/50416\/revisions\/50417"}],"wp:featuredmedia":[{"embeddable":true,"href":"https:\/\/grupotiempodigital.com.ar\/index.php?rest_route=\/wp\/v2\/media\/47067"}],"wp:attachment":[{"href":"https:\/\/grupotiempodigital.com.ar\/index.php?rest_route=%2Fwp%2Fv2%2Fmedia&parent=50416"}],"wp:term":[{"taxonomy":"category","embeddable":true,"href":"https:\/\/grupotiempodigital.com.ar\/index.php?rest_route=%2Fwp%2Fv2%2Fcategories&post=50416"},{"taxonomy":"post_tag","embeddable":true,"href":"https:\/\/grupotiempodigital.com.ar\/index.php?rest_route=%2Fwp%2Fv2%2Ftags&post=50416"}],"curies":[{"name":"wp","href":"https:\/\/api.w.org\/{rel}","templated":true}]}}