{"id":50400,"date":"2025-09-09T09:09:12","date_gmt":"2025-09-09T12:09:12","guid":{"rendered":"https:\/\/grupotiempodigital.com.ar\/?p=50400"},"modified":"2025-09-09T09:09:13","modified_gmt":"2025-09-09T12:09:13","slug":"calendario-de-eventos-turisticos-en-la-provincia-de-buenos-aires-del-jueves-11-al-jueves-18-de-septiembre-de-2025","status":"publish","type":"post","link":"https:\/\/grupotiempodigital.com.ar\/?p=50400","title":{"rendered":"CALENDARIO DE EVENTOS TUR\u00cdSTICOS EN LA PROVINCIA DE BUENOS AIRES DEL JUEVES 11 AL JUEVES 18 DE SEPTIEMBRE DE 2025"},"content":{"rendered":"\n<p>Septiembre, el mes en el que todo florece, tendr\u00e1 diferentes actividades en los municipios bonaerenses, para disfrutar de los d\u00edas primaverales. Rauch celebrar\u00e1 la 26\u00b0 Fiesta Nacional del Ave Raza; Mercedes, la 50\u00b0 Fiesta Nacional del Salame Quintero; Guamin\u00ed, la 26\u00b0 Fiesta del Chorizo Seco; Florencio Varela, el 30\u00b0 Varela Matsuri; La Plata, Per\u00fa Vive 2025; General Pinto, Viva Granada en Coronel Granada; Leandro N. Alem, la 23\u00b0 Fiesta Homenaje al Caballo en Vedia; y Puan, 107 a\u00f1os del Club Social y Deportivo Erize.<\/p>\n\n\n\n<p><strong>FIESTAS POPULARES&nbsp;<\/strong><\/p>\n\n\n\n<p><strong>RAUCH<\/strong><strong><\/strong><\/p>\n\n\n\n<p><strong>26\u00b0 Fiesta Nacional del Ave Raza<\/strong><\/p>\n\n\n\n<p>Fecha, hora y lugar: Del domingo 7 al domingo 14, en distintos horarios y espacios de la ciudad.<\/p>\n\n\n\n<p>Descripci\u00f3n: El evento celebra la XXXII Exposici\u00f3n Nacional de Avicultura, la 10\u00b0 Exposici\u00f3n de Gallinas Bantam y la 86\u00b0 Exposici\u00f3n de Avicultura de la Sociedad Rural de Rauch, con puestos de artesan\u00edas y parrillas, la presentaci\u00f3n de Luciano Pereyra, The La Planta y la Lapeband, y la elecci\u00f3n de embajadoras culturales. Entrada: <a rel=\"noreferrer noopener\" target=\"_blank\" href=\"http:\/\/www.todopass.com.ar\/inicio\/\">www.todopass.com.ar\/inicio\/<\/a>. Organiza la Asociaci\u00f3n Civil Fiesta Nacional del Ave Raza, la Municipalidad de Rauch y la Sociedad Rural de Rauch<\/p>\n\n\n\n<p>M\u00e1s informaci\u00f3n: <a rel=\"noreferrer noopener\" target=\"_blank\" href=\"http:\/\/www.instagram.com\/avederaza_official\/\">www.instagram.com\/avederaza_official\/<\/a> &#8211;&nbsp;<\/p>\n\n\n\n<p><a rel=\"noreferrer noopener\" target=\"_blank\" href=\"http:\/\/www.facebook.com\/fiestanacionaldelavederaza.oficial\">www.facebook.com\/fiestanacionaldelavederaza.oficial<\/a>&nbsp;<\/p>\n\n\n\n<p><strong>CORONEL SU\u00c1REZ (Pueblo Tur\u00edstico Santa Mar\u00eda)<\/strong><\/p>\n\n\n\n<p><strong>Fiesta de la Kerb<\/strong><\/p>\n\n\n\n<p>Fecha, hora y lugar: Del viernes 12, a las 10:00; s\u00e1bado 13, a las 13:00; domingo 14, a las 08:00, en diferentes espacios f\u00edsicos de Santa Mar\u00eda.<br \/>Descripci\u00f3n: Viernes, 8\u00b0 Feria Gastron\u00f3mica; exposiciones; Unser Bar, cena show (con reserva de tarjetas).S\u00e1bado, visita guiada a la Casa Museo del Fundador, recorrido hist\u00f3rico arquitect\u00f3nico, torneo de kosser, entre otras propuestas. Domingo,celebraci\u00f3n de la Santa Misa, acto protocolar frente al Templo y, a las 14:30, desfile c\u00edvico sobre Av. 11 de Mayo. Espect\u00e1culos musicales con la presentaci\u00f3n de presentaci\u00f3n de Bandas Las Nubes y Los Aut\u00e9nticos Descendientes. Adem\u00e1s, durante los tres d\u00edas, venta de gastronom\u00eda alemana, artesanos, inflables y patio cervecero. Los almuerzos y las actividades de caminatas y recorridos tienen una entrada remunerada. Cronograma detallado:<a rel=\"noreferrer noopener\" target=\"_blank\" href=\"http:\/\/www.coronelsuarez.gob.ar\/pueblo-santa-maria-palpita-sus-fiestas-patronales-2025\/\">www.coronelsuarez.gob.ar\/pueblo-santa-maria-palpita-sus-fiestas-patronales-2025\/<\/a> Organiza la Municipalidad de Coronel Su\u00e1rez. Santa Mar\u00eda forma parte del programa Pueblos Tur\u00edsticos de la provincia de Buenos Aires. Actividad<\/p>\n\n\n\n<p>arancelada. Organiza la Asociaci\u00f3n de Turismo de Santa Mar\u00eda.<\/p>\n\n\n\n<p>M\u00e1s informaci\u00f3n:<a rel=\"noreferrer noopener\" target=\"_blank\" href=\"http:\/\/www.instagram.com\/suarezmunicipio\"> www.instagram.com\/suarezmunicipio<\/a> &#8211; <a rel=\"noreferrer noopener\" target=\"_blank\" href=\"http:\/\/www.facebook.com\/suarezmunicipio\">www.facebook.com\/suarezmunicipio<\/a><\/p>\n\n\n\n<p><strong>CHACABUCO (Rawson)<\/strong><\/p>\n\n\n\n<p><strong>8\u00b0 Fiesta Provincial del Alfajor Artesanal<\/strong><\/p>\n\n\n\n<p><strong>ENTRADA GRATUITA<\/strong><\/p>\n\n\n\n<p>Fecha, hora y lugar: Del viernes 12 al domingo 14, a partir de las 10:00, en la plaza San Mart\u00edn.<\/p>\n\n\n\n<p>Descripci\u00f3n: Master Class de alfajores a cargo de Mirta Carabajal, Lu P\u00e9rez Pieroni y sus divertidas recetas para los m\u00e1s chicos con alfajoreros por un d\u00eda; presentaci\u00f3n de m\u00e1s de 80 productores de alfajor locales y de la regi\u00f3n. Domingo, con los mejores espect\u00e1culos: Ballet Chuin Cumpa, Claudia Lome\u00f1a, Ramiro Cardona, Feeling B.A., La Bonita, y el cierre a cargo de Mat\u00edas y Los Elegidos. Adem\u00e1s, elaboraci\u00f3n del alfajor gigante, desfile criollo, premio al mejor alfajor, desfile institucional, feria de artesanos. Entrada gratuita. Organiza la Asociaci\u00f3n Cooperadora del CEA N\u00ba 29 y la Municipalidad de Chacabuco.<\/p>\n\n\n\n<p>M\u00e1s informaci\u00f3n:<a rel=\"noreferrer noopener\" target=\"_blank\" href=\"http:\/\/www.instagram.com\/fiesta_provincial_del_alfajor\/\"> www.instagram.com\/fiesta_provincial_del_alfajor\/<\/a> &#8211; <a rel=\"noreferrer noopener\" target=\"_blank\" href=\"http:\/\/www.facebook.com\/fiestaprovincialdelalfajorartesanal\">www.facebook.com\/fiestaprovincialdelalfajorartesanal<\/a><\/p>\n\n\n\n<p><strong>LINCOLN<\/strong><\/p>\n\n\n\n<p><strong>9\u00ba Expo Queso Lincoln<\/strong><\/p>\n\n\n\n<p><strong>ENTRADA GRATUITA<\/strong><\/p>\n\n\n\n<p>Fecha, hora y lugar: Del viernes 12 al domingo 14, a partir de las 16:00, en la Sociedad Rural de Lincoln.<\/p>\n\n\n\n<p>Descripci\u00f3n: Demostraciones gastron\u00f3micas en vivo a cargo de reconocidos chefs profesionales, actividades para las infancias, cocina,&nbsp; Segundo Concurso Provincial de Quesos de Especialidad; cl\u00ednica de quesos artesanales y nuevos desarrollos,&nbsp; evaluaci\u00f3n y mejora de la calidad, degustaciones de quesos de especialidad, dirigidas por la Asociaci\u00f3n&nbsp; de&nbsp; Fromagelier y cata de quesos, capacitaciones especializadas,&nbsp; remate de vaquillonas Holando, talleres pedag\u00f3gicos y funcionales para el sector, sorteos diarios, Sal\u00f3n de expositores, paseo gastron\u00f3mico gourmet, shows en vivo y exhibici\u00f3n de tambo rob\u00f3tico. Organiza la Municipalidad de Lincoln.<\/p>\n\n\n\n<p>M\u00e1s informaci\u00f3n: <a rel=\"noreferrer noopener\" target=\"_blank\" href=\"http:\/\/www.instagram.com\/expoquesolincoln\">www.instagram.com\/expoquesolincoln<\/a> &#8211; <a rel=\"noreferrer noopener\" target=\"_blank\" href=\"http:\/\/www.instagram.com\/turismolincoln\/\">www.instagram.com\/turismolincoln\/<\/a> &#8211;<a rel=\"noreferrer noopener\" target=\"_blank\" href=\"http:\/\/www.facebook.com\/TurismoLincoln\"> www.facebook.com\/TurismoLincoln<\/a><\/p>\n\n\n\n<p><strong>MERCEDES<\/strong><\/p>\n\n\n\n<p><strong>50\u00ba Fiesta Nacional del Salame Quintero<\/strong><\/p>\n\n\n\n<p>Fecha, hora y lugar: Del viernes 12 al domingo 14, desde las 10:00, en el Parque Municipal Independencia.<\/p>\n\n\n\n<p>Descripci\u00f3n: Este a\u00f1o se celebra medio siglo de sabor, cultura y tradici\u00f3n. Espect\u00e1culos en vivo, artesan\u00edas, mercado sustentable, gastronom\u00eda, espacios infantiles. Entrada arancelada. Venta anticipada (durante el mes de agosto): &nbsp;<a rel=\"noreferrer noopener\" target=\"_blank\" href=\"https:\/\/mercedes.boleteriadigital.com.ar\/\">https:\/\/mercedes.boleteriadigital.com.ar<\/a> Organiza la Municipalidad de Mercedes con el apoyo del Consejo Federal de Inversiones y con la participaci\u00f3n de la Subsecretar\u00eda de Turismo del Ministerio de Producci\u00f3n, Ciencia e Innovaci\u00f3n Tecnol\u00f3gica del Gobierno de la Provincia de Buenos Aires, a trav\u00e9s del programa RECREO.<\/p>\n\n\n\n<p>M\u00e1s informaci\u00f3n:<a rel=\"noreferrer noopener\" target=\"_blank\" href=\"http:\/\/instagram.com\/turismo_mercedes\/\"> http:\/\/instagram.com\/turismo_mercedes\/<\/a> &#8211; <a rel=\"noreferrer noopener\" target=\"_blank\" href=\"http:\/\/www.facebook.com\/dirturmercedes\">www.facebook.com\/dirturmercedes<\/a><\/p>\n\n\n\n<p><strong>GUAMIN\u00cd (Pueblo Tur\u00edstico Garr\u00e9)<\/strong><\/p>\n\n\n\n<p><strong>26\u00ba Fiesta del Chorizo Seco<\/strong><\/p>\n\n\n\n<p>Fecha, hora y lugar: S\u00e1bado 13, a las 21:00, en el Club Social y Deportivo Garr\u00e9.<\/p>\n\n\n\n<p>Descripci\u00f3n: Talleres de folklore, competencia de chorizos, entrega de premios, shows en vivo y baile. Organiza el Club Social y Deportivo Garr\u00e9. Garr\u00e9 forma parte del programa Pueblos Tur\u00edsticos de la Subsecretar\u00eda de Turismo, del Ministerio de Producci\u00f3n, Ciencia e Innovaci\u00f3n Tecnol\u00f3gica.&nbsp;<\/p>\n\n\n\n<p>M\u00e1s informaci\u00f3n:<a rel=\"noreferrer noopener\" target=\"_blank\" href=\"http:\/\/www.instagram.com\/clubsydgarre\/\"> www.instagram.com\/clubsydgarre\/<\/a> &#8211; <a rel=\"noreferrer noopener\" target=\"_blank\" href=\"http:\/\/www.facebook.com\/club.garre\">www.facebook.com\/club.garre<\/a><\/p>\n\n\n\n<p><strong>LA PLATA (Los Hornos)<\/strong><\/p>\n\n\n\n<p><strong>ENTRADA GRATUITA<\/strong><\/p>\n\n\n\n<p><strong>3\u00ba Fiesta del Alcaucil Hornense<\/strong><\/p>\n\n\n\n<p>Fecha, hora y lugar: S\u00e1bado 13, de 10:00 a 17:00, sobre avenida 137 de 60 a 66 de Los Hornos.<\/p>\n\n\n\n<p>Descripci\u00f3n: Cocina en vivo, a las 11:00 y a las 14:00, con la preparaci\u00f3n de distintas recetas con el alcaucil como base; degustaciones; shows en vivo; venta de alcauciles; y encurtidos. Entrada gratuita. Organiza la Asociaci\u00f3n Comercial Los Hornos con el apoyo de la Municipalidad de La Plata<\/p>\n\n\n\n<p>M\u00e1s informaci\u00f3n:&nbsp; <a rel=\"noreferrer noopener\" target=\"_blank\" href=\"http:\/\/www.instagram.com\/turismo.laplata\">www.instagram.com\/turismo.laplata<\/a> &#8211;<a rel=\"noreferrer noopener\" target=\"_blank\" href=\"https:\/\/turismo.laplata.gob.ar\/\"> https:\/\/turismo.laplata.gob.ar<\/a><\/p>\n\n\n\n<p><strong>PUAN (Erize)<\/strong><\/p>\n\n\n\n<p><strong>107\u00b0 Aniversario Club Social y Deportivo Erize<\/strong><\/p>\n\n\n\n<p>Fecha, hora y lugar: S\u00e1bado 13, a las 20:00, en el Club Erize.<\/p>\n\n\n\n<p>Descripci\u00f3n: La localidad Erize, en el partido de Puan, tiene 30 habitantes y celebra su aniversario con&nbsp; pe\u00f1as folcl\u00f3ricas y artistas locales, junto a Alex Freidig, participante de la Voz Argentina en 2021. Las entradas anticipadas tienen un valor de $8.000 y en puerta el mismo d\u00eda $10.000. Consultas y reservas: (2923) 456369\/(291) 4025179. Organiza el Club Social y Deportivo Erize con el auspicio del Municipio de Puan.<\/p>\n\n\n\n<p>M\u00e1s informaci\u00f3n: <a rel=\"noreferrer noopener\" target=\"_blank\" href=\"http:\/\/www.instagram.com\/turismopuan\/\">www.instagram.com\/turismopuan\/<\/a> &#8211; <a rel=\"noreferrer noopener\" target=\"_blank\" href=\"http:\/\/www.facebook.com\/TurismoPuan\">www.facebook.com\/TurismoPuan<\/a><\/p>\n\n\n\n<p><strong>BERISSO<\/strong><\/p>\n\n\n\n<p><strong>48\u00ba Fiesta Provincial del Inmigrante<\/strong><\/p>\n\n\n\n<p><strong>ENTRADA GRATUITA<\/strong><\/p>\n\n\n\n<p>Fecha, hora y lugar: S\u00e1bado 13 y domingo 14, desde el mediod\u00eda, en diferentes espacios f\u00edsicos de Berisso.<br \/>Descripci\u00f3n: S\u00e1bado 13, desde las 13 horas, concurso de comidas t\u00edpicas \u00abSabores de Berisso\u00bb, en Club de los Abuelos (161 e\/ 14 y 15); domingo 14, desde las 15:00, Posta del Inmigrante y encendido de la l\u00e1mpara votiva, Colectividad Hel\u00e9nica y Plat\u00f3n (calles 8 y 164. Entrada gratuita. La fiesta continuar\u00e1 los d\u00edas 20, 21, 27, y 28 de septiembre; 3, 4, 5, 10, 11 y 12 de octubre.Organiza la Municipalidad de Berisso, la Asociaci\u00f3n de Entidades Extranjeras local, con el apoyo de la Subsecretar\u00eda de Turismo del Ministerio de Producci\u00f3n, Ciencia e Innovaci\u00f3n Tecnol\u00f3gica del Gobierno de la Provincia de Buenos Aires.<br \/>M\u00e1s informaci\u00f3n:<a rel=\"noreferrer noopener\" target=\"_blank\" href=\"http:\/\/www.instagram.com\/municipiodeberisso\/\"> www.instagram.com\/municipiodeberisso\/<\/a> &#8211;<a rel=\"noreferrer noopener\" target=\"_blank\" href=\"http:\/\/www.facebook.com\/municipiodeberisso\"> www.facebook.com\/municipiodeberisso<\/a> &#8211;<a rel=\"noreferrer noopener\" target=\"_blank\" href=\"http:\/\/www.instagram.com\/fiestaprovincialdelinmigrante\/\"> www.instagram.com\/fiestaprovincialdelinmigrante\/<\/a> &#8211; <a rel=\"noreferrer noopener\" target=\"_blank\" href=\"http:\/\/www.facebook.com\/AEEBerisso\">www.facebook.com\/AEEBerisso<\/a>&nbsp;<\/p>\n\n\n\n<p><strong>GENERAL PINTO (Coronel Granada)<\/strong><\/p>\n\n\n\n<p><strong>Viva Granada 2025<\/strong><\/p>\n\n\n\n<p><strong>ENTRADA GRATUITA<\/strong><strong><br \/><\/strong>Fecha, hora y lugar: S\u00e1bado 13, a las 19:00; y domingo 14, a partir de las 12:00, en Coronel Granada.<\/p>\n\n\n\n<p>Descripci\u00f3n: S\u00e1bado, por la tarde apertura del escenario, taller municipal de danzas urbanas, gimnasia infantil club Villa Francia, actitud fitness, destapados, Kevin Quevedo y cierre con Dj Magui Olave. Domingo, desde el mediod\u00eda, desfile institucional, almuerzo y espect\u00e1culos con Grupo Renacer, Alma Gaucha, Amalaya, Huellas de tradici\u00f3n, Dejando Huellas Folklore y el cierre con Los Charros. Adem\u00e1s, durante ambas jornadas, patio de comidas y feria de artesanos. Entrada gratuita. Organiza la Municipalidad de General Pintos.<\/p>\n\n\n\n<p>M\u00e1s informaci\u00f3n:<a rel=\"noreferrer noopener\" target=\"_blank\" href=\"http:\/\/www.instagram.com\/generalpintogobiernopresente\/\"> www.instagram.com\/generalpintogobiernopresente\/<\/a> &#8211; <a rel=\"noreferrer noopener\" target=\"_blank\" href=\"http:\/\/www.facebook.com\/profile.php?id=100067434391008\">www.facebook.com\/profile.php?id=100067434391008<\/a><\/p>\n\n\n\n<p><strong>LA PLATA&nbsp; &nbsp; &nbsp; <\/strong><strong><\/strong><\/p>\n\n\n\n<p><strong>Per\u00fa Vive 2025<\/strong><\/p>\n\n\n\n<p><strong>ENTRADA GRATUITA<\/strong><\/p>\n\n\n\n<p>Fecha, hora y lugar: S\u00e1bado 13 y domingo 14, a partir de las 12:00, en la plaza Moreno (av. 13 e\/ 51 y 54).<\/p>\n\n\n\n<p>Descripci\u00f3n: Con la presencia de m\u00e1s de 200 artistas en escena, gastronom\u00eda peruana, desfile de moda de alta costura peruana, danzas t\u00edpicas de costa, sierra y selva, shows musicales, masterclass de cocina con chefs internacionales, artesan\u00edas y productos peruanos. Entrada gratuita. Organizan el Consulado General del Per\u00fa en La Plata, la Municipalidad de La Plata y las Asociaciones Peruanas de La Plata y Berisso.<\/p>\n\n\n\n<p>M\u00e1s informaci\u00f3n:<a rel=\"noreferrer noopener\" target=\"_blank\" href=\"http:\/\/www.instagram.com\/consuladodelperulp\/\"> www.instagram.com\/consuladodelperulp\/<\/a> &#8211; <a rel=\"noreferrer noopener\" target=\"_blank\" href=\"http:\/\/www.facebook.com\/ConsuladoPeruEnLaPlata?locale=es_LA\">www.facebook.com\/ConsuladoPeruEnLaPlata?locale=es_LA<\/a><\/p>\n\n\n\n<p><strong>LAPRIDA<\/strong><\/p>\n\n\n\n<p><strong>136\u00ba Aniversario de la Ciudad de Laprida<\/strong><\/p>\n\n\n\n<p><strong>ENTRADA GRATUITA<\/strong><\/p>\n\n\n\n<p>Fecha, hora y lugar: S\u00e1bado 13 y domingo 14, en distintos horarios, en el Parque del Bicentenario y otros espacios f\u00edsicos.<\/p>\n\n\n\n<p>Descripci\u00f3n: Habr\u00e1 fogones y stands gastron\u00f3micos, a cargo de instituciones locales, ubicados en la calle 25 de Mayo y sectores aleda\u00f1os al parque. El s\u00e1bado se presentar\u00e1 Juan Fuentes, ex integrante de Los Huayras, que cerrar\u00e1 la jornada dedicada a las pe\u00f1as y a m\u00fasicos locales y regionales. Al otro d\u00eda, se realizar\u00e1 el desfile de instituciones y centros tradicionalistas que premiar\u00e1n a las delegaciones m\u00e1s originales y coloridas. La fiesta finalizar\u00e1 con la actuaci\u00f3n de Uriel Lozano. El martes 16 se realizar\u00e1 el acto protocolar en la Plaza Pedro Pereyra. Entrada gratuita. Organiza la Municipalidad de Laprida.<\/p>\n\n\n\n<p>M\u00e1s informaci\u00f3n: <a rel=\"noreferrer noopener\" target=\"_blank\" href=\"http:\/\/www.instagram.com\/laprida_gobiernomunicipal\">www.instagram.com\/laprida_gobiernomunicipal<\/a> &#8211; <a rel=\"noreferrer noopener\" target=\"_blank\" href=\"http:\/\/www.facebook.com\/GobiernoMunicipalLaprida\">www.facebook.com\/GobiernoMunicipalLaprida<\/a>&nbsp;<\/p>\n\n\n\n<p><strong>LEANDRO N. ALEM (Vedia)<\/strong><\/p>\n\n\n\n<p><strong>23\u00ba Fiesta Homenaje al Caballo<\/strong><\/p>\n\n\n\n<p><strong>ENTRADA GRATUITA<\/strong><\/p>\n\n\n\n<p>Fecha, hora y lugar: S\u00e1bado 13 y domingo 14, a partir de las 10:00, en el Hip\u00f3dromo Municipal de Vedia (Ruta 7, Km 315).<\/p>\n\n\n\n<p>Descripci\u00f3n: Dos d\u00edas a pura m\u00fasica, tradici\u00f3n y alegr\u00eda. La fiesta comenzar\u00e1 el s\u00e1bado con el acto oficial en el Monumento al Caballo. Habr\u00e1 fogones, destrezas criollas, desfile criollo por las calles de la ciudad y espect\u00e1culos musicales en vivo con la presentaci\u00f3n de Mart\u00edn Rojas y su tributo a Leo Mattioli, ballet distrital Los Majestuosos del Chamam\u00e9, Carlos Ram\u00f3n Fern\u00e1ndez y Dami\u00e1n C\u00f3rdoba. Entrada gratuita. Organiza la Comisi\u00f3n de Festejos Municipal de Leandro N. Alem. Programaci\u00f3n detallada: <a rel=\"noreferrer noopener\" target=\"_blank\" href=\"http:\/\/www.instagram.com\/p\/DNVas14hT_K\/\">www.instagram.com\/p\/DNVas14hT_K\/<\/a><\/p>\n\n\n\n<p>M\u00e1s informaci\u00f3n:<a rel=\"noreferrer noopener\" target=\"_blank\" href=\"http:\/\/www.instagram.com\/municipioalem\/\"> www.instagram.com\/municipioalem\/<\/a> &#8211; <a rel=\"noreferrer noopener\" target=\"_blank\" href=\"http:\/\/www.facebook.com\/municipioleandroalem\">www.facebook.com\/municipioleandroalem<\/a>&nbsp;<\/p>\n\n\n\n<p><strong>PINAMAR<\/strong><\/p>\n\n\n\n<p><strong>15\u00ba Fiesta de la Pescadilla<\/strong><\/p>\n\n\n\n<p>Fecha, hora y lugar: S\u00e1bado 13, desde las 12:00 y domingo 14, a partir de las 10:00, en la Playa de Pinamar.<\/p>\n\n\n\n<p>Descripci\u00f3n: Tradicional concurso de pesca, shows en vivo, patio de comidas e importantes premios. Inscripci\u00f3n arancelada y anticipada. Organiza el Club de Pesca Pinamar.<\/p>\n\n\n\n<p>M\u00e1s informaci\u00f3n: <a rel=\"noreferrer noopener\" target=\"_blank\" href=\"http:\/\/www.instagram.com\/clubdpescapinamar\">www.instagram.com\/clubdpescapinamar<\/a> &#8211; <a rel=\"noreferrer noopener\" target=\"_blank\" href=\"http:\/\/www.agenda.pinamar.gob.ar\/\">www.agenda.pinamar.gob.ar<\/a>&nbsp; &#8211; <a rel=\"noreferrer noopener\" target=\"_blank\" href=\"http:\/\/www.instagram.com\/pinamarturismo\">www.instagram.com\/pinamarturismo<\/a> &#8211; <a rel=\"noreferrer noopener\" target=\"_blank\" href=\"http:\/\/www.pinamar.tur.ar\/\">www.pinamar.tur.ar<\/a><\/p>\n\n\n\n<p><strong>EXALTACI\u00d3N DE LA CRUZ (Capilla del Se\u00f1or)<\/strong><\/p>\n\n\n\n<p><strong>Festejos Patronales &#8211; 290\u00ba Aniversario de Exaltaci\u00f3n de la Cruz<\/strong><\/p>\n\n\n\n<p><strong>ENTRADA GRATUITA<\/strong><\/p>\n\n\n\n<p>Fecha, hora y lugar: Domingo 14, desde las 07:00, en el Palacio Municipal y otros espacios f\u00edsicos de la ciudad.<\/p>\n\n\n\n<p>Descripci\u00f3n: Adhesi\u00f3n del Cuerpo de Bomberos Voluntarios e izamiento del Pabell\u00f3n Nacional en la Plaza San Mart\u00edn; a las 10:00, Santa Misa y Procesi\u00f3n; acto protocolar y desfile de instituciones y centros tradicionalistas. Desde las 13:00, apertura del paseo gastron\u00f3mico y de artesanos; a las 16:00, entrega de distinciones; a las 17:00, apertura del escenario con la participaci\u00f3n de artistas locales. A las 22:00, presentaci\u00f3n de artistas invitados. Entrada gratuita. Organiza la Municipalidad de Exaltaci\u00f3n de la Cruz.<br \/>M\u00e1s informaci\u00f3n:<a rel=\"noreferrer noopener\" target=\"_blank\" href=\"http:\/\/www.instagram.com\/muniexaltaciondelacruz\/\"> www.instagram.com\/muniexaltaciondelacruz\/<\/a> &#8211; <a rel=\"noreferrer noopener\" target=\"_blank\" href=\"http:\/\/www.facebook.com\/Muniexaltaciondelacruz\">www.facebook.com\/Muniexaltaciondelacruz<\/a><\/p>\n\n\n\n<p><strong>FLORENCIO VARELA<\/strong><\/p>\n\n\n\n<p><strong>30\u00ba Varela Matsuri<\/strong><\/p>\n\n\n\n<p>Fecha, hora y lugar: Domingo 14, a las 10:00, en la Asociaci\u00f3n Japonesa de Florencio Varela, av. Eva Per\u00f3n 7215 (ex Sarmiento).<\/p>\n\n\n\n<p>Descripci\u00f3n: Demostraci\u00f3n de sumo, a cargo de la Asociaci\u00f3n de Sumo de la Argentina; demostraci\u00f3n de Aikido, con Ikigai Dojo Berazategui; espect\u00e1culos musicales con Ashibi: una banda nikkei que reinterpreta canciones tradicionales y contempor\u00e1neas de Okinawa. Adem\u00e1s, por primera vez participar\u00e1 La Carolina, orquesta con m\u00e1s de cuarenta m\u00fasicos; rock nacional con Tremo; Ryukyukoku Matsuri Daiko, danza de tambores okinawenses. Gastronom\u00eda japonesa. Entrada: Bono contribuci\u00f3n $5.000 (participa de importantes premios). Menores de 10 a\u00f1os, personas con discapacidad (con acompa\u00f1ante), y veteranos de Malvinas: ingreso gratuito. Jubilados: 50% de descuento. Organiza la Asociaci\u00f3n Japonesa local con el apoyo de la Municipalidad de Florencio Varela.<\/p>\n\n\n\n<p>M\u00e1s informaci\u00f3n: <a rel=\"noreferrer noopener\" target=\"_blank\" href=\"http:\/\/www.instagram.com\/varelamatsuri\">www.instagram.com\/varelamatsuri<\/a> &#8211; <a rel=\"noreferrer noopener\" target=\"_blank\" href=\"http:\/\/www.facebook.com\/asocacion.japonesa.florencio.varela\">www.facebook.com\/asocacion.japonesa.florencio.varela<\/a>&nbsp;<\/p>\n\n\n\n<p><strong>TANDIL<\/strong><\/p>\n\n\n\n<p><strong>35\u00aa Fiesta de las Colectividades<\/strong><\/p>\n\n\n\n<p>Fecha, hora y lugar: S\u00e1bado 13 y domingo 14, a las 16: 00, en el Centro Cultural Universitario, Irigoyen 662.<\/p>\n\n\n\n<p>Descripci\u00f3n: Fiesta cultural del mundo con degustaci\u00f3n de platos, artesan\u00edas, tradiciones y costumbres de otras comunidades. Entradas anticipadas, $4000; general, $5000 y gratuita para menores de diez a\u00f1os. Descuento a jubilados. Organiza la Uni\u00f3n de Colectividades de Tandil con el acompa\u00f1amiento de la Municipalidad de Tandil y la Universidad Nacional del Centro (Unicen).<\/p>\n\n\n\n<p>M\u00e1s informaci\u00f3n: <a rel=\"noreferrer noopener\" target=\"_blank\" href=\"https:\/\/www.instagram.com\/colectividadestandil\/\">www.instagram.com\/colectividadestandil\/<\/a> &#8211; <a rel=\"noreferrer noopener\" target=\"_blank\" href=\"http:\/\/www.facebook.com\/union.colectividades.tandil\/\">www.facebook.com\/union.colectividades.tandil\/<\/a>&nbsp;<\/p>\n\n\n\n<p><strong>OLAVARR\u00cdA<\/strong><\/p>\n\n\n\n<p><strong>Fiesta D\u00eda del Inmigrante<\/strong><\/p>\n\n\n\n<p><strong>ENTRADA GRATUITA<\/strong><\/p>\n\n\n\n<p>Fecha, hora y lugar: Domingo 14, a las 12:00, en el frente del Centro Cultural Municipal San Jos\u00e9.<\/p>\n\n\n\n<p>Descripci\u00f3n: Feria gastron\u00f3mica con las distintas colectividades del partido, cerveceros, danzas t\u00edpicas, talleres de idiomas, danzas t\u00edpicas y shows musicales. Entrada gratuita. Organiza la Municipalidad de Olavarr\u00eda junto a la Uni\u00f3n de Colectividades de Olavarr\u00eda.<\/p>\n\n\n\n<p>M\u00e1s informaci\u00f3n:<a rel=\"noreferrer noopener\" target=\"_blank\" href=\"http:\/\/www.instagram.com\/union.colectividades.olavarria\/\">www.instagram.com\/union.colectividades.olavarria\/<\/a> &#8211; <a rel=\"noreferrer noopener\" target=\"_blank\" href=\"https:\/\/www.facebook.com\/unioncolectividadesolavarria\">www.facebook.com\/unioncolectividadesolavarria<\/a> &#8211;<\/p>\n\n\n\n<p><a rel=\"noreferrer noopener\" target=\"_blank\" href=\"http:\/\/www.instagram.com\/olavarria.va\/\">www.instagram.com\/olavarria.va\/<\/a> &#8211; <a rel=\"noreferrer noopener\" target=\"_blank\" href=\"http:\/\/www.facebook.com\/olavarria.va\">www.facebook.com\/olavarria.va<\/a>&nbsp;<\/p>\n\n\n\n<p><strong>EVENTOS CULTURALES<\/strong><\/p>\n\n\n\n<p><strong>AYACUCHO&nbsp;<\/strong><\/p>\n\n\n\n<p><strong>7\u00b0Festival Nacional Cine Rural<\/strong><\/p>\n\n\n\n<p>Fecha, hora y lugar: Del mi\u00e9rcoles 10 al s\u00e1bado 13 en distintos horarios y lugares<\/p>\n\n\n\n<p>Descripci\u00f3n:Convocatoria abierta a nivel nacional e internacional para cortometrajes de ficci\u00f3n que abordan lo rural desde su forma y\/o contenido.El Jurado de la Competencia Oficial Nacional otorgar\u00e1 los siguientes premios: Mejor Cortometraje y Mejor Direcci\u00f3n mientras que el de la Competencia Local reconocer\u00e1 Mejor Cortometraje, Mejor Direcci\u00f3n, Mejor Actuaci\u00f3n, Mejor Gui\u00f3n, Mejor Producci\u00f3n, Mejor Fotograf\u00eda y Mejor Banda Sonora. El certamen local tendr\u00e1 la categor\u00eda: primaria, secundaria y adultos.Organiza la Municipalidad de Ayacucho, Escuela Municipal de Ense\u00f1anza Art\u00edstica e Idiomas (EMEAI) y el Equipo del Festival .<\/p>\n\n\n\n<p>M\u00e1s informaci\u00f3n: <a rel=\"noreferrer noopener\" target=\"_blank\" href=\"http:\/\/www.instagram.com\/cinerural\/\">www.instagram.com\/cinerural\/<\/a> &#8211; <a rel=\"noreferrer noopener\" target=\"_blank\" href=\"http:\/\/www.facebook.com\/cineruralayacucho\/?locale=es_LA\">www.facebook.com\/cineruralayacucho\/?locale=es_LA<\/a><\/p>\n\n\n\n<p><strong>DAIREAUX<\/strong><\/p>\n\n\n\n<p><strong>3\u00ba Encuentro de Rodantes<\/strong><\/p>\n\n\n\n<p>Fecha, hora y lugar: Del viernes 12 al domingo 14, a las 10:00, en la Quinta Municipal de Daireaux.<\/p>\n\n\n\n<p>Descripci\u00f3n: Expositores, artesanos, m\u00fasica en vivo, salidas tur\u00edsticas y la Mini Fiesta del Cordero y Mini Fiesta del Sabor Alem\u00e1n. Adem\u00e1s, cursos, charlas y recorridos tur\u00edsticos guiados para toda la familia. El encuentro finaliza el domingo con una gran caravana recorriendo las calles de la Ciudad. Inscripci\u00f3n: $20.000. Organiza la Municipalidad de Daireaux.<\/p>\n\n\n\n<p>M\u00e1s informaci\u00f3n: <a rel=\"noreferrer noopener\" target=\"_blank\" href=\"http:\/\/www.daireaux.gob.ar\/\">www.daireaux.gob.ar<\/a> &#8211; (2314) 490719<\/p>\n\n\n\n<p><strong>CHASCOM\u00daS<\/strong><\/p>\n\n\n\n<p><strong>11\u00ba Encuentro del Caballo y el Carruaje<\/strong><\/p>\n\n\n\n<p>Fecha, hora y lugar: S\u00e1bado 13, a las 10:00; y domingo 14, a las 09:30, Asociaci\u00f3n Rural de Chascom\u00fas y en la Estancia La Alameda.<\/p>\n\n\n\n<p>Descripci\u00f3n: Encuentro de cultores de los carruajes y los caballos con desfile, exhibici\u00f3n y concursos. S\u00e1bado, paseo por el Casco Hist\u00f3rico; presentaci\u00f3n de carruajes en el Parque Libres del Sur; velada en el Museo Pampeano con la participaci\u00f3n de folkloristas. Domingo, partida desde la Asociaci\u00f3n Rural hacia la Estancia La Alameda; almuerzo (con previa reserva de tarjeta) y entrega de premios. Entrada gratuita. Organiza Ancaleo Maggi con el acompa\u00f1amiento de la Municipalidad de Chascom\u00fas.<\/p>\n\n\n\n<p>M\u00e1s informaci\u00f3n:<a rel=\"noreferrer noopener\" target=\"_blank\" href=\"http:\/\/www.instagram.com\/elcaballoyelcarruaje\/\"> www.instagram.com\/elcaballoyelcarruaje\/<\/a> &#8211;<a rel=\"noreferrer noopener\" target=\"_blank\" href=\"http:\/\/www.facebook.com\/profile.php?id=61556897864056\"> www.facebook.com\/profile.php?id=61556897864056<\/a> &#8211; <a rel=\"noreferrer noopener\" target=\"_blank\" href=\"http:\/\/www.chascomus.gob.ar\/turismo\">www.chascomus.gob.ar\/turismo<\/a>&nbsp;<\/p>\n\n\n\n<p><strong>LUJ\u00c1N<\/strong><\/p>\n\n\n\n<p><strong>2\u00ba Peregrinaci\u00f3n de Motociclistas<\/strong><\/p>\n\n\n\n<p><strong>ACTIVIDAD GRATUITA<\/strong><\/p>\n\n\n\n<p>Fecha, hora y lugar: S\u00e1bado 13, a las 10:00, desde la Iglesia San Cayetano de Liniers.<\/p>\n\n\n\n<p>Descripci\u00f3n: La caravana arribar\u00e1 a las 11:00 a la Bas\u00edlica Nuestra Sra. de Luj\u00e1n, momento en el que se realizar\u00e1 la bendici\u00f3n de los peregrinos, en la Plaza Belgrano. Posteriormente, en el Parque Ameghino, habr\u00e1 una feria de artesanos, shows musicales y patio gastron\u00f3mico. Actividad gratuita. Organiza la Municipalidad de Luj\u00e1n.<\/p>\n\n\n\n<p>M\u00e1s informaci\u00f3n:<a rel=\"noreferrer noopener\" target=\"_blank\" href=\"http:\/\/www.instagram.com\/culturasyturismolujan\/\"> www.instagram.com\/culturasyturismolujan\/<\/a> &#8211;<a rel=\"noreferrer noopener\" target=\"_blank\" href=\"http:\/\/www.facebook.com\/culturasyturismolujan\"> www.facebook.com\/culturasyturismolujan<\/a> &#8211; <a rel=\"noreferrer noopener\" target=\"_blank\" href=\"mailto:direccionlujanturismo@gmail.com\">direccionlujanturismo@gmail.com<\/a>&nbsp;<\/p>\n\n\n\n<p><strong>SAN ANTONIO DE ARECO<\/strong><\/p>\n\n\n\n<p><strong>1\u00b0 Fiesta del Tejido Artesanal<\/strong><\/p>\n\n\n\n<p><strong>ENTRADA GRATUITA<\/strong><\/p>\n\n\n\n<p>Fecha hora y lugar: S\u00e1bado 13, a las 10:00, en la Plaza Ruiz de Arellano.<\/p>\n\n\n\n<p>Descripci\u00f3n: Saberes y creatividad en la feria de tejido, con m\u00fasica en vivo, talleres y servicio de cantina. Entrada gratuita. Organiza la Municipalidad de San Antonio de Areco.<\/p>\n\n\n\n<p>M\u00e1s informaci\u00f3n: <a rel=\"noreferrer noopener\" target=\"_blank\" href=\"http:\/\/www.sanantoniodeareco.tur.ar\/\">www.sanantoniodeareco.tur.ar<\/a> \u2013&nbsp; <a rel=\"noreferrer noopener\" target=\"_blank\" href=\"http:\/\/www.instagram.com\/turismoareco\">www.instagram.com\/turismoareco<\/a>&nbsp;<\/p>\n\n\n\n<p><strong>TRES ARROYOS (San Francisco Bellocq)<\/strong><\/p>\n\n\n\n<p><strong>2\u00b0 Fiesta del Turismo Rural<\/strong><\/p>\n\n\n\n<p>Fecha, hora y lugar: S\u00e1bado 13, a partir de las 09:00; y domingo 14, desde las 10:00, en el predio de la estaci\u00f3n de San Francisco de Bellocq.&nbsp;<\/p>\n\n\n\n<p>Descripci\u00f3n: Charlas y talleres sobre turismo rural hasta las 17:30. A las 19:00, propuesta de astroturismo y, a las 21:00, pe\u00f1a folkl\u00f3rica. Al otro d\u00eda, a las 10:00, foto turismo; a las 11:00 relato hist\u00f3rico y desde las 12:00 hasta las 19:00, fiesta popular. Ambos d\u00edas habr\u00e1 espect\u00e1culos art\u00edsticos en vivo, fogones, talleres, visitas guiadas a establecimientos locales y conferencias a cargo de especialistas. Adem\u00e1s, contar\u00e1 con puestos de artesanos y emprendedores. Organiza la Delegaci\u00f3n Municipal, el Municipio de Tres Arroyos, con el apoyo de la Subsecretar\u00eda de Turismo del Ministerio de Producci\u00f3n, Ciencia e Innovaci\u00f3n de la provincia de Buenos Aires.<\/p>\n\n\n\n<p>M\u00e1s informaci\u00f3n: <a rel=\"noreferrer noopener\" target=\"_blank\" href=\"http:\/\/www.instagram.com\/turismo.tresarroyos\">www.instagram.com\/turismo.tresarroyos<\/a> &#8211; <a rel=\"noreferrer noopener\" target=\"_blank\" href=\"http:\/\/www.facebook.com\/turismo.tresarroyos\">www.facebook.com\/turismo.tresarroyos<\/a>&nbsp;<\/p>\n\n\n\n<p><strong>EVENTOS RELIGIOSOS<\/strong><\/p>\n\n\n\n<p><strong>CARMEN DE ARECO<\/strong><strong> <\/strong><strong>(Pueblo Tur\u00edstico Gouin)<\/strong><\/p>\n\n\n\n<p><strong>Fiestas Patronales de San Agust\u00edn<\/strong><\/p>\n\n\n\n<p>Fecha, hora y lugar: Domingo 14, desde las 10:30, en la Capilla San Agust\u00edn y otros espacios f\u00edsicos de Gouin.<\/p>\n\n\n\n<p>Descripci\u00f3n: Gouin celebra a su patrono, San Agust\u00edn, con una variada grilla de actividades: a las 10:30, Misa y procesi\u00f3n en honor al santo; a las 11:30, acto protocolar; al mediod\u00eda, desfile de criollo y de instituciones; a las 13:00, almuerzo criollo en el Club Sportivo Gouin; a las 14:00, destrezas criollas en el campo de doma; desde las 15:00, show musicales en vivo. Adem\u00e1s, Paseo de Pasteleras y productores en la plaza San Mart\u00edn y sector de juegos para las infancia en el predio de la Estaci\u00f3n. Entrada gratuita. Organiza la Municipalidad de Carmen de Areco. Gouin pertenece al programa Pueblos Tur\u00edsticos de la provincia de Buenos Aires. La fiesta prevista para el 31\/08 que debiera ser reprogramada por cuestiones clim\u00e1ticas adversas.<\/p>\n\n\n\n<p>M\u00e1s informaci\u00f3n: <a rel=\"noreferrer noopener\" target=\"_blank\" href=\"http:\/\/www.instagram.com\/municipalidad_carmendeareco\">www.instagram.com\/municipalidad_carmendeareco<\/a> &#8211; <a rel=\"noreferrer noopener\" target=\"_blank\" href=\"http:\/\/www.facebook.com\/municipalidadcarmendeareco\">www.facebook.com\/municipalidadcarmendeareco<\/a>&nbsp;<\/p>\n\n\n\n<p><strong>EVENTOS DEPORTIVOS<\/strong><\/p>\n\n\n\n<p><strong>GUAMIN\u00cd<\/strong><\/p>\n\n\n\n<p><strong>Campeonato Aguas Fr\u00edas Guamin\u00ed 2025<\/strong><\/p>\n\n\n\n<p>Fecha, hora y lugar: S\u00e1bado 13 y domingo 14, a las 08:00, en el Lago de Monte.<\/p>\n\n\n\n<p>Descripci\u00f3n: Distancias de nado&nbsp; 2000 mts, 1000 mts o 500 mts. Adem\u00e1s, charla sobre hipotermia, alojamiento para los y las participantes y camping gratis. S\u00e1bado 13, recepci\u00f3n y acreditaci\u00f3n de 08:00 a 13:00. Actividad arancelada. Organiza la Municipalidad de Guamin\u00ed y Nadadores de Aguas Fr\u00edas<\/p>\n\n\n\n<p>M\u00e1s informaci\u00f3n: <a rel=\"noreferrer noopener\" target=\"_blank\" href=\"https:\/\/carrerascentro.ar\/carrera\/campeonato-nadadores-de-aguas-frias-guamini-2025\/\">https:\/\/carrerascentro.ar\/carrera\/campeonato-nadadores-de-aguas-frias-guamini-2025\/<\/a><\/p>\n\n\n\n<p><strong>BERISSO<\/strong><\/p>\n\n\n\n<p><strong>43\u00ba Carrera del Inmigrante<\/strong><\/p>\n\n\n\n<p>Fecha, hora y lugar: Domingo 14, a las 08:00, con largada desde el Parque C\u00edvico, Montevideo y 11.<\/p>\n\n\n\n<p>Descripci\u00f3n: En el marco de la 48\u00b0 Fiesta Provincial del Inmigrante se realizar\u00e1 la competencia que recorrer\u00e1 tres distancias: 5k participativa, 10 y 15 kil\u00f3metros competitivas. Actividad arancelada. Organizan la Municipalidad de Berisso; C\u00edrculo de Atletas Veteranos Platense y la Asociaci\u00f3n de Entidades Extranjeras.<\/p>\n\n\n\n<p>M\u00e1s informaci\u00f3n: <a rel=\"noreferrer noopener\" target=\"_blank\" href=\"http:\/\/www.instagram.com\/fiestaprovincialdelinmigrante\">www.instagram.com\/fiestaprovincialdelinmigrante<\/a> &#8211;&nbsp;<\/p>\n\n\n\n<p><a rel=\"noreferrer noopener\" target=\"_blank\" href=\"http:\/\/www.facebook.com\/municipiodeberisso\">www.facebook.com\/municipiodeberisso<\/a> &#8211; <a rel=\"noreferrer noopener\" target=\"_blank\" href=\"http:\/\/www.instagram.com\/municipiodeberisso\">www.instagram.com\/municipiodeberisso<\/a>&nbsp;<\/p>\n\n\n\n<p><strong>BRANDSEN (G\u00f3mez)<\/strong><\/p>\n\n\n\n<p><strong>Duatl\u00f3n y Rural Trail<\/strong><\/p>\n\n\n\n<p>Fecha, hora y lugar: Domingo 14, a las 09:00, en la Estaci\u00f3n G\u00f3mez (RP 215, km 7. Ingreso por calle 312.).<\/p>\n\n\n\n<p>Descripci\u00f3n: Rural Trail con una distancia de 15 kil\u00f3metros en diferentes superficies (suelo semi blando, pasto, calles de tierra, cruce arroyo y senderos). Duatl\u00f3n Rural: 5km run, 25km MTB, y 2,5km run. Inscripciones: <a rel=\"noreferrer noopener\" target=\"_blank\" href=\"http:\/\/hwww.eventols.com\/p\/rural-trail-duatlon-rural-estacion-gomez-brandsen-1\">hwww.eventols.com\/p\/rural-trail-duatlon-rural-estacion-gomez-brandsen-1<\/a> Actividad arancelada. Organiza JK Sports Race con el acompa\u00f1amiento de la Municipalidad de Brandsen.<\/p>\n\n\n\n<p>M\u00e1s informaci\u00f3n: <a rel=\"noreferrer noopener\" target=\"_blank\" href=\"http:\/\/www.instagram.com\/jk_sports_race\">www.instagram.com\/jk_sports_race<\/a> &#8211; <a rel=\"noreferrer noopener\" target=\"_blank\" href=\"http:\/\/www.facebook.com\/profile.php?id=100095173332031\">www.facebook.com\/profile.php?id=100095173332031<\/a> &#8211; <a rel=\"noreferrer noopener\" target=\"_blank\" href=\"http:\/\/www.instagram.com\/brandsen.municipio\">www.instagram.com\/brandsen.municipio<\/a> &#8211; <a rel=\"noreferrer noopener\" target=\"_blank\" href=\"http:\/\/www.facebook.com\/municipalidadbrandsen\">www.facebook.com\/municipalidadbrandsen<\/a>&nbsp;<\/p>\n\n\n\n<p><strong>CHASCOM\u00daS<\/strong><\/p>\n\n\n\n<p><strong>Chascom\u00fas 21K<\/strong><\/p>\n\n\n\n<p>Fecha, hora y lugar: Domingo 14, a las 08:00 desde la Municipalidad de Chascom\u00fas, Mitre y Cr\u00e1mer.<\/p>\n\n\n\n<p>Descripci\u00f3n: Media marat\u00f3n con tres distancias: 21, 10 y 5 kil\u00f3metros, recorriendo la laguna y el casco hist\u00f3rico de la ciudad. Inscripciones aranceladas (hasta el 10\/09 a las 13:00): <a rel=\"noreferrer noopener\" target=\"_blank\" href=\"https:\/\/21k.chascomus.gob.ar\/Acreditaci%C3%B3n\">https:\/\/21k.chascomus.gob.ar\/Acreditaci\u00f3n<\/a>: s\u00e1bado 13\/09, de 16:00 a 19:00, en el Palacio Municipal. Organiza la Secretar\u00eda de Deportes de la Municipalidad de Chascom\u00fas.<\/p>\n\n\n\n<p>M\u00e1s informaci\u00f3n: <a rel=\"noreferrer noopener\" target=\"_blank\" href=\"http:\/\/www.instagram.com\/chascomusdeportesok\">www.instagram.com\/chascomusdeportesok<\/a> &#8211; <a rel=\"noreferrer noopener\" target=\"_blank\" href=\"http:\/\/www.facebook.com\/profile.php?id=100064269356621\">www.facebook.com\/profile.php?id=100064269356621<\/a>&nbsp;<\/p>\n\n\n\n<p><strong>GENERAL LAVALLE<\/strong><\/p>\n\n\n\n<p><strong>2\u00b0 Gran Marat\u00f3n 10K Patronales<\/strong><\/p>\n\n\n\n<p>Fecha, hora y lugar: Domingo 14, a las 11:00, desde el Palacio Municipal.<\/p>\n\n\n\n<p>Descripci\u00f3n: Esta competencia contar\u00e1 con distancias de 4 kil\u00f3metros en car\u00e1cter participativo y 10 kil\u00f3metros, competitivo. Su fiscalizaci\u00f3n se realizar\u00e1 mediante chip y contar\u00e1 con medalla finisher. Inscripci\u00f3n arancelada. Organiza la Municipalidad de General Lavalle a trav\u00e9s de su Direcci\u00f3n de Deportes y el CEF N\u00b0116 .<\/p>\n\n\n\n<p>M\u00e1s informaci\u00f3n:&nbsp; <a rel=\"noreferrer noopener\" target=\"_blank\" href=\"http:\/\/www.generallavalle.gob.ar\/\">www.generallavalle.gob.ar<\/a> &#8211; <a rel=\"noreferrer noopener\" target=\"_blank\" href=\"http:\/\/www.facebook.com\/PrensaGralLavalle\">www.facebook.com\/PrensaGralLavalle<\/a> &#8211; <a rel=\"noreferrer noopener\" target=\"_blank\" href=\"http:\/\/www.instagram.com\/municipalidad_general_lavalle\">www.instagram.com\/municipalidad_general_lavalle<\/a>&nbsp;<\/p>\n\n\n\n<p><strong>TORNQUIST (Sierra de la Ventana)<\/strong><strong><\/strong><\/p>\n\n\n\n<p><strong>3\u00b0 edici\u00f3n Sierra Corre<\/strong><\/p>\n\n\n\n<p>Fecha, hora y lugar: S\u00e1bado 13, a las 14:00, desde el Centro Cultural de Sierra de la Ventana,ubicado en Avenida del Golf s\/n en Sierra de la Ventana.<\/p>\n\n\n\n<p>Descripci\u00f3n: Recorrido de 10 y 20 kil\u00f3metros, la categor\u00eda adultos largar\u00e1 a las 14:00 y los menores a las 14:15. De 10:00 a 13:00 ser\u00e1 la acreditaci\u00f3n y la entrega de kits. Inscripci\u00f3n arancelada, con cierre el 11 de septiembre. Organiza El Junquero con el acompa\u00f1amiento de la Municipalidad de Tornquist.<\/p>\n\n\n\n<p>M\u00e1s informaci\u00f3n:<a rel=\"noreferrer noopener\" target=\"_blank\" href=\"http:\/\/www.sierracorre.com.ar\/\">www.sierracorre.com.ar<\/a>&nbsp;<\/p>\n\n\n\n<p><strong>VISITAS GUIADAS<\/strong><\/p>\n\n\n\n<p><strong>SAAVEDRA (Pig\u00fc\u00e9)<\/strong><strong><br \/><\/strong><strong>Dos Industrias Abren sus Puertas en su D\u00eda<\/strong><\/p>\n\n\n\n<p>Fecha, hora y lugar: Jueves 11, de 10:00 a 12:00, con punto de encuentro frente a la f\u00e1brica textiles Pig\u00fc\u00e9.<\/p>\n\n\n\n<p>Descripci\u00f3n: La ciudad celebra el d\u00eda de la industria visitando dos empresas textiles locales. Textiles Pig\u00fc\u00e9 y Sox, abren sus puertas en el marco del D\u00eda de la Industria, con el acompa\u00f1amiento de la gu\u00eda de turismo Natal\u00ed Guette. Actividad arancelada con cupos limitados: Mayores $4.000, menores $2.000. Reservas al: (2926) 453172. Organiza gu\u00eda de turismo local, con el acompa\u00f1amiento de la Municipalidad de Saavedra.<br \/>M\u00e1s informaci\u00f3n:<a rel=\"noreferrer noopener\" target=\"_blank\" href=\"https:\/\/turismo.saavedra.gob.ar\/evento\/dos-historias-abren-sus-puertas-en-su-dia\/\"> https:\/\/turismo.saavedra.gob.ar\/evento\/dos-historias-abren-sus-puertas-en-su-dia\/<\/a><\/p>\n\n\n\n<p><strong>VEINTICINCO DE MAYO<\/strong><\/p>\n\n\n\n<p><strong>3\u00b0 Encuentro de Cicloturismo<\/strong><\/p>\n\n\n\n<p>Fecha, hora y lugar: S\u00e1bado 13 y domingo 14, a las 19.00, en el Parque Las Mulitas.<\/p>\n\n\n\n<p>Descripci\u00f3n: Con 20 kil\u00f3metros&nbsp; nocturnos, 40 kil\u00f3metros en total, una experiencia diferente, bajo las estrellas junto a ciclistas provenientes de C\u00f3rdoba, Santa Fe y Entre R\u00edos, entre otras provincias. Cierre con espect\u00e1culos musicales. Actividad arancelada. Organiza la agrupaci\u00f3n Cicloaventureros con el auspicio de la Municipalidad de 25 de Mayo.<\/p>\n\n\n\n<p>M\u00e1s informaci\u00f3n:<a rel=\"noreferrer noopener\" target=\"_blank\" href=\"http:\/\/www.instagram.com\/turismo.25demayo\/\"> www.instagram.com\/turismo.25demayo\/<\/a> &#8211;<a rel=\"noreferrer noopener\" target=\"_blank\" href=\"http:\/\/www.facebook.com\/turismo25deMayo\"> www.facebook.com\/turismo25deMayo<\/a> &#8211; (2345) 481752 o (11) 64007804<\/p>\n\n\n\n<p><strong>LOBOS<\/strong><\/p>\n\n\n\n<p><strong>Circuito Tradici\u00f3n Viva<\/strong><\/p>\n\n\n\n<p><strong>ACTIVIDAD GRATUITA<\/strong><\/p>\n\n\n\n<p>Fecha, hora y lugar: S\u00e1bado 13, a las 16:00, en el Museo Pago de Los Lobos, avenida Alem 250.<\/p>\n\n\n\n<p>Descripci\u00f3n: Recorrido guiado por el centro de la ciudad para conocer los edificios ic\u00f3nicos, los espacios verdes y conectar con la esencia del lugar. Actividad gratuita. Organiza la Direcci\u00f3n de Turismo de la Municipalidad de Lobos.<\/p>\n\n\n\n<p>M\u00e1s informaci\u00f3n: <a rel=\"noreferrer noopener\" target=\"_blank\" href=\"http:\/\/www.instagram.com\/turismolobos\">www.instagram.com\/turismolobos<\/a> &#8211; <a rel=\"noreferrer noopener\" target=\"_blank\" href=\"http:\/\/www.facebook.com\/lobos.turismo\">www.facebook.com\/lobos.turismo<\/a> &#8211; (2227) 500405.<\/p>\n\n\n\n<p><strong>LOBOS<\/strong><\/p>\n\n\n\n<p><strong>Circuito Patrimonio<\/strong><\/p>\n\n\n\n<p><strong>ACTIVIDAD GRATUITA<\/strong><\/p>\n\n\n\n<p>Fecha, hora y lugar: Domingo 14, a las 12:00, en el Museo Pago de Los Lobos, Avenida Alem 250.<\/p>\n\n\n\n<p>Descripci\u00f3n: Monumentos Hist\u00f3ricos Nacionales, sitios o construcciones que narran una parte significativa de la historia del pa\u00eds.Actividad gratuita. Organiza la Direcci\u00f3n de Turismo de la Municipalidad de Lobos.<\/p>\n\n\n\n<p>M\u00e1s informaci\u00f3n: <a rel=\"noreferrer noopener\" target=\"_blank\" href=\"http:\/\/www.instagram.com\/turismolobos\">www.instagram.com\/turismolobos<\/a> &#8211; <a rel=\"noreferrer noopener\" target=\"_blank\" href=\"http:\/\/www.facebook.com\/lobos.turismo\">www.facebook.com\/lobos.turismo<\/a> &#8211; (2227) 500405.<\/p>\n\n\n\n<p><strong>LOBOS (Barrientos)<\/strong><\/p>\n\n\n\n<p><strong>Descubr\u00ed Barrientos<\/strong><\/p>\n\n\n\n<p>Fecha, hora y lugar: Domingo 14, a partir de las 09:00, en diferentes espacios f\u00edsicos de Barrientos.<\/p>\n\n\n\n<p>Descripci\u00f3n: Paisajes rurales, comidas t\u00edpicas, feria de emprendedores y m\u00fasica. A las 09:30, cicloturismo rural a la estaci\u00f3n de Salvador Mar\u00eda; a las 10:00, visita a la Estancia San Lorenzo y a las 11:30, al Almac\u00e9n \u201cLo de Purrete\u201d. Desde el mediod\u00eda en el CEPT N\u00b016 se realizar\u00e1n platos criollos, la elecci\u00f3n del mejor pastelito de hojaldre, feria de emprendimientos familiares, presentaci\u00f3n de ballets y cierre musical con Christian Citterio. Organiza la Municipalidad de Lobos y el CEPT N\u00b016<\/p>\n\n\n\n<p>M\u00e1s informaci\u00f3n: <a rel=\"noreferrer noopener\" target=\"_blank\" href=\"http:\/\/www.instagram.com\/cultura_lobos\">www.instagram.com\/cultura_lobos<\/a> &#8211; <a rel=\"noreferrer noopener\" target=\"_blank\" href=\"http:\/\/www.instagram.com\/turismolobos\">www.instagram.com\/turismolobos<\/a> &#8211; <a rel=\"noreferrer noopener\" target=\"_blank\" href=\"http:\/\/www.facebook.com\/lobos.turismo\">www.facebook.com\/lobos.turismo<\/a>&nbsp;<\/p>\n\n\n\n<p><strong>FERIAS Y EXPOSICIONES<\/strong><\/p>\n\n\n\n<p><strong>LOMAS DE ZAMORA<\/strong><\/p>\n\n\n\n<p><strong>Expo Lomas 2025<\/strong><\/p>\n\n\n\n<p><strong>ENTRADA GRATUITA<\/strong><strong><br \/><\/strong>Fecha, hora y lugar: Del mi\u00e9rcoles 10 al domingo 14, de 15:00 a 21:00, en la Plaza Grigera, av. H. Yrigoyen 8700.<br \/>Descripci\u00f3n: En el marco del 164\u00b0 aniversario de Lomas de Zamora, llega una nueva edici\u00f3n de la exposici\u00f3n industrial, comercial y cultural m\u00e1s importante de la ciudad. Con la presencia de 27 empresas y c\u00e1maras, m\u00e1s de 60 emprendedores y m\u00e1s de 50 stands. Adem\u00e1s, Feria de artesanos y Feria del Libro, espacios de gastronom\u00eda y espect\u00e1culos art\u00edsticos. Entrada gratuita. Organiza la Municipalidad de Lomas de Zamora con el acompa\u00f1amiento del Consejo Federal de Inversiones, Gobierno de la Provincia de Buenos Aires y el Banco Provincia.<br \/>M\u00e1s informaci\u00f3n:<a> &nbsp;www.instagram.com\/municipioldz\/ &#8211; www.facebook.com\/munilomasdezamora<\/a> &#8211;<a rel=\"noreferrer noopener\" target=\"_blank\" href=\"http:\/\/www.instagram.com\/expo.lomas\/\"> www.instagram.com\/expo.lomas\/<\/a><\/p>\n\n\n\n<p><strong>PERGAMINO<\/strong><\/p>\n\n\n\n<p><strong>86\u00ba Expo Rural Pergamino<\/strong><\/p>\n\n\n\n<p>Fecha, hora y lugar: Del jueves 11 al s\u00e1bado 14, a las 11:00, en la Sociedad Rural de Pergamino (Ruta N\u00ba 8 KM 220, 5).<\/p>\n\n\n\n<p>Descripci\u00f3n: Muestra ganadera, muestra de caballos criollos, artesan\u00edas, negocios, espect\u00e1culos, conferencias, capacitaciones, espect\u00e1culos nocturnos los d\u00edas viernes y s\u00e1bado, visitas guiadas para escuelas (jueves y viernes), charlas abiertas sobre deportes y actualidad econ\u00f3mica. Entrada arancelada. Organiza la Sociedad Rural de Pergamino, con el apoyo de la Municipalidad de Pergamino, y la C\u00e1mara de Comercio Industria y Servicios Pergamino.<\/p>\n\n\n\n<p>M\u00e1s informaci\u00f3n: <a rel=\"noreferrer noopener\" target=\"_blank\" href=\"http:\/\/www.instagram.com\/sociedadruralpergamino\">www.instagram.com\/sociedadruralpergamino<\/a> &#8211; <a rel=\"noreferrer noopener\" target=\"_blank\" href=\"http:\/\/www.facebook.com\/ruralpergamino\">www.facebook.com\/ruralpergamino<\/a> &#8211; <a rel=\"noreferrer noopener\" target=\"_blank\" href=\"https:\/\/pergamino.tur.ar\/eventos\/86o-expo-rural-pergamino\/\">https:\/\/pergamino.tur.ar\/eventos\/86o-expo-rural-pergamino\/<\/a>&nbsp;<\/p>\n\n\n\n<p><strong>SAN FERNANDO<\/strong><\/p>\n\n\n\n<p><strong>28\u00ba Encuentro Nacional de Artesanos<\/strong><\/p>\n\n\n\n<p><strong>ENTRADA GRATUITA<\/strong><\/p>\n\n\n\n<p>Fecha, hora y lugar: Del jueves 11 al lunes 15, de 10:00 a 21:00, en la Plaza Mitre, Constituci\u00f3n al 900.<\/p>\n\n\n\n<p>Descripci\u00f3n: Cinco d\u00edas a puro arte con las mejores artesan\u00edas del pa\u00eds. Actividades recreativas y espect\u00e1culos en vivo al aire libre. Entrada gratuita. Organiza el grupo de artesanos locales de San Fernando con el acompa\u00f1amiento del Municipio de San Fernando.<\/p>\n\n\n\n<p>M\u00e1s informaci\u00f3n:<a rel=\"noreferrer noopener\" target=\"_blank\" href=\"http:\/\/www.instagram.com\/feriasanfernando\/\"> www.instagram.com\/feriasanfernando\/<\/a> &#8211; <a rel=\"noreferrer noopener\" target=\"_blank\" href=\"http:\/\/www.facebook.com\/artesanos.desanfernando\">www.facebook.com\/artesanos.desanfernando<\/a>&nbsp;<\/p>\n\n\n\n<p><strong>BALCARCE<\/strong><\/p>\n\n\n\n<p><strong>11\u00ba EduCo Agro Balcarce<\/strong><\/p>\n\n\n\n<p>Fecha, hora y lugar: Del viernes 12 al domingo 14, desde la ma\u00f1ana, en el predio del Colegio San Jos\u00e9 y Agricultores Unidos.<\/p>\n\n\n\n<p>Descripci\u00f3n: Lo mejor del agro, la educaci\u00f3n y la comunidad. Actividades din\u00e1micas, proyectos escolares, stands comerciales, maquinaria en acci\u00f3n, gastronom\u00eda y entretenimiento para toda la familia. Entrada gratuita. Estacionamiento $4000. Organiza el Colegio San Jos\u00e9 y Agricultores Unidos con el acompa\u00f1amiento de la Municipalidad de Balcarce.<\/p>\n\n\n\n<p>M\u00e1s informaci\u00f3n:<a rel=\"noreferrer noopener\" target=\"_blank\" href=\"http:\/\/www.instagram.com\/educoagro_balcarce\/?g=5\"> www.instagram.com\/educoagro_balcarce\/?g=5<\/a> &#8211; <a rel=\"noreferrer noopener\" target=\"_blank\" href=\"http:\/\/www.facebook.com\/educoagrosanjosebalarce\/\">www.facebook.com\/educoagrosanjosebalarce\/<\/a>&nbsp;<\/p>\n\n\n\n<p><strong>CORONEL SU\u00c1REZ (Pueblo Tur\u00edstico Santa Mar\u00eda)<\/strong><\/p>\n\n\n\n<p><strong>8\u00b0 Feria Gastron\u00f3mica<\/strong><\/p>\n\n\n\n<p>Fecha, hora y lugar: Viernes 12, a las 21:00, en el Centro Cultural H\u00e9ctor Maier Schwerdt.<\/p>\n\n\n\n<p>Descripci\u00f3n: Fin de semana de Kerb con platos t\u00edpicos como carne al horno con papas y fullsen; wilckelnude; salchicha alemana con pur\u00e9 y chucrut; mauldasche y men\u00fa infantil. Santa Mar\u00eda forma parte del programa Pueblos Tur\u00edsticos de la provincia de Buenos Aires. Actividad arancelada. Organiza la Asociaci\u00f3n de Turismo de Santa Mar\u00eda.<\/p>\n\n\n\n<p>M\u00e1s informaci\u00f3n: <a rel=\"noreferrer noopener\" target=\"_blank\" href=\"http:\/\/www.instagram.com\/turismocomunitariosantamaria\">www.instagram.com\/turismocomunitariosantamaria<\/a> &#8211; <a rel=\"noreferrer noopener\" target=\"_blank\" href=\"http:\/\/www.facebook.com\/AsocTurismoComunitarioSantaMaria\">www.facebook.com\/AsocTurismoComunitarioSantaMaria<\/a>&nbsp;<\/p>\n\n\n\n<p><strong>CORONEL DORREGO<\/strong><\/p>\n\n\n\n<p><strong>60\u00ba Expo Rural<\/strong><\/p>\n\n\n\n<p>Fecha,hora y lugar: Del viernes 12 al s\u00e1bado 14, de 09:00 a 17:00, en la Sociedad Rural de Coronel Dorrego.<\/p>\n\n\n\n<p>Descripci\u00f3n: El viernes, jura de admisi\u00f3n; al otro d\u00eda, la jura de clasificaci\u00f3n de distintas razas Angus, Hereford, Shorthorn, Corriedale, Merino y Angus P, y el domingo a las 11:00 ser\u00e1 el acto inaugural; y&nbsp; a las 14:00, remate reproductores. Adem\u00e1s, patio de comidas, food trucks, paseo de artesan\u00edas, juegos para las infancias, shows musicales, charlas t\u00e9cnicas y encuentros con escuelas secundarias. Entrada arancelada. Organiza la Sociedad Rural de Coronel Dorrego.<\/p>\n\n\n\n<p>M\u00e1s informaci\u00f3n: <a rel=\"noreferrer noopener\" target=\"_blank\" href=\"http:\/\/www.instagram.com\/p\/DNneUXYOeUd\/\">www.instagram.com\/p\/DNneUXYOeUd\/<\/a> &#8211; <a rel=\"noreferrer noopener\" target=\"_blank\" href=\"http:\/\/www.facebook.com\/sociedad.rural.2025\">www.facebook.com\/sociedad.rural.2025<\/a><\/p>\n\n\n\n<p><strong>CHACABUCO<\/strong><\/p>\n\n\n\n<p><strong>3\u00b0 Festival del Libro y la Lectura<\/strong><\/p>\n\n\n\n<p><strong>ENTRADA GRATUITA<\/strong><\/p>\n\n\n\n<p>Fecha, hora y lugar: Del viernes 12 al domingo 14, a las 15:00, en el Sal\u00f3n de los Espejos, Primera Junta 24.<\/p>\n\n\n\n<p>Descripci\u00f3n: Exposici\u00f3n y venta de libros y juegos de mesa de parte de editoriales y libros. Entrada gratuita. Organiza Pretextos con el auspicio de la Municipalidad de Chacabuco.<\/p>\n\n\n\n<p>M\u00e1s informaci\u00f3n: <a rel=\"noreferrer noopener\" target=\"_blank\" href=\"http:\/\/festilibro.com.ar\/\">festilibro.com.ar<\/a> &#8211; <a rel=\"noreferrer noopener\" target=\"_blank\" href=\"mailto:festival.libro.cultura@gmail.com\">festival.libro.cultura@gmail.com<\/a><\/p>\n\n\n\n<p><strong>ROQUE P\u00c9REZ<\/strong><\/p>\n\n\n\n<p><strong>37\u00ba Expo Roque P\u00e9rez<\/strong><\/p>\n\n\n\n<p><strong>ENTRADA GRATUITA<\/strong><\/p>\n\n\n\n<p>Fecha, hora y lugar: Del viernes 12 al domingo 14, en la Sociedad Rural de Roque P\u00e9rez (acceso Pedro Guti\u00e9rrez).<\/p>\n\n\n\n<p>Descripci\u00f3n: Muestra anual de Ganader\u00eda, Industria y Comercio en la que habr\u00e1 charlas t\u00e9cnicas, muestra comercial, stands, espect\u00e1culos en vivo, desfile y destrezas criollas. Entrada gratuita. Organiza la Sociedad Rural de Roque P\u00e9rez.<\/p>\n\n\n\n<p>M\u00e1s informaci\u00f3n: <a rel=\"noreferrer noopener\" target=\"_blank\" href=\"http:\/\/www.instagram.com\/sociedadruralderoqueperez\/\">www.instagram.com\/sociedadruralderoqueperez\/<\/a> &#8211; <a rel=\"noreferrer noopener\" target=\"_blank\" href=\"http:\/\/www.facebook.com\/SociedadRuralRoquePerez\">www.facebook.com\/SociedadRuralRoquePerez<\/a>&nbsp;<\/p>\n\n\n\n<p><strong>TRES ARROYOS<\/strong><\/p>\n\n\n\n<p><strong>Expo Rural 2025<\/strong><\/p>\n\n\n\n<p><strong>ENTRADA GRATUITA<\/strong><\/p>\n\n\n\n<p>Fecha, hora y lugar: Del viernes 12 al domingo 14, de 09:00 a 21:00, en el predio ferial de Ruta Nacional 3 y 228.<\/p>\n\n\n\n<p>Descripci\u00f3n: Charlas t\u00e9cnicas, exposici\u00f3n de maquinarias agr\u00edcolas, stands comerciales, industriales y artesanos, fog\u00f3n criollo y patio cervecero. Entrada gratuita. Organiza la Sociedad Rural de Tres Arroyos con el acompa\u00f1amiento del Municipio, Carbap y prestadores privados.<\/p>\n\n\n\n<p>M\u00e1s informaci\u00f3n: <a rel=\"noreferrer noopener\" target=\"_blank\" href=\"https:\/\/turismo.tresarroyos.gov.ar\/\">https:\/\/turismo.tresarroyos.gov.ar\/<\/a> &#8211;&nbsp; <a rel=\"noreferrer noopener\" target=\"_blank\" href=\"http:\/\/www.facebook.com\/turismo.tresarroyos\">www.facebook.com\/turismo.tresarroyos<\/a> &#8211; <a rel=\"noreferrer noopener\" target=\"_blank\" href=\"http:\/\/www.instagram.com\/turismo.tresarroyos\">www.instagram.com\/turismo.tresarroyos<\/a> &#8211; <a rel=\"noreferrer noopener\" target=\"_blank\" href=\"http:\/\/www.instagram.com\/rural3arroyos\/?hl=es\">www.instagram.com\/rural3arroyos\/?hl=es<\/a>&nbsp;<\/p>\n\n\n\n<p><strong>BOL\u00cdVAR<\/strong><\/p>\n\n\n\n<p><strong>96\u00ba Expo Rural Bol\u00edvar<\/strong><\/p>\n\n\n\n<p>Fecha, hora y lugar: Del s\u00e1bado 13 al domingo 21; desde las 07:00, en la Sociedad Rural de Bol\u00edvar.<\/p>\n\n\n\n<p>Descripci\u00f3n: Muestra anual con ciclo de charlas y capacitaciones que reunir\u00e1 a especialistas de distintos sectores: tecnolog\u00eda, ganader\u00eda, agricultura, energ\u00edas renovables, sanidad animal, inteligencia artificial, entre otros. Adem\u00e1s, 3\u00ba Expo Angus Federal y la Expo Caballos Criollos de Bol\u00edvar. Habr\u00e1 tambi\u00e9n actividades gratuitas y abiertas al p\u00fablico en la Sala de Conferencias Santiago Galaz. Pe\u00f1as en cada noche, DJs , y un gran patio de comidas. Entrada arancelada. Organiza la Sociedad Rural de Bol\u00edvar, y la C\u00e1mara Comercial local.<\/p>\n\n\n\n<p>M\u00e1s informaci\u00f3n:<a rel=\"noreferrer noopener\" target=\"_blank\" href=\"http:\/\/www.instagram.com\/sociedadruraldebolivar\"> www.instagram.com\/sociedadruraldebolivar<\/a> &#8211; <a rel=\"noreferrer noopener\" target=\"_blank\" href=\"http:\/\/www.facebook.com\/ruralbolivar\">www.facebook.com\/ruralbolivar<\/a><\/p>\n\n\n\n<p>M\u00e1s informaci\u00f3n en @turismopba y <a rel=\"noreferrer noopener\" target=\"_blank\" href=\"http:\/\/www.buenosaires.tur.ar\/\">www.buenosaires.tur.ar<\/a>, un destino bueno, bonito y bonaerense.<\/p>\n\n\n\n<p><\/p>\n","protected":false},"excerpt":{"rendered":"<p>Septiembre, el mes en el que todo florece, tendr\u00e1 diferentes actividades en los municipios bonaerenses, para disfrutar de los d\u00edas<\/p>\n","protected":false},"author":3,"featured_media":47059,"comment_status":"open","ping_status":"open","sticky":false,"template":"","format":"standard","meta":{"colormag_page_container_layout":"default_layout","colormag_page_sidebar_layout":"default_layout","footnotes":""},"categories":[1],"tags":[],"class_list":["post-50400","post","type-post","status-publish","format-standard","has-post-thumbnail","hentry","category-actualidad"],"_links":{"self":[{"href":"https:\/\/grupotiempodigital.com.ar\/index.php?rest_route=\/wp\/v2\/posts\/50400","targetHints":{"allow":["GET"]}}],"collection":[{"href":"https:\/\/grupotiempodigital.com.ar\/index.php?rest_route=\/wp\/v2\/posts"}],"about":[{"href":"https:\/\/grupotiempodigital.com.ar\/index.php?rest_route=\/wp\/v2\/types\/post"}],"author":[{"embeddable":true,"href":"https:\/\/grupotiempodigital.com.ar\/index.php?rest_route=\/wp\/v2\/users\/3"}],"replies":[{"embeddable":true,"href":"https:\/\/grupotiempodigital.com.ar\/index.php?rest_route=%2Fwp%2Fv2%2Fcomments&post=50400"}],"version-history":[{"count":1,"href":"https:\/\/grupotiempodigital.com.ar\/index.php?rest_route=\/wp\/v2\/posts\/50400\/revisions"}],"predecessor-version":[{"id":50401,"href":"https:\/\/grupotiempodigital.com.ar\/index.php?rest_route=\/wp\/v2\/posts\/50400\/revisions\/50401"}],"wp:featuredmedia":[{"embeddable":true,"href":"https:\/\/grupotiempodigital.com.ar\/index.php?rest_route=\/wp\/v2\/media\/47059"}],"wp:attachment":[{"href":"https:\/\/grupotiempodigital.com.ar\/index.php?rest_route=%2Fwp%2Fv2%2Fmedia&parent=50400"}],"wp:term":[{"taxonomy":"category","embeddable":true,"href":"https:\/\/grupotiempodigital.com.ar\/index.php?rest_route=%2Fwp%2Fv2%2Fcategories&post=50400"},{"taxonomy":"post_tag","embeddable":true,"href":"https:\/\/grupotiempodigital.com.ar\/index.php?rest_route=%2Fwp%2Fv2%2Ftags&post=50400"}],"curies":[{"name":"wp","href":"https:\/\/api.w.org\/{rel}","templated":true}]}}