{"id":50396,"date":"2025-09-09T08:06:35","date_gmt":"2025-09-09T11:06:35","guid":{"rendered":"https:\/\/grupotiempodigital.com.ar\/?p=50396"},"modified":"2025-09-09T08:06:36","modified_gmt":"2025-09-09T11:06:36","slug":"ciclo-de-charlas-construyendo-puentes-dialogos-desde-el-pensamiento-nacional","status":"publish","type":"post","link":"https:\/\/grupotiempodigital.com.ar\/?p=50396","title":{"rendered":"Ciclo de charlas \u00abConstruyendo Puentes: Di\u00e1logos desde el Pensamiento Nacional\u00bb."},"content":{"rendered":"\n<p>El Centro Universitario de General Paz, junto a la C\u00e1tedra Arturo Jauretche del Banco Provincia y el Programa Puentes (Plan de Integraci\u00f3n Territorial Universitaria), tienen el agrado de invitar a la comunidad a participar del ciclo de charlas \u00abConstruyendo Puentes: Di\u00e1logos desde el Pensamiento Nacional\u00bb.<\/p>\n\n\n\n<p>\ud83d\udcc5 Viernes 12 de septiembre<\/p>\n\n\n\n<p>\ud83d\udd52 18:00 hs.<\/p>\n\n\n\n<p>\ud83d\udccd Centro Universitario (Hip\u00f3lito Yrigoyen y Luis Giles, Ranchos)<\/p>\n\n\n\n<p>\ud83d\udde3 Disertantes invitados: Daniel Badenes y Dora Barrancos.<\/p>\n\n\n\n<p>En esta oportunidad, la charla se desarrollar\u00e1 bajo el eje \u201cDerecho cardinal, el derecho a la educaci\u00f3n universitaria\u201d. Se reflexionar\u00e1 sobre la Reforma Universitaria de 1918, la gratuidad universitaria y sus legados en la educaci\u00f3n p\u00fablica, as\u00ed como los desaf\u00edos actuales en ciencia, tecnolog\u00eda y soberan\u00eda educativa en la provincia de Buenos Aires.<\/p>\n\n\n\n<p>\u2728 La participaci\u00f3n es abierta y gratuita.<\/p>\n\n\n\n<p>Centro Universitario de General Paz<\/p>\n\n\n\n<p>C\u00e1tedra Arturo Jauretche \u2013 Banco Provincia<\/p>\n\n\n\n<p>Programa Puentes<\/p>\n\n\n\n<figure class=\"wp-block-image aligncenter size-large\"><img loading=\"lazy\" decoding=\"async\" width=\"558\" height=\"1024\" src=\"https:\/\/grupotiempodigital.com.ar\/wp-content\/uploads\/2025\/09\/CCC-1-558x1024.jpg\" alt=\"\" class=\"wp-image-50398\" srcset=\"https:\/\/grupotiempodigital.com.ar\/wp-content\/uploads\/2025\/09\/CCC-1-558x1024.jpg 558w, https:\/\/grupotiempodigital.com.ar\/wp-content\/uploads\/2025\/09\/CCC-1-164x300.jpg 164w, https:\/\/grupotiempodigital.com.ar\/wp-content\/uploads\/2025\/09\/CCC-1.jpg 698w\" sizes=\"auto, (max-width: 558px) 100vw, 558px\" \/><\/figure>\n","protected":false},"excerpt":{"rendered":"<p>El Centro Universitario de General Paz, junto a la C\u00e1tedra Arturo Jauretche del Banco Provincia y el Programa Puentes (Plan<\/p>\n","protected":false},"author":3,"featured_media":50397,"comment_status":"open","ping_status":"open","sticky":false,"template":"","format":"standard","meta":{"colormag_page_container_layout":"default_layout","colormag_page_sidebar_layout":"default_layout","footnotes":""},"categories":[1],"tags":[],"class_list":["post-50396","post","type-post","status-publish","format-standard","has-post-thumbnail","hentry","category-actualidad"],"_links":{"self":[{"href":"https:\/\/grupotiempodigital.com.ar\/index.php?rest_route=\/wp\/v2\/posts\/50396","targetHints":{"allow":["GET"]}}],"collection":[{"href":"https:\/\/grupotiempodigital.com.ar\/index.php?rest_route=\/wp\/v2\/posts"}],"about":[{"href":"https:\/\/grupotiempodigital.com.ar\/index.php?rest_route=\/wp\/v2\/types\/post"}],"author":[{"embeddable":true,"href":"https:\/\/grupotiempodigital.com.ar\/index.php?rest_route=\/wp\/v2\/users\/3"}],"replies":[{"embeddable":true,"href":"https:\/\/grupotiempodigital.com.ar\/index.php?rest_route=%2Fwp%2Fv2%2Fcomments&post=50396"}],"version-history":[{"count":1,"href":"https:\/\/grupotiempodigital.com.ar\/index.php?rest_route=\/wp\/v2\/posts\/50396\/revisions"}],"predecessor-version":[{"id":50399,"href":"https:\/\/grupotiempodigital.com.ar\/index.php?rest_route=\/wp\/v2\/posts\/50396\/revisions\/50399"}],"wp:featuredmedia":[{"embeddable":true,"href":"https:\/\/grupotiempodigital.com.ar\/index.php?rest_route=\/wp\/v2\/media\/50397"}],"wp:attachment":[{"href":"https:\/\/grupotiempodigital.com.ar\/index.php?rest_route=%2Fwp%2Fv2%2Fmedia&parent=50396"}],"wp:term":[{"taxonomy":"category","embeddable":true,"href":"https:\/\/grupotiempodigital.com.ar\/index.php?rest_route=%2Fwp%2Fv2%2Fcategories&post=50396"},{"taxonomy":"post_tag","embeddable":true,"href":"https:\/\/grupotiempodigital.com.ar\/index.php?rest_route=%2Fwp%2Fv2%2Ftags&post=50396"}],"curies":[{"name":"wp","href":"https:\/\/api.w.org\/{rel}","templated":true}]}}