{"id":5031,"date":"2014-11-17T16:45:41","date_gmt":"2014-11-17T19:45:41","guid":{"rendered":"http:\/\/grupotiempodigital.com.ar\/?p=5031"},"modified":"2014-11-17T16:45:41","modified_gmt":"2014-11-17T19:45:41","slug":"desplazaron-ayer-al-vicedirector-de-la-escuela-media-en-ranchos","status":"publish","type":"post","link":"https:\/\/grupotiempodigital.com.ar\/?p=5031","title":{"rendered":"Desplazaron ayer al vicedirector de la Escuela Media en Ranchos"},"content":{"rendered":"<p>La tensa situaci\u00f3n existente en la escuela de Educaci\u00f3n Media n\u00ba 2 de la que informara este medio hace dos semanas ( incluyendo su columna editorial) fue abordada por una delegaci\u00f3n  de la Direcci\u00f3n General de Escuelas de la provincia que estuvo en Ranchos el jueves, con la presencia del  hijo de Ranchos Gabriel Bruno, asesor de Ense\u00f1an-za Media de la provincia y que mantuvo reuniones con el inspector Gustavo Francischini, dirigentes del SUTEBA, consejeros es-colares y padres de alumnos. Tras esos encuentros, ayer al mediod\u00eda, el ins-pector general del distri-to,Francischini personalmente le comunic\u00f3 al vicedirector Prof. Marcelo L\u00f3pez que hab\u00eda sido des-plazado del cargo.<br \/>\nLuego de recibir objeciones y cr\u00edticas, en algunos casos muy duras contra su gesti\u00f3n, ayer fue desplazado del cargo de vicedirector de la Escuela Media  (Ex Colegio Nacional) Marcelo L\u00f3pez.-<br \/>\nEl docente estaba a cargo de la direcci\u00f3n por la prolongada licencia de la titular S. Buzzo. Los reclamos hab\u00edan crecido \u00faltimamente y fue-ron motivo de una fuerte cobertura de este medio hace dos semanas. La decisi\u00f3n fue tomada luego de una jornada de trabajo en Ranchos de funcionarios de la Direcci\u00f3n General de Escuelas de la provincia el jueves.- Al cierre no pudo confirmar-se si habr\u00e1 otras medidas por parte del organismo.<br \/>\n(Informaci\u00f3n de TIEMPO de Ranchos del s\u00e1bado 15-11-2014)<a href=\"https:\/\/grupotiempodigital.com.ar\/?attachment_id=5032\" rel=\"attachment wp-att-5032\"><img loading=\"lazy\" decoding=\"async\" src=\"https:\/\/grupotiempodigital.com.ar\/wp-content\/uploads\/2014\/11\/Colegio-Nacional.jpg\" alt=\"\" title=\"Colegio Nacional\" width=\"388\" height=\"259\" class=\"alignleft size-full wp-image-5032\" srcset=\"https:\/\/grupotiempodigital.com.ar\/wp-content\/uploads\/2014\/11\/Colegio-Nacional.jpg 388w, https:\/\/grupotiempodigital.com.ar\/wp-content\/uploads\/2014\/11\/Colegio-Nacional-300x200.jpg 300w\" sizes=\"auto, (max-width: 388px) 100vw, 388px\" \/><\/a><\/p>\n","protected":false},"excerpt":{"rendered":"<p>La tensa situaci\u00f3n existente en la escuela de Educaci\u00f3n Media n\u00ba 2 de la que informara este medio hace dos<\/p>\n","protected":false},"author":3,"featured_media":5032,"comment_status":"open","ping_status":"open","sticky":false,"template":"","format":"standard","meta":{"colormag_page_container_layout":"default_layout","colormag_page_sidebar_layout":"default_layout","footnotes":""},"categories":[1],"tags":[],"class_list":["post-5031","post","type-post","status-publish","format-standard","has-post-thumbnail","hentry","category-actualidad"],"_links":{"self":[{"href":"https:\/\/grupotiempodigital.com.ar\/index.php?rest_route=\/wp\/v2\/posts\/5031","targetHints":{"allow":["GET"]}}],"collection":[{"href":"https:\/\/grupotiempodigital.com.ar\/index.php?rest_route=\/wp\/v2\/posts"}],"about":[{"href":"https:\/\/grupotiempodigital.com.ar\/index.php?rest_route=\/wp\/v2\/types\/post"}],"author":[{"embeddable":true,"href":"https:\/\/grupotiempodigital.com.ar\/index.php?rest_route=\/wp\/v2\/users\/3"}],"replies":[{"embeddable":true,"href":"https:\/\/grupotiempodigital.com.ar\/index.php?rest_route=%2Fwp%2Fv2%2Fcomments&post=5031"}],"version-history":[{"count":0,"href":"https:\/\/grupotiempodigital.com.ar\/index.php?rest_route=\/wp\/v2\/posts\/5031\/revisions"}],"wp:featuredmedia":[{"embeddable":true,"href":"https:\/\/grupotiempodigital.com.ar\/index.php?rest_route=\/wp\/v2\/media\/5032"}],"wp:attachment":[{"href":"https:\/\/grupotiempodigital.com.ar\/index.php?rest_route=%2Fwp%2Fv2%2Fmedia&parent=5031"}],"wp:term":[{"taxonomy":"category","embeddable":true,"href":"https:\/\/grupotiempodigital.com.ar\/index.php?rest_route=%2Fwp%2Fv2%2Fcategories&post=5031"},{"taxonomy":"post_tag","embeddable":true,"href":"https:\/\/grupotiempodigital.com.ar\/index.php?rest_route=%2Fwp%2Fv2%2Ftags&post=5031"}],"curies":[{"name":"wp","href":"https:\/\/api.w.org\/{rel}","templated":true}]}}