{"id":50283,"date":"2025-08-22T08:50:09","date_gmt":"2025-08-22T11:50:09","guid":{"rendered":"https:\/\/grupotiempodigital.com.ar\/?p=50283"},"modified":"2025-08-22T08:50:10","modified_gmt":"2025-08-22T11:50:10","slug":"informacion-social-ranchos-chascomus-pila-353","status":"publish","type":"post","link":"https:\/\/grupotiempodigital.com.ar\/?p=50283","title":{"rendered":"INFORMACI\u00d3N SOCIAL RANCHOS \u2013 CHASCOM\u00daS &#8211; PILA"},"content":{"rendered":"\n<p class=\"wp-block-paragraph\"><strong><u>CUMPLEA\u00d1OS RANCHOS<\/u><\/strong><\/p>\n\n\n\n<p class=\"wp-block-paragraph\"><strong><u>VIERNES 22 DE AGOSTO:<\/u><\/strong><strong> JUAN GUATTINI, FEDERICO C\u00d3CERESS, CRISTINA LAMARQUE, DAMIAN IBARRA.<\/strong><\/p>\n\n\n\n<p class=\"wp-block-paragraph\"><strong><u>FARMACIAS DE TURNO VIERNES 22 DE AGOSTO<\/u><\/strong><\/p>\n\n\n\n<p class=\"wp-block-paragraph\"><strong>RANCHOS: D\u00b4ANDREA (Campomar y Mois\u00e9s Tinao)<\/strong><\/p>\n\n\n\n<p class=\"wp-block-paragraph\"><strong>CHASCOM\u00daS: ORIA (l. DEL Sur 413) y Bellingeri (Yrigoyen 78)<\/strong><\/p>\n\n\n\n<p class=\"wp-block-paragraph\"><strong>PIL<\/strong><strong>A: MORISET (17 N\u00ba 227)<\/strong><\/p>\n\n\n\n<p class=\"wp-block-paragraph\"><strong><u>CUMPLEA\u00d1OS RANCHOS<\/u><\/strong><\/p>\n\n\n\n<p class=\"wp-block-paragraph\"><strong><u>S\u00c1BADO 23 DE AGOSTO:<\/u><\/strong><strong> SILVINA FERRANTE, NORMA ZAFFIGNANI, ANTONINA COCCONI, NICOL\u00c1S GABRIEL SIERRA, JULIETA TOUCO, SOLEDAD FARISANO, YESSICA GIGENA.<\/strong><\/p>\n\n\n\n<p class=\"wp-block-paragraph\"><strong><u>FARMACIAS DE TURNO S\u00c1BADO 23 DE AGOSTO<\/u><\/strong><\/p>\n\n\n\n<p class=\"wp-block-paragraph\"><strong>RANCHOS: TORRISSI (Mitre Casi L. Giles)<\/strong><\/p>\n\n\n\n<p class=\"wp-block-paragraph\"><strong>CHASCOM\u00daS: CHASCOM\u00fas (Lastra 350) y PENSA (Yrigoyen 710)<\/strong><\/p>\n\n\n\n<p class=\"wp-block-paragraph\"><strong>PIL<\/strong><strong>A: MORISET (17 N\u00ba 227)<\/strong><\/p>\n\n\n\n<p class=\"wp-block-paragraph\"><strong><u>CUMPLEA\u00d1OS RANCHOS<\/u><\/strong><\/p>\n\n\n\n<p class=\"wp-block-paragraph\"><strong><u>DOMINGO 24 DE AGOSTO:<\/u><\/strong><strong> PATRICIO VILLAR, SUSANA DELLAVEDOVA, KAREN G\u00d3MEZANA IN\u00c9S BARRERA, KARINA SAAVEDRA, MAR\u00cdA LAURA MAFFEI.<\/strong><\/p>\n\n\n\n<p class=\"wp-block-paragraph\"><strong><u>FARMACIAS DE TURNO DOMINGO 24 DE AGOSTO<\/u><\/strong><\/p>\n\n\n\n<p class=\"wp-block-paragraph\"><strong>RANCHOS: TORRISSI (Mitre Casi L. Giles)<\/strong><\/p>\n\n\n\n<p class=\"wp-block-paragraph\"><strong>CHASCOM\u00daS: DEL NORTE (Omb\u00fa 102) y MORISET (Lastra 591)<\/strong><\/p>\n\n\n\n<p class=\"wp-block-paragraph\"><strong>PIL<\/strong><strong>A: MORISET (17 N\u00ba 227)<\/strong><\/p>\n\n\n\n<p class=\"wp-block-paragraph\"><strong><u>NECROL\u00d3GICA CHASCOM\u00daS <\/u><\/strong><strong>&nbsp;&nbsp;&nbsp;&nbsp;&nbsp;&nbsp;&nbsp;&nbsp;&nbsp;&nbsp;<\/strong><\/p>\n\n\n\n<p class=\"wp-block-paragraph\"><strong>En horas de la ma\u00f1ana de ayer dejo de existir en nuestra ciudad ANDREA MARIELA HAUSCARRIAGA. La extinta desaparece&nbsp; a los 58 a\u00f1os de edad. Sus restos fueron velados en la sala&nbsp; de Remedios de Escalada N\u00b0 92&nbsp; y trasladados al&nbsp; Cementerio municipal&nbsp; de Chascom\u00fas para su inhumaci\u00f3n<a><\/a> ayer, jueves, a las 14.45 Hs.- (Casa Sallaberry)<\/strong><\/p>\n\n\n\n<p class=\"wp-block-paragraph\"><\/p>\n","protected":false},"excerpt":{"rendered":"<p>CUMPLEA\u00d1OS RANCHOS VIERNES 22 DE AGOSTO: JUAN GUATTINI, FEDERICO C\u00d3CERESS, CRISTINA LAMARQUE, DAMIAN IBARRA. FARMACIAS DE TURNO VIERNES 22 DE<\/p>\n","protected":false},"author":3,"featured_media":47075,"comment_status":"open","ping_status":"open","sticky":false,"template":"","format":"standard","meta":{"colormag_page_container_layout":"default_layout","colormag_page_sidebar_layout":"default_layout","footnotes":""},"categories":[1],"tags":[],"class_list":["post-50283","post","type-post","status-publish","format-standard","has-post-thumbnail","hentry","category-actualidad"],"_links":{"self":[{"href":"https:\/\/grupotiempodigital.com.ar\/index.php?rest_route=\/wp\/v2\/posts\/50283","targetHints":{"allow":["GET"]}}],"collection":[{"href":"https:\/\/grupotiempodigital.com.ar\/index.php?rest_route=\/wp\/v2\/posts"}],"about":[{"href":"https:\/\/grupotiempodigital.com.ar\/index.php?rest_route=\/wp\/v2\/types\/post"}],"author":[{"embeddable":true,"href":"https:\/\/grupotiempodigital.com.ar\/index.php?rest_route=\/wp\/v2\/users\/3"}],"replies":[{"embeddable":true,"href":"https:\/\/grupotiempodigital.com.ar\/index.php?rest_route=%2Fwp%2Fv2%2Fcomments&post=50283"}],"version-history":[{"count":1,"href":"https:\/\/grupotiempodigital.com.ar\/index.php?rest_route=\/wp\/v2\/posts\/50283\/revisions"}],"predecessor-version":[{"id":50284,"href":"https:\/\/grupotiempodigital.com.ar\/index.php?rest_route=\/wp\/v2\/posts\/50283\/revisions\/50284"}],"wp:attachment":[{"href":"https:\/\/grupotiempodigital.com.ar\/index.php?rest_route=%2Fwp%2Fv2%2Fmedia&parent=50283"}],"wp:term":[{"taxonomy":"category","embeddable":true,"href":"https:\/\/grupotiempodigital.com.ar\/index.php?rest_route=%2Fwp%2Fv2%2Fcategories&post=50283"},{"taxonomy":"post_tag","embeddable":true,"href":"https:\/\/grupotiempodigital.com.ar\/index.php?rest_route=%2Fwp%2Fv2%2Ftags&post=50283"}],"curies":[{"name":"wp","href":"https:\/\/api.w.org\/{rel}","templated":true}]}}