{"id":5026,"date":"2014-11-16T02:11:21","date_gmt":"2014-11-16T05:11:21","guid":{"rendered":"http:\/\/grupotiempodigital.com.ar\/?p=5026"},"modified":"2014-11-16T02:11:21","modified_gmt":"2014-11-16T05:11:21","slug":"columna-del-domingo-por-hector-ricardo-olivera-la-piedra-en-el-zapato","status":"publish","type":"post","link":"https:\/\/grupotiempodigital.com.ar\/?p=5026","title":{"rendered":"Columna del domingo, por H\u00e9ctor Ricardo Olivera: \u201cLA PIEDRA EN EL ZAPATO\u00bb"},"content":{"rendered":"<p>La Democracia es un valor que, como la salud, s\u00f3lo se a\u00f1ora cuando se la pierde.<br \/>\nAfortunadamente, los argentinos hemos aprendido para siempre que nada puede ser posible con otro sistema de Gobierno.<br \/>\nPodemos equivocarnos, como es m\u00e1s que evidente, pero nos est\u00e1 reservado el derecho a corregirnos.<br \/>\nAnte este panorama, estamos ya en tiempo de comenzar a vislumbrar las ofertas que el cuarto oscuro pondr\u00e1 ante nuestra decisi\u00f3n.<br \/>\nDeberemos cargar, entonces, con la seria responsabilidad republicana de elegir lo que entendamos sea lo mejor para reparar tanto da\u00f1o.<br \/>\nLa carencia de estructuras partidarias significativas muestra un escenario que gira alrededor de los candidatos.<br \/>\nEsta Democracia de personas y no de Partidos es un juego nuevo al que deberemos adaptarnos.<br \/>\nLas alternativas m\u00e1s s\u00f3lidas son tres: las dos versiones del continuismo peronista  y el Jefe de Gobierno de la Ciudad de Buenos Aires.<br \/>\nLas primeras encarnan en los nombres de Sergio Massa y Daniel Scioli.<br \/>\nAl m\u00e1s puro estilo peronista, parecen pelearse pero en verdad son piezas de un sistema antiguo que finalmente los une, por necesidad, por especulaci\u00f3n o por sentirse parte de lo mismo.<br \/>\nUna r\u00e1pida lectura  por sus seguidores muestra la mescolanza y los vaivenes de apellidos que siempre est\u00e1n y quieren seguir estando.<br \/>\nEl intento de ambos de exhibir sus gestiones no alcanza.<br \/>\nUno, el Gobernador, tiene la Provincia inundada, las escuelas cerradas, los m\u00e9dicos de huelga, los caminos destruidos, todo pintado de naranja como si el color reemplazara a la acci\u00f3n.<br \/>\nLa Presidenta y los muchachos de \u201cla C\u00e1mpora\u201d se lo tendr\u00e1n que comer porque no hay otro, pero ya sabemos que a la hora de las papas har\u00e1n del experimento un campo de batalla.<br \/>\nEl Diputado y ex Intendente de Tigre se empe\u00f1a en mostrarse como que no es lo que fue y es.<br \/>\nFue \u00e9l el que encumbr\u00f3 a Boudou en el ANSES, fue Jefe de Gabinete del Gobierno Nacional, (este Gobierno), y desde all\u00ed imagin\u00f3 su escenario de ascenso.<br \/>\nSon astillas del mismo palo y no se puede imaginar a ninguno de ellos sometiendo a la Justicia a los que fueron sus jefes.<br \/>\nEl tercer camino intenta mostrarse como la oposici\u00f3n al kirchnerismo y este es  seguramente, su principal capital pol\u00edtico.<br \/>\nMuestra tambi\u00e9n algunos m\u00e9ritos de gesti\u00f3n que, aunque no imposibles,  no resultar\u00e1n f\u00e1ciles de repetir en el escenario nacional.<br \/>\nEn medio de este galimat\u00edas, hay un cuarto agrupamiento, el Frente Amplio UNEN, si es que as\u00ed se llama porque la confusi\u00f3n es all\u00ed tan grande que casi no hay certezas ni sobre su nombre.<br \/>\nEs m\u00e1s que evidente que ese UNEN carece de sentido de existencia precisamente porque no est\u00e1n unidos, nunca lo estuvieron ni lo estar\u00e1n.<br \/>\nSon una piedra en el zapato de la Pol\u00edtica y producen precisamente lo que una piedra en el zapato de cualquier caminante.<br \/>\nRestan fuerza, generan una ampolla y debe hacerse con ello lo que con la piedra: quitarla y seguir la marcha.<br \/>\nCuanto antes ocurra, mejor ser\u00e1 para la comunidad, que vive la confusi\u00f3n diaria de ver y escuchar reproches y campeonatos de fotograf\u00edas.<br \/>\nLos que opten por valores y principios que alimentan lindos recuerdos sabr\u00e1n que hacer.<br \/>\nLos que entiendan que es urgente frenar el descalabro, tambi\u00e9n sabr\u00e1n que hacer.<br \/>\nLo importante es que no se demoren, porque el tiempo urge y la situaci\u00f3n exige audacia, coraje y responsabilidad.<br \/>\nSe trata una vez m\u00e1s de la opci\u00f3n entre la \u201c\u00e9tica de la conciencia\u201d y la\u201d\u00e9tica de la responsabilidad\u201d que planteara el soci\u00f3logo alem\u00e1n Max Weber  en su momento.<br \/>\nCabe aclarar que ambas concepciones no son incompatibles, sino que se trata de ubicarlas en cantidad y prioridad seg\u00fan las necesidades de cada etapa hist\u00f3rica.<br \/>\nCuanto antes tengamos la carta del men\u00fa electoral mejor sabremos elegir el plato para evitar otra indigesti\u00f3n.   <\/p>\n","protected":false},"excerpt":{"rendered":"<p>La Democracia es un valor que, como la salud, s\u00f3lo se a\u00f1ora cuando se la pierde. Afortunadamente, los argentinos hemos<\/p>\n","protected":false},"author":3,"featured_media":0,"comment_status":"open","ping_status":"open","sticky":false,"template":"","format":"standard","meta":{"colormag_page_container_layout":"default_layout","colormag_page_sidebar_layout":"default_layout","footnotes":""},"categories":[1],"tags":[],"class_list":["post-5026","post","type-post","status-publish","format-standard","hentry","category-actualidad"],"_links":{"self":[{"href":"https:\/\/grupotiempodigital.com.ar\/index.php?rest_route=\/wp\/v2\/posts\/5026","targetHints":{"allow":["GET"]}}],"collection":[{"href":"https:\/\/grupotiempodigital.com.ar\/index.php?rest_route=\/wp\/v2\/posts"}],"about":[{"href":"https:\/\/grupotiempodigital.com.ar\/index.php?rest_route=\/wp\/v2\/types\/post"}],"author":[{"embeddable":true,"href":"https:\/\/grupotiempodigital.com.ar\/index.php?rest_route=\/wp\/v2\/users\/3"}],"replies":[{"embeddable":true,"href":"https:\/\/grupotiempodigital.com.ar\/index.php?rest_route=%2Fwp%2Fv2%2Fcomments&post=5026"}],"version-history":[{"count":0,"href":"https:\/\/grupotiempodigital.com.ar\/index.php?rest_route=\/wp\/v2\/posts\/5026\/revisions"}],"wp:attachment":[{"href":"https:\/\/grupotiempodigital.com.ar\/index.php?rest_route=%2Fwp%2Fv2%2Fmedia&parent=5026"}],"wp:term":[{"taxonomy":"category","embeddable":true,"href":"https:\/\/grupotiempodigital.com.ar\/index.php?rest_route=%2Fwp%2Fv2%2Fcategories&post=5026"},{"taxonomy":"post_tag","embeddable":true,"href":"https:\/\/grupotiempodigital.com.ar\/index.php?rest_route=%2Fwp%2Fv2%2Ftags&post=5026"}],"curies":[{"name":"wp","href":"https:\/\/api.w.org\/{rel}","templated":true}]}}