{"id":5020,"date":"2014-11-15T10:22:36","date_gmt":"2014-11-15T13:22:36","guid":{"rendered":"http:\/\/grupotiempodigital.com.ar\/?p=5020"},"modified":"2014-11-15T10:22:36","modified_gmt":"2014-11-15T13:22:36","slug":"firmaron-el-acta-tecnica-para-las-86-viviendas-de-la-calle-seijas-que-tendra-calles-con-nombres-de-concejales-fallecidos","status":"publish","type":"post","link":"https:\/\/grupotiempodigital.com.ar\/?p=5020","title":{"rendered":"Firmaron el acta t\u00e9cnica para las 86 viviendas de la calle Seijas que tendr\u00e1 calles con nombres de concejales fallecidos-"},"content":{"rendered":"<p>El lunes pasado en un \u00e1rea del ministerio de Planificaci\u00f2n que conduce el ministro de Vido se firm\u00f3 el acta t\u00e9cnica de la obra de 86 viviendas que se levantar\u00e1n en el barrio de la ex quinta Ramallo en la calle Seijas por un monto presupuestado de $ 26.080.000 y que estar\u00e1 segmentado en cinco manzanas que llevar\u00e1n los nombres de complejos Dorrego, A. Jaurretche, J. Azurduy, A. Korn y Padre Mujica y cuyas calles interiores llevar\u00e1n los nombres de concejales rancheros fallecidos que integraron el Concejo Deliberante en 1983 y que si bien, re-quiere de la aprobaci\u00f3n del HCD, ya cuenta con la de las respectivas familias.-<br \/>\nLas viviendas ser\u00e1n de 51 Mts,2 cada una y forman parte del programa \u00bb Techo Digno\u00bb.- Por otra parte, ya se levantan las primeras viviendas sociales en el barrio L\u00e1zaro (foto) que sumar\u00e1n 16 unidades y que se denominan Viviendas Roca.<br \/>\nLos concejales que tuvieron mandato a partir de 1983 que han fallecido llevar\u00e1n sus nombres ( en caso de aprobarlo en su momento el HCD) en calles del barrio a levantarse en la calle Seijas ( a cuadras del Fort\u00edn) en donde se sumar\u00e1n 86 unidades en cinco complejos cuyos nombres adelant\u00f3 el martes el intendente municipal, en una sesi\u00f3n del Concejo Deliberante, cuyo desarrollo por cierto merece una an\u00e1lisis por separado, ya que se violaron en algunos tramos todas las reglas vigentes con el intendente opinando, debatiendo y hasta respondiendo cuestiones del Cuerpo.-<br \/>\nVolviendo al tema, los concejales que impondr\u00e1n sus nombres en algunas de las calles del barrio a levantarse son: Luis Leglise, Osvaldo Cocconi, Ricardo Bruno, Fany Perazza, Jos\u00e9 L. Cattorini y Juan O. L\u00f3pez Oleaga.- Otra arteria de ese barrio llevar\u00e1 el nombre de comandante Sard\u00e9n.<br \/>\nPor su parte, tres unidades denominadas viviendas Roca ya est\u00e1n levantadas de un total de 16 que se construir\u00e1n en el barrio L\u00e1zaro y que son del tipo de viviendas sociales.- Las mismas se terminar\u00e1n en corto plazo.-<\/p>\n<p><a href=\"https:\/\/grupotiempodigital.com.ar\/?attachment_id=5021\" rel=\"attachment wp-att-5021\"><img loading=\"lazy\" decoding=\"async\" src=\"https:\/\/grupotiempodigital.com.ar\/wp-content\/uploads\/2014\/11\/Barrio.jpg\" alt=\"\" title=\"Barrio\" width=\"388\" height=\"259\" class=\"alignleft size-full wp-image-5021\" srcset=\"https:\/\/grupotiempodigital.com.ar\/wp-content\/uploads\/2014\/11\/Barrio.jpg 388w, https:\/\/grupotiempodigital.com.ar\/wp-content\/uploads\/2014\/11\/Barrio-300x200.jpg 300w\" sizes=\"auto, (max-width: 388px) 100vw, 388px\" \/><\/a><\/p>\n","protected":false},"excerpt":{"rendered":"<p>El lunes pasado en un \u00e1rea del ministerio de Planificaci\u00f2n que conduce el ministro de Vido se firm\u00f3 el acta<\/p>\n","protected":false},"author":3,"featured_media":5021,"comment_status":"open","ping_status":"open","sticky":false,"template":"","format":"standard","meta":{"colormag_page_container_layout":"default_layout","colormag_page_sidebar_layout":"default_layout","footnotes":""},"categories":[1],"tags":[],"class_list":["post-5020","post","type-post","status-publish","format-standard","has-post-thumbnail","hentry","category-actualidad"],"_links":{"self":[{"href":"https:\/\/grupotiempodigital.com.ar\/index.php?rest_route=\/wp\/v2\/posts\/5020","targetHints":{"allow":["GET"]}}],"collection":[{"href":"https:\/\/grupotiempodigital.com.ar\/index.php?rest_route=\/wp\/v2\/posts"}],"about":[{"href":"https:\/\/grupotiempodigital.com.ar\/index.php?rest_route=\/wp\/v2\/types\/post"}],"author":[{"embeddable":true,"href":"https:\/\/grupotiempodigital.com.ar\/index.php?rest_route=\/wp\/v2\/users\/3"}],"replies":[{"embeddable":true,"href":"https:\/\/grupotiempodigital.com.ar\/index.php?rest_route=%2Fwp%2Fv2%2Fcomments&post=5020"}],"version-history":[{"count":0,"href":"https:\/\/grupotiempodigital.com.ar\/index.php?rest_route=\/wp\/v2\/posts\/5020\/revisions"}],"wp:featuredmedia":[{"embeddable":true,"href":"https:\/\/grupotiempodigital.com.ar\/index.php?rest_route=\/wp\/v2\/media\/5021"}],"wp:attachment":[{"href":"https:\/\/grupotiempodigital.com.ar\/index.php?rest_route=%2Fwp%2Fv2%2Fmedia&parent=5020"}],"wp:term":[{"taxonomy":"category","embeddable":true,"href":"https:\/\/grupotiempodigital.com.ar\/index.php?rest_route=%2Fwp%2Fv2%2Fcategories&post=5020"},{"taxonomy":"post_tag","embeddable":true,"href":"https:\/\/grupotiempodigital.com.ar\/index.php?rest_route=%2Fwp%2Fv2%2Ftags&post=5020"}],"curies":[{"name":"wp","href":"https:\/\/api.w.org\/{rel}","templated":true}]}}