{"id":5016,"date":"2014-11-15T10:17:42","date_gmt":"2014-11-15T13:17:42","guid":{"rendered":"http:\/\/grupotiempodigital.com.ar\/?p=5016"},"modified":"2014-11-15T10:17:42","modified_gmt":"2014-11-15T13:17:42","slug":"mons-malfa-fue-designado-secretario-general-de-la-conferencia-episcopal-y-viaja-al-vaticano-a-reunirse-con-francisco","status":"publish","type":"post","link":"https:\/\/grupotiempodigital.com.ar\/?p=5016","title":{"rendered":"Mons. Malfa fue designado secretario general de la Conferencia Episcopal y viaja al Vaticano a reunirse con Francisco"},"content":{"rendered":"<p>La Conferencia Episcopal Argentina celebr\u00f3 su 108\u00ba edici\u00f3n en la que fueron designadas sus nuevas autoridades que presidir\u00e1 monse\u00f1or Jos\u00e9 Mar\u00eda Arancedo.- El obispo diocesano de Chascom\u00fas, Carlos Malfa es el nuevo secretario general y por estas horas viaja al Vaticano a informar al Papa Francisco.<br \/>\nAyer se present\u00f3 la nueva conducci\u00f3n de la Conferencia Episcopal Argentina (CEA), elegida esta semana durante la 108\u00ba asamblea plenaria de los obispos, con el sucesor del papa Francisco, Mario Aurelio Poli , en un puesto clave.<br \/>\nLa nueva comisi\u00f3n ejecutiva de la CEA (para el trienio 2014-2017) est\u00e1 integrada por monse\u00f1or Jos\u00e9 Mar\u00eda Arancedo, arzobispo de Santa Fe, como presidente; Poli, arzobispo de Buenos Aires y prima-do de la Argentina, como vicepresidente 1\u00ba; monse\u00f1or Mario Antonio Cargnello, arzobispo de Salta, como vicepresidente 2\u00ba; y monse\u00f1or Carlos Humberto Malfa, obispo de Chascom\u00fas, como secretario general.<br \/>\nMalfa al Vaticano<br \/>\nPor estas horas monse\u00f1or Carlos H. Malfa est\u00e1 viajando hacia el Vaticano para mantener una reuni\u00f3n con el Papa Francisco.<br \/>\nSi bien no se pudo conocer la agenda programada, pese al esfuerzo de TIEMPO, se descarta que el flamante secretario general de la CEA, le transmita al Papa la mayor preocupaci\u00f3n de la Iglesia Argentina que es el incremento del narcotr\u00e1fico en nuestro pa\u00eds.<\/p>\n<p><a href=\"https:\/\/grupotiempodigital.com.ar\/?attachment_id=5017\" rel=\"attachment wp-att-5017\"><img loading=\"lazy\" decoding=\"async\" src=\"https:\/\/grupotiempodigital.com.ar\/wp-content\/uploads\/2014\/11\/Malfa.jpg\" alt=\"\" title=\"Malfa\" width=\"388\" height=\"291\" class=\"alignleft size-full wp-image-5017\" srcset=\"https:\/\/grupotiempodigital.com.ar\/wp-content\/uploads\/2014\/11\/Malfa.jpg 388w, https:\/\/grupotiempodigital.com.ar\/wp-content\/uploads\/2014\/11\/Malfa-300x225.jpg 300w\" sizes=\"auto, (max-width: 388px) 100vw, 388px\" \/><\/a><\/p>\n","protected":false},"excerpt":{"rendered":"<p>La Conferencia Episcopal Argentina celebr\u00f3 su 108\u00ba edici\u00f3n en la que fueron designadas sus nuevas autoridades que presidir\u00e1 monse\u00f1or Jos\u00e9<\/p>\n","protected":false},"author":3,"featured_media":5017,"comment_status":"open","ping_status":"open","sticky":false,"template":"","format":"standard","meta":{"colormag_page_container_layout":"default_layout","colormag_page_sidebar_layout":"default_layout","footnotes":""},"categories":[1],"tags":[],"class_list":["post-5016","post","type-post","status-publish","format-standard","has-post-thumbnail","hentry","category-actualidad"],"_links":{"self":[{"href":"https:\/\/grupotiempodigital.com.ar\/index.php?rest_route=\/wp\/v2\/posts\/5016","targetHints":{"allow":["GET"]}}],"collection":[{"href":"https:\/\/grupotiempodigital.com.ar\/index.php?rest_route=\/wp\/v2\/posts"}],"about":[{"href":"https:\/\/grupotiempodigital.com.ar\/index.php?rest_route=\/wp\/v2\/types\/post"}],"author":[{"embeddable":true,"href":"https:\/\/grupotiempodigital.com.ar\/index.php?rest_route=\/wp\/v2\/users\/3"}],"replies":[{"embeddable":true,"href":"https:\/\/grupotiempodigital.com.ar\/index.php?rest_route=%2Fwp%2Fv2%2Fcomments&post=5016"}],"version-history":[{"count":0,"href":"https:\/\/grupotiempodigital.com.ar\/index.php?rest_route=\/wp\/v2\/posts\/5016\/revisions"}],"wp:featuredmedia":[{"embeddable":true,"href":"https:\/\/grupotiempodigital.com.ar\/index.php?rest_route=\/wp\/v2\/media\/5017"}],"wp:attachment":[{"href":"https:\/\/grupotiempodigital.com.ar\/index.php?rest_route=%2Fwp%2Fv2%2Fmedia&parent=5016"}],"wp:term":[{"taxonomy":"category","embeddable":true,"href":"https:\/\/grupotiempodigital.com.ar\/index.php?rest_route=%2Fwp%2Fv2%2Fcategories&post=5016"},{"taxonomy":"post_tag","embeddable":true,"href":"https:\/\/grupotiempodigital.com.ar\/index.php?rest_route=%2Fwp%2Fv2%2Ftags&post=5016"}],"curies":[{"name":"wp","href":"https:\/\/api.w.org\/{rel}","templated":true}]}}