{"id":5012,"date":"2014-11-15T10:12:54","date_gmt":"2014-11-15T13:12:54","guid":{"rendered":"http:\/\/grupotiempodigital.com.ar\/?p=5012"},"modified":"2014-11-15T20:20:17","modified_gmt":"2014-11-15T23:20:17","slug":"hilda-chiche-duhalde-con-tiempo-quiero-ser-la-primera-mujer-que-gobierne-la-provincia-de-buenos-aires","status":"publish","type":"post","link":"https:\/\/grupotiempodigital.com.ar\/?p=5012","title":{"rendered":"Hilda \u00abchiche\u00bb Duhalde con TIEMPO: \u00bb Quiero ser la primera mujer que gobierne la provincia de Buenos Aires&#8230;.\u00bb"},"content":{"rendered":"<p>\u00abChiche\u00bb cont\u00f3 en las radios de este grupo por primera vez en su vida lo que le ocurri\u00f3 a su familia el d\u00eda de la asunci\u00f3n de N. Kirchner. Toda una primicia.<br \/>\nLa ex primera dama Hilda Gonzalez de Duhalde mantuvo una larga entrevista el jueves pasado con Ruben Martinez, en el programa TIEMPO de Radio.- Si bien, ya lanzada en campa\u00f1a, \u00abChiche\u00bb opin\u00f3 de la provincia, de los restantes candidatos y de la gesti\u00f3n actual de Scioli, lo mas novedoso de la entrevista fue su relato sobre lo que ocurri\u00f3 en el Congreso del d\u00eda de la entrega del mando de su esposo a su sucesor N\u00e9stor Kirchner. La esposa del ex gobernador y presidente, ya le hab\u00eda manifestado al periodista en el a\u00f1o 2005 que \u00abalg\u00fan d\u00eda contar\u00e9 por qu\u00e9 le dije a mi marido el mismo d\u00eda de la asunci\u00f3n de Kirchner lo que pod\u00edamos esperar de \u00e9l\u00bb.- Sin embargo entonces no dio mas detalles y prometi\u00f3: \u00ab Alg\u00fan d\u00eda se lo contar\u00e9\u00bb.- Y esta fue la oportunidad y cumpli\u00f3.<br \/>\n\u00ab \u00bfQu\u00e9 fue lo que vi\u00f3 ese d\u00eda Chiche para decirle eso a su esposo ?\u00bb le pregunt\u00f3 el periodista recor-ando aquella promesa.<br \/>\n\u00ab En plena ceremonia de traspaso quisieron echar de un palco a mis hijos que hab\u00eda ido nada menos que a despedir a su padre que dejaba la presidencia. Por suerte no pudieron, pero trataron de hacerlo&#8230;&#8230; Y si actuaron as\u00ed en el acto donde reci\u00e9n asum\u00edan con la familia del presidente que les estaba entregando el mando, \u00bfQu\u00e9 otra cosa pod\u00edamos esperar que lo que vino despu\u00e9s?\u00bb confes\u00f3.-<br \/>\n\u00abMi marido ha sido siempre un piloto de tormentas y de una experiencia tremenda. No olvide que la provincia de Buenos Aires ha sido siempre la mas perjudicada en la distribuci\u00f3n de los recursos, pese a que tiene 15.600 habitantes.. Adem\u00e1s son dos provincias en una: por un lado tiene un interior que conozco como pocos y que es bell\u00edsimo y por otro el conurbano con el que hay que hamacarse, como repet\u00eda mi abuela\u00bb dijo en un tramo de la conversaci\u00f3n que se extendi\u00f3 por espacio de 40 minutos.-<br \/>\n\u00abTiene raz\u00f3n &#8211; dijo en otro segmento-; ya es-tamos en campa\u00f1a. Si bien hay tiempo y creo que las definiciones llegar\u00e1n en marzo, ya hay que ir diciendo lo que pensamos los que tenemos pretensiones de algo. Y en  mi caso he dicho que quiero ser la primera mujer en gobernar la provincia de Buenos Aires, que tiene una gesti\u00f3n que, pese a la relaci\u00f3n personal que tengo con Scioli, debo decir que no me gusta nada\u00bb.- En cuanto a su candidatura, agreg\u00f3: \u00ab A\u00fan  no he tomado ninguna decisi\u00f3n definitiva porque no hay tanto apuro, pero es posible que me presente con una lista provincial sin ir pegada con candidatos a presidente&#8230;.\u00bb opin\u00f3.-<br \/>\nY precisamente en relaci\u00f3n a los candidatos presidenciales, puso acento en una posible alianza de Macri con UNEN.- \u00ab Yo escuchaba y le\u00eda que todos hablaban de Scioli, Massa y Macri y no ten\u00edan en cuenta a UNEN. Si ahora llegara a darse una alianza entre Macri y ellos, habr\u00e1 que ponerle mucha atenci\u00f3n porque se convertir\u00e1n en una fuerza importante&#8230;&#8230;\u00bb<br \/>\nEn otro pasaje, al ser consultada por el actual jefe de la ciudad de Bue-nos Aires, dijo que \u00ab me gusta su gesti\u00f3n. Ha hecho cosas importantes como las obras del Mal-donado, el Metrobus que es una obra muy gran-de&#8230;.Mire: hoy los gobiernos no se miden por si son de derecha, de centro o de izquierda. Se miden por las cosas que hacen por la gente&#8230;.\u00bb<br \/>\nNo ahond\u00f3 en la figura del gobernador cordob\u00e9s De la Sota al ser consultada y elogi\u00f3 al titular de la UATRE Ger\u00f3nimo Venegas \u00abque siempre se port\u00f3 bien con nosotros.\u00bb<\/p>\n<p>Nota: La foto es de archivo del a\u00f1o 2005, dialogando con R. Martinez)<\/p>\n<p>(escuchar entrevista a Hilda Gonzalez de Duhalde)<br \/>\n<object id=\"player3734152\" width=\"240\" height=\"133\" type=\"application\/x-shockwave-flash\" data=\"http:\/\/www.ivoox.com\/playerivoox_ee_3734152_1.html\"><param name=\"movie\" value=\"http:\/\/www.ivoox.com\/playerivoox_ee_3734152_1.html\"><\/param><param name=\"AllowScriptAccess\" value=\"always\"><\/param><param name=\"allowFullScreen\" value=\"true\"><\/param><param name=\"wmode\" value=\"transparent\"><\/param><embed src=\"http:\/\/www.ivoox.com\/playerivoox_ee_3734152_1.html\" type=\"application\/x-shockwave-flash\" allowfullscreen=\"true\" wmode=\"transparent\" allowscriptaccess=\"always\" width=\"240\" height=\"133\"><\/embed><\/object><\/p>\n<p><a href=\"https:\/\/grupotiempodigital.com.ar\/?attachment_id=5013\" rel=\"attachment wp-att-5013\"><img loading=\"lazy\" decoding=\"async\" src=\"https:\/\/grupotiempodigital.com.ar\/wp-content\/uploads\/2014\/11\/Chiche-.jpg\" alt=\"\" title=\"-Chiche-\" width=\"388\" height=\"253\" class=\"alignleft size-full wp-image-5013\" srcset=\"https:\/\/grupotiempodigital.com.ar\/wp-content\/uploads\/2014\/11\/Chiche-.jpg 388w, https:\/\/grupotiempodigital.com.ar\/wp-content\/uploads\/2014\/11\/Chiche--300x195.jpg 300w\" sizes=\"auto, (max-width: 388px) 100vw, 388px\" \/><\/a><\/p>\n","protected":false},"excerpt":{"rendered":"<p>\u00abChiche\u00bb cont\u00f3 en las radios de este grupo por primera vez en su vida lo que le ocurri\u00f3 a su<\/p>\n","protected":false},"author":3,"featured_media":5013,"comment_status":"open","ping_status":"open","sticky":false,"template":"","format":"standard","meta":{"colormag_page_container_layout":"default_layout","colormag_page_sidebar_layout":"default_layout","footnotes":""},"categories":[1],"tags":[],"class_list":["post-5012","post","type-post","status-publish","format-standard","has-post-thumbnail","hentry","category-actualidad"],"_links":{"self":[{"href":"https:\/\/grupotiempodigital.com.ar\/index.php?rest_route=\/wp\/v2\/posts\/5012","targetHints":{"allow":["GET"]}}],"collection":[{"href":"https:\/\/grupotiempodigital.com.ar\/index.php?rest_route=\/wp\/v2\/posts"}],"about":[{"href":"https:\/\/grupotiempodigital.com.ar\/index.php?rest_route=\/wp\/v2\/types\/post"}],"author":[{"embeddable":true,"href":"https:\/\/grupotiempodigital.com.ar\/index.php?rest_route=\/wp\/v2\/users\/3"}],"replies":[{"embeddable":true,"href":"https:\/\/grupotiempodigital.com.ar\/index.php?rest_route=%2Fwp%2Fv2%2Fcomments&post=5012"}],"version-history":[{"count":0,"href":"https:\/\/grupotiempodigital.com.ar\/index.php?rest_route=\/wp\/v2\/posts\/5012\/revisions"}],"wp:featuredmedia":[{"embeddable":true,"href":"https:\/\/grupotiempodigital.com.ar\/index.php?rest_route=\/wp\/v2\/media\/5013"}],"wp:attachment":[{"href":"https:\/\/grupotiempodigital.com.ar\/index.php?rest_route=%2Fwp%2Fv2%2Fmedia&parent=5012"}],"wp:term":[{"taxonomy":"category","embeddable":true,"href":"https:\/\/grupotiempodigital.com.ar\/index.php?rest_route=%2Fwp%2Fv2%2Fcategories&post=5012"},{"taxonomy":"post_tag","embeddable":true,"href":"https:\/\/grupotiempodigital.com.ar\/index.php?rest_route=%2Fwp%2Fv2%2Ftags&post=5012"}],"curies":[{"name":"wp","href":"https:\/\/api.w.org\/{rel}","templated":true}]}}