{"id":5005,"date":"2014-11-13T17:21:01","date_gmt":"2014-11-13T20:21:01","guid":{"rendered":"http:\/\/grupotiempodigital.com.ar\/?p=5005"},"modified":"2014-11-13T17:21:12","modified_gmt":"2014-11-13T20:21:12","slug":"comunicado-de-la-secretaria-de-salud-de-gral-paz-se-suspendio-la-campana-programada-con-el-mamografo-movil","status":"publish","type":"post","link":"https:\/\/grupotiempodigital.com.ar\/?p=5005","title":{"rendered":"Comunicado de la Secretaria de Salud de Gral. Paz: Se suspendi\u00f3 la campa\u00f1a programada con el Mam\u00f3grafo M\u00f3vil"},"content":{"rendered":"<p>La Secretaria de Salud comunica que se suspende, hasta nuevo aviso, la campa\u00f1a programada  con el Mam\u00f3grafo M\u00f3vil, debido a problemas de funcionamiento del equipo.<br \/>\nLamentablemente  no pudo ser reparado en nuestra localidad, por lo que deber\u00e1 regresar a los sectores, de Electromedicina, dependientes del Ministerio de Salud Provincial, en la Ciudad de Plata.<br \/>\nSolicitamos a quienes posean \u00f3rdenes de estudios, urgentes, a que se acerquen al Hospital Campomar, a efectos de gestionar los ex\u00e1menes en otros centros.<br \/>\n(escuchar entrevista al Dr. Leonardo Contreras Sec. de Salud)<\/p>\n<p><a href=\"https:\/\/grupotiempodigital.com.ar\/?attachment_id=5006\" rel=\"attachment wp-att-5006\"><img loading=\"lazy\" decoding=\"async\" src=\"https:\/\/grupotiempodigital.com.ar\/wp-content\/uploads\/2014\/11\/mamografo-movil_500x375.jpg\" alt=\"\" title=\"mamografo-movil_500x375\" width=\"500\" height=\"375\" class=\"alignleft size-full wp-image-5006\" srcset=\"https:\/\/grupotiempodigital.com.ar\/wp-content\/uploads\/2014\/11\/mamografo-movil_500x375.jpg 500w, https:\/\/grupotiempodigital.com.ar\/wp-content\/uploads\/2014\/11\/mamografo-movil_500x375-300x225.jpg 300w\" sizes=\"auto, (max-width: 500px) 100vw, 500px\" \/><\/a><\/p>\n","protected":false},"excerpt":{"rendered":"<p>La Secretaria de Salud comunica que se suspende, hasta nuevo aviso, la campa\u00f1a programada con el Mam\u00f3grafo M\u00f3vil, debido a<\/p>\n","protected":false},"author":3,"featured_media":5006,"comment_status":"open","ping_status":"open","sticky":false,"template":"","format":"standard","meta":{"colormag_page_container_layout":"default_layout","colormag_page_sidebar_layout":"default_layout","footnotes":""},"categories":[1],"tags":[],"class_list":["post-5005","post","type-post","status-publish","format-standard","has-post-thumbnail","hentry","category-actualidad"],"_links":{"self":[{"href":"https:\/\/grupotiempodigital.com.ar\/index.php?rest_route=\/wp\/v2\/posts\/5005","targetHints":{"allow":["GET"]}}],"collection":[{"href":"https:\/\/grupotiempodigital.com.ar\/index.php?rest_route=\/wp\/v2\/posts"}],"about":[{"href":"https:\/\/grupotiempodigital.com.ar\/index.php?rest_route=\/wp\/v2\/types\/post"}],"author":[{"embeddable":true,"href":"https:\/\/grupotiempodigital.com.ar\/index.php?rest_route=\/wp\/v2\/users\/3"}],"replies":[{"embeddable":true,"href":"https:\/\/grupotiempodigital.com.ar\/index.php?rest_route=%2Fwp%2Fv2%2Fcomments&post=5005"}],"version-history":[{"count":0,"href":"https:\/\/grupotiempodigital.com.ar\/index.php?rest_route=\/wp\/v2\/posts\/5005\/revisions"}],"wp:featuredmedia":[{"embeddable":true,"href":"https:\/\/grupotiempodigital.com.ar\/index.php?rest_route=\/wp\/v2\/media\/5006"}],"wp:attachment":[{"href":"https:\/\/grupotiempodigital.com.ar\/index.php?rest_route=%2Fwp%2Fv2%2Fmedia&parent=5005"}],"wp:term":[{"taxonomy":"category","embeddable":true,"href":"https:\/\/grupotiempodigital.com.ar\/index.php?rest_route=%2Fwp%2Fv2%2Fcategories&post=5005"},{"taxonomy":"post_tag","embeddable":true,"href":"https:\/\/grupotiempodigital.com.ar\/index.php?rest_route=%2Fwp%2Fv2%2Ftags&post=5005"}],"curies":[{"name":"wp","href":"https:\/\/api.w.org\/{rel}","templated":true}]}}