{"id":4997,"date":"2014-11-13T16:00:03","date_gmt":"2014-11-13T19:00:03","guid":{"rendered":"http:\/\/grupotiempodigital.com.ar\/?p=4997"},"modified":"2014-11-13T16:00:03","modified_gmt":"2014-11-13T19:00:03","slug":"se-realizo-la-2da-jornada-de-turismo-rural-en-ranchos","status":"publish","type":"post","link":"https:\/\/grupotiempodigital.com.ar\/?p=4997","title":{"rendered":"Se realiz\u00f3 la 2da. Jornada de Turismo Rural en Ranchos"},"content":{"rendered":"<p>Organizada por la Secretar\u00eda de Promoci\u00f3n del Desarrollo y Turismo de la Municipalidad de General Paz conjuntamente con el INTA, el Programa J\u00f3venes Emprendedores Rurales de-pendientes del Ministerio de Agricultura de Naci\u00f3n y el auspicio de la Sociedad Rural de General Paz, se realiz\u00f3 el jueves en \u00abLa Quinta\u00bb la 2da Jornada de Turismo Rural.<br \/>\nLa reuni\u00f3n permiti\u00f3 capacitar e intercambiar experiencias entre los diferentes operadores locales y regionales en esta actividad y durante la misma disertaron varios especialistas en el tema.<br \/>\nLa apertura de la jornada estuvo a cargo del intendente municipal Juan C. Veramendi acompa\u00f1ado por el Secretario de la Producci\u00f3n Fernando Elichabe, representantes del INTA como as\u00ed tambi\u00e9n del Ministerio de Agricultura de Naci\u00f3n y de la Sociedad Rural local.<\/p>\n<p><a href=\"https:\/\/grupotiempodigital.com.ar\/?attachment_id=4998\" rel=\"attachment wp-att-4998\"><img loading=\"lazy\" decoding=\"async\" src=\"https:\/\/grupotiempodigital.com.ar\/wp-content\/uploads\/2014\/11\/turismo.jpg\" alt=\"\" title=\"turismo\" width=\"388\" height=\"259\" class=\"alignleft size-full wp-image-4998\" srcset=\"https:\/\/grupotiempodigital.com.ar\/wp-content\/uploads\/2014\/11\/turismo.jpg 388w, https:\/\/grupotiempodigital.com.ar\/wp-content\/uploads\/2014\/11\/turismo-300x200.jpg 300w\" sizes=\"auto, (max-width: 388px) 100vw, 388px\" \/><\/a><\/p>\n","protected":false},"excerpt":{"rendered":"<p>Organizada por la Secretar\u00eda de Promoci\u00f3n del Desarrollo y Turismo de la Municipalidad de General Paz conjuntamente con el INTA,<\/p>\n","protected":false},"author":3,"featured_media":4998,"comment_status":"open","ping_status":"open","sticky":false,"template":"","format":"standard","meta":{"colormag_page_container_layout":"default_layout","colormag_page_sidebar_layout":"default_layout","footnotes":""},"categories":[1],"tags":[],"class_list":["post-4997","post","type-post","status-publish","format-standard","has-post-thumbnail","hentry","category-actualidad"],"_links":{"self":[{"href":"https:\/\/grupotiempodigital.com.ar\/index.php?rest_route=\/wp\/v2\/posts\/4997","targetHints":{"allow":["GET"]}}],"collection":[{"href":"https:\/\/grupotiempodigital.com.ar\/index.php?rest_route=\/wp\/v2\/posts"}],"about":[{"href":"https:\/\/grupotiempodigital.com.ar\/index.php?rest_route=\/wp\/v2\/types\/post"}],"author":[{"embeddable":true,"href":"https:\/\/grupotiempodigital.com.ar\/index.php?rest_route=\/wp\/v2\/users\/3"}],"replies":[{"embeddable":true,"href":"https:\/\/grupotiempodigital.com.ar\/index.php?rest_route=%2Fwp%2Fv2%2Fcomments&post=4997"}],"version-history":[{"count":0,"href":"https:\/\/grupotiempodigital.com.ar\/index.php?rest_route=\/wp\/v2\/posts\/4997\/revisions"}],"wp:featuredmedia":[{"embeddable":true,"href":"https:\/\/grupotiempodigital.com.ar\/index.php?rest_route=\/wp\/v2\/media\/4998"}],"wp:attachment":[{"href":"https:\/\/grupotiempodigital.com.ar\/index.php?rest_route=%2Fwp%2Fv2%2Fmedia&parent=4997"}],"wp:term":[{"taxonomy":"category","embeddable":true,"href":"https:\/\/grupotiempodigital.com.ar\/index.php?rest_route=%2Fwp%2Fv2%2Fcategories&post=4997"},{"taxonomy":"post_tag","embeddable":true,"href":"https:\/\/grupotiempodigital.com.ar\/index.php?rest_route=%2Fwp%2Fv2%2Ftags&post=4997"}],"curies":[{"name":"wp","href":"https:\/\/api.w.org\/{rel}","templated":true}]}}