{"id":4991,"date":"2014-11-13T15:54:02","date_gmt":"2014-11-13T18:54:02","guid":{"rendered":"http:\/\/grupotiempodigital.com.ar\/?p=4991"},"modified":"2014-11-13T15:54:41","modified_gmt":"2014-11-13T18:54:41","slug":"se-entregaron-materiales-educativos-a-jardines-de-infantes-y-a-la-escuela-4-del-distrito","status":"publish","type":"post","link":"https:\/\/grupotiempodigital.com.ar\/?p=4991","title":{"rendered":"En Ranchos: Se entregaron materiales educativos a Jardines de Infantes  y a la Escuela 4 del distrito"},"content":{"rendered":"<p>Provenientes del Ministerio de Educaci\u00f3n de la Naci\u00f3n, el jueves en horas de la ma\u00f1ana en el despacho municipal con la presencia del intendente Veramendi dem\u00e1s funcionarios municipales, representantes del Consejo Escolar y autoridades educativas se realiz\u00f3 la entrega de \u00abLUDOTECAS\u00bb (juegos para ni\u00f1os de 3 a 5 a\u00f1os) a los Jardines de infantes 901, 902, 903 y 904 de nuestro distrito, los que fueron recibidos por representantes de dichos centros educativos.<br \/>\nPor la tarde en la Escuela N\u00ba 4 con la presencia de autoridades municipales, del Consejo Escolar, educativas y los anfitriones se llev\u00f3 a cabo el acto de entrega del Aula Digital M\u00f3vil,  equipamiento que incluye netbooks, 1 servidor pedag\u00f3gico, 1 unidad de alimentaci\u00f3n ininterrumpida, 1 router inal\u00e1mbrico para trabajar en red, 1 pizarra digital, 1 proyector, 1 c\u00e1mara de fotos, 1 impresora multifunci\u00f3n, 3 pendrives y 1 carro de transporte, estos elementos tambi\u00e9n son aportados por el Ministerio de Educaci\u00f3n de la Naci\u00f3n.<br \/>\nEn dicho establecimiento di\u00f3 la bienvenida la directora M\u00f3nica Cocconi, en nombre de los alumnos Iara Tobio y el intendente Municipal.<\/p>\n<p><a href=\"https:\/\/grupotiempodigital.com.ar\/?attachment_id=4993\" rel=\"attachment wp-att-4993\"><img loading=\"lazy\" decoding=\"async\" src=\"https:\/\/grupotiempodigital.com.ar\/wp-content\/uploads\/2014\/11\/Ludoteca.jpg\" alt=\"\" title=\"Ludoteca\" width=\"388\" height=\"259\" class=\"alignleft size-full wp-image-4993\" srcset=\"https:\/\/grupotiempodigital.com.ar\/wp-content\/uploads\/2014\/11\/Ludoteca.jpg 388w, https:\/\/grupotiempodigital.com.ar\/wp-content\/uploads\/2014\/11\/Ludoteca-300x200.jpg 300w\" sizes=\"auto, (max-width: 388px) 100vw, 388px\" \/><\/a><\/p>\n","protected":false},"excerpt":{"rendered":"<p>Provenientes del Ministerio de Educaci\u00f3n de la Naci\u00f3n, el jueves en horas de la ma\u00f1ana en el despacho municipal con<\/p>\n","protected":false},"author":3,"featured_media":4992,"comment_status":"open","ping_status":"open","sticky":false,"template":"","format":"standard","meta":{"colormag_page_container_layout":"default_layout","colormag_page_sidebar_layout":"default_layout","footnotes":""},"categories":[1],"tags":[],"class_list":["post-4991","post","type-post","status-publish","format-standard","has-post-thumbnail","hentry","category-actualidad"],"_links":{"self":[{"href":"https:\/\/grupotiempodigital.com.ar\/index.php?rest_route=\/wp\/v2\/posts\/4991","targetHints":{"allow":["GET"]}}],"collection":[{"href":"https:\/\/grupotiempodigital.com.ar\/index.php?rest_route=\/wp\/v2\/posts"}],"about":[{"href":"https:\/\/grupotiempodigital.com.ar\/index.php?rest_route=\/wp\/v2\/types\/post"}],"author":[{"embeddable":true,"href":"https:\/\/grupotiempodigital.com.ar\/index.php?rest_route=\/wp\/v2\/users\/3"}],"replies":[{"embeddable":true,"href":"https:\/\/grupotiempodigital.com.ar\/index.php?rest_route=%2Fwp%2Fv2%2Fcomments&post=4991"}],"version-history":[{"count":0,"href":"https:\/\/grupotiempodigital.com.ar\/index.php?rest_route=\/wp\/v2\/posts\/4991\/revisions"}],"wp:featuredmedia":[{"embeddable":true,"href":"https:\/\/grupotiempodigital.com.ar\/index.php?rest_route=\/wp\/v2\/media\/4992"}],"wp:attachment":[{"href":"https:\/\/grupotiempodigital.com.ar\/index.php?rest_route=%2Fwp%2Fv2%2Fmedia&parent=4991"}],"wp:term":[{"taxonomy":"category","embeddable":true,"href":"https:\/\/grupotiempodigital.com.ar\/index.php?rest_route=%2Fwp%2Fv2%2Fcategories&post=4991"},{"taxonomy":"post_tag","embeddable":true,"href":"https:\/\/grupotiempodigital.com.ar\/index.php?rest_route=%2Fwp%2Fv2%2Ftags&post=4991"}],"curies":[{"name":"wp","href":"https:\/\/api.w.org\/{rel}","templated":true}]}}