{"id":49217,"date":"2025-05-13T09:20:42","date_gmt":"2025-05-13T12:20:42","guid":{"rendered":"https:\/\/grupotiempodigital.com.ar\/?p=49217"},"modified":"2025-05-13T09:20:43","modified_gmt":"2025-05-13T12:20:43","slug":"ajedrez-1a-fecha-del-prix-de-la-cuenca-del-salado","status":"publish","type":"post","link":"https:\/\/grupotiempodigital.com.ar\/?p=49217","title":{"rendered":"Ajedrez: \u201c1\u00aa fecha del prix de la Cuenca del Salado\u201d"},"content":{"rendered":"\n<p class=\"has-medium-font-size\">El pasado s\u00e1bado 3 de Mayo, dio comienzo una nueva etapa de la \u201cCuenca del Salado\u201d, que se jug\u00f3 en el Centro de Jubilados de la ciudad de Belgrano.<br \/>Con un total de 46 jugadores de la zona, se jug\u00f3 a 6 rondas con 12 minutos por jugador, m\u00e1s 3 segundos por jugada. El mismo se dividi\u00f3 en tres categor\u00edas: sub 10, sub14 y libres, con participaci\u00f3n de las ciudades de Las Flores, Brandsen, Monte, General Belgrano y Ranchos.<br \/>Entre los alumnos de la Escuela Municipal de General Paz, participaron en la categor\u00eda sub10 Alejandro Kania, quien logr\u00f3 una excelente segunda ubicaci\u00f3n al obtener 5 pts; Bautista Castro en su primer torneo logro 2,5 pts; y Dylan Acevedo que obtuvo 2 pts. En sub12 particip\u00f3 Alma Viceconte, quien obtuvo 2 unidades. En sub18 participaron Guadalupe Zaniratto y Luciano Bernal, que obtuvieron la 3\u00b0 y 4\u00b0 ubicaci\u00f3n, respectivamente.<br \/>En libres, Alejandro Taus, se coloc\u00f3 en el primer puesto en la categor\u00eda, al lograr 4,5 pts.; y Christian Ribella, despu\u00e9s de mucho tiempo ausente en torneos, logr\u00f3 la 3 posici\u00f3n.<br \/>\u00a1Felicitaciones para todos ellos!<br \/>La 2\u00b0 fecha se jugar\u00e1 en la ciudad de Monte el pr\u00f3ximo mes de junio.<br \/>Profesor Alejandro Taus<\/p>\n\n\n\n<figure class=\"wp-block-image size-full\"><img loading=\"lazy\" decoding=\"async\" width=\"696\" height=\"563\" src=\"https:\/\/grupotiempodigital.com.ar\/wp-content\/uploads\/2025\/05\/AJEDREZ.jpeg\" alt=\"\" class=\"wp-image-49222\" srcset=\"https:\/\/grupotiempodigital.com.ar\/wp-content\/uploads\/2025\/05\/AJEDREZ.jpeg 696w, https:\/\/grupotiempodigital.com.ar\/wp-content\/uploads\/2025\/05\/AJEDREZ-300x243.jpeg 300w\" sizes=\"auto, (max-width: 696px) 100vw, 696px\" \/><\/figure>\n","protected":false},"excerpt":{"rendered":"<p>El pasado s\u00e1bado 3 de Mayo, dio comienzo una nueva etapa de la \u201cCuenca del Salado\u201d, que se jug\u00f3 en<\/p>\n","protected":false},"author":3,"featured_media":49222,"comment_status":"open","ping_status":"open","sticky":false,"template":"","format":"standard","meta":{"colormag_page_container_layout":"default_layout","colormag_page_sidebar_layout":"default_layout","footnotes":""},"categories":[1],"tags":[],"class_list":["post-49217","post","type-post","status-publish","format-standard","has-post-thumbnail","hentry","category-actualidad"],"_links":{"self":[{"href":"https:\/\/grupotiempodigital.com.ar\/index.php?rest_route=\/wp\/v2\/posts\/49217","targetHints":{"allow":["GET"]}}],"collection":[{"href":"https:\/\/grupotiempodigital.com.ar\/index.php?rest_route=\/wp\/v2\/posts"}],"about":[{"href":"https:\/\/grupotiempodigital.com.ar\/index.php?rest_route=\/wp\/v2\/types\/post"}],"author":[{"embeddable":true,"href":"https:\/\/grupotiempodigital.com.ar\/index.php?rest_route=\/wp\/v2\/users\/3"}],"replies":[{"embeddable":true,"href":"https:\/\/grupotiempodigital.com.ar\/index.php?rest_route=%2Fwp%2Fv2%2Fcomments&post=49217"}],"version-history":[{"count":1,"href":"https:\/\/grupotiempodigital.com.ar\/index.php?rest_route=\/wp\/v2\/posts\/49217\/revisions"}],"predecessor-version":[{"id":49223,"href":"https:\/\/grupotiempodigital.com.ar\/index.php?rest_route=\/wp\/v2\/posts\/49217\/revisions\/49223"}],"wp:featuredmedia":[{"embeddable":true,"href":"https:\/\/grupotiempodigital.com.ar\/index.php?rest_route=\/wp\/v2\/media\/49222"}],"wp:attachment":[{"href":"https:\/\/grupotiempodigital.com.ar\/index.php?rest_route=%2Fwp%2Fv2%2Fmedia&parent=49217"}],"wp:term":[{"taxonomy":"category","embeddable":true,"href":"https:\/\/grupotiempodigital.com.ar\/index.php?rest_route=%2Fwp%2Fv2%2Fcategories&post=49217"},{"taxonomy":"post_tag","embeddable":true,"href":"https:\/\/grupotiempodigital.com.ar\/index.php?rest_route=%2Fwp%2Fv2%2Ftags&post=49217"}],"curies":[{"name":"wp","href":"https:\/\/api.w.org\/{rel}","templated":true}]}}