{"id":49166,"date":"2025-05-13T08:38:39","date_gmt":"2025-05-13T11:38:39","guid":{"rendered":"https:\/\/grupotiempodigital.com.ar\/?p=49166"},"modified":"2025-05-13T08:38:40","modified_gmt":"2025-05-13T11:38:40","slug":"informacion-social-ranchos-chascomus-pila-284","status":"publish","type":"post","link":"https:\/\/grupotiempodigital.com.ar\/?p=49166","title":{"rendered":"INFORMACI\u00d3N SOCIAL RANCHOS \u2013 CHASCOM\u00daS \u2013 PILA"},"content":{"rendered":"\n<p><strong><u>CUMPLEA\u00d1OS RANCHOS<\/u><\/strong><\/p>\n\n\n\n<p><strong><u>MARTES 13 DE MAYO:<\/u><\/strong><strong> LAURA NASARIO, JOHANNA MALDONADO, MARTA GONZ\u00c9LEZ, JOSEFINA CAZAL\u00c1.<\/strong><\/p>\n\n\n\n<p><strong><u>FARMACIAS DE TURNO MARTES 13 DE MAYO<\/u><\/strong><\/p>\n\n\n\n<p><strong>RANCHOS: BRAMBILLA (Garay y Betbez\u00e9)&nbsp;&nbsp;&nbsp;&nbsp;&nbsp;&nbsp;<\/strong><\/p>\n\n\n\n<p><strong>CHASCOM\u00daS: KUBE (J. M. Rosas 2494) y FARMASUR (Alfons\u00edn y B. Blanca)<\/strong><\/p>\n\n\n\n<p><strong>PIL<\/strong><strong>A: MORISET (17 n\u00ba 227)<\/strong><\/p>\n\n\n\n<p><strong><u>NECROL\u00d3GICAS CHASCOM\u00daS<\/u><\/strong><\/p>\n\n\n\n<p><strong>En horas de la ma\u00f1ana de ayer dejo de existir en la ciudad de La Plata donde se encontraba internado RODOLFO OSCAR MOYA. El extinto desaparece a los 38 a\u00f1os de edad. Los restos de RODOLFO OSCAR MOYA, est\u00e1n siendo velados en la sala Velatoria de Remedios de Escalada N\u00b092 y ser\u00e1n trasladados al Cementerio Parque de la piedad de Chascom\u00fas hoy a las 12:30 Hs.- (Casa Sallaberry)&nbsp;&nbsp;<\/strong><\/p>\n\n\n\n<p><strong>En horas de la tarde de ayer dejo de existir en nuestra ciudad MARIA CRISTINA DELLABIANCA, La extinta desaparece a los 75 a\u00f1os de edad. Los restos de&nbsp; MARIA CRISTINA DELLABIANCA est\u00e1n siendo velados en la sala velatoria de Juli\u00e1n Quintana 158&nbsp; 1\u00b0 piso y ser\u00e1n trasladados al Cementerio San Andr\u00e9s de Chascom\u00fas, hoy a las 11:00 Hs.- (Casa Sallaberry)<\/strong><\/p>\n\n\n\n<p><strong>En horas de esta madrugada dejo de existir en nuestra ciudad GUSTAVO DANIEL CABRERA. El extinto desaparece a los 59 a\u00f1os de edad. Los restos de GUSTAVO DANIEL CABRERA ser\u00e1n velados a partir de las 13.30 hs en la sala de R de Escalada N\u00b0 92 y ser\u00e1n trasladados al cementerio local para su inhumaci\u00f3n en d\u00eda y horario a confirmar Hs.- (Casa Sallaberry)<\/strong><\/p>\n\n\n\n<p><\/p>\n","protected":false},"excerpt":{"rendered":"<p>CUMPLEA\u00d1OS RANCHOS MARTES 13 DE MAYO: LAURA NASARIO, JOHANNA MALDONADO, MARTA GONZ\u00c9LEZ, JOSEFINA CAZAL\u00c1. FARMACIAS DE TURNO MARTES 13 DE<\/p>\n","protected":false},"author":3,"featured_media":47075,"comment_status":"open","ping_status":"open","sticky":false,"template":"","format":"standard","meta":{"colormag_page_container_layout":"default_layout","colormag_page_sidebar_layout":"default_layout","footnotes":""},"categories":[1],"tags":[],"class_list":["post-49166","post","type-post","status-publish","format-standard","has-post-thumbnail","hentry","category-actualidad"],"_links":{"self":[{"href":"https:\/\/grupotiempodigital.com.ar\/index.php?rest_route=\/wp\/v2\/posts\/49166","targetHints":{"allow":["GET"]}}],"collection":[{"href":"https:\/\/grupotiempodigital.com.ar\/index.php?rest_route=\/wp\/v2\/posts"}],"about":[{"href":"https:\/\/grupotiempodigital.com.ar\/index.php?rest_route=\/wp\/v2\/types\/post"}],"author":[{"embeddable":true,"href":"https:\/\/grupotiempodigital.com.ar\/index.php?rest_route=\/wp\/v2\/users\/3"}],"replies":[{"embeddable":true,"href":"https:\/\/grupotiempodigital.com.ar\/index.php?rest_route=%2Fwp%2Fv2%2Fcomments&post=49166"}],"version-history":[{"count":1,"href":"https:\/\/grupotiempodigital.com.ar\/index.php?rest_route=\/wp\/v2\/posts\/49166\/revisions"}],"predecessor-version":[{"id":49189,"href":"https:\/\/grupotiempodigital.com.ar\/index.php?rest_route=\/wp\/v2\/posts\/49166\/revisions\/49189"}],"wp:featuredmedia":[{"embeddable":true,"href":"https:\/\/grupotiempodigital.com.ar\/index.php?rest_route=\/wp\/v2\/media\/47075"}],"wp:attachment":[{"href":"https:\/\/grupotiempodigital.com.ar\/index.php?rest_route=%2Fwp%2Fv2%2Fmedia&parent=49166"}],"wp:term":[{"taxonomy":"category","embeddable":true,"href":"https:\/\/grupotiempodigital.com.ar\/index.php?rest_route=%2Fwp%2Fv2%2Fcategories&post=49166"},{"taxonomy":"post_tag","embeddable":true,"href":"https:\/\/grupotiempodigital.com.ar\/index.php?rest_route=%2Fwp%2Fv2%2Ftags&post=49166"}],"curies":[{"name":"wp","href":"https:\/\/api.w.org\/{rel}","templated":true}]}}