{"id":49164,"date":"2025-05-12T12:30:00","date_gmt":"2025-05-12T15:30:00","guid":{"rendered":"https:\/\/grupotiempodigital.com.ar\/?p=49164"},"modified":"2025-05-12T12:30:01","modified_gmt":"2025-05-12T15:30:01","slug":"anses-calendario-de-pagos-del-martes-13-de-mayo","status":"publish","type":"post","link":"https:\/\/grupotiempodigital.com.ar\/?p=49164","title":{"rendered":"ANSES: CALENDARIO DE PAGOS DEL MARTES 13 DE MAYO"},"content":{"rendered":"\n<p>ANSES, organismo dependiente del Ministerio de Capital Humano, informa que&nbsp;<strong>ma\u00f1ana&nbsp;<\/strong>inician los pagos de las Asignaciones por Pago \u00danico y contin\u00faanlos de las Pensiones No Contributivas, jubilaciones y pensiones m\u00ednimas, Asignaci\u00f3n Universal por Hijo, Asignaci\u00f3n Familiar por Hijo y Asignaci\u00f3n por Embarazo. Todos incluyen el aumento por movilidad del 3,73 por ciento.<\/p>\n\n\n\n<p><strong>Pensiones No Contributivas<\/strong><\/p>\n\n\n\n<p>Titulares con documentos terminados en&nbsp;<strong>4&nbsp;<\/strong>y<strong>&nbsp;5<\/strong>&nbsp;cobran su haber m\u00e1s el bono de 70 mil pesos.<\/p>\n\n\n\n<p><strong>Jubilaciones y pensiones<\/strong><\/p>\n\n\n\n<p>Titulares de jubilaciones y pensiones m\u00ednimas con documentos finalizados en&nbsp;<strong>2<\/strong>&nbsp;cobran su haber m\u00e1s el bono de 70 mil pesos.<\/p>\n\n\n\n<p><strong>Asignaci\u00f3n Universal por Hijo y Asignaci\u00f3n Familiar por Hijo<\/strong><\/p>\n\n\n\n<p>Titulares con documentos concluidos en&nbsp;<strong>2<\/strong>.<\/p>\n\n\n\n<p><strong>Asignaci\u00f3n por Embarazo<\/strong><\/p>\n\n\n\n<p>Titulares con documentos terminados en&nbsp;<strong>1<\/strong>.<\/p>\n\n\n\n<p><strong>Asignaciones de Pago \u00danico (Matrimonio, Nacimiento y Adopci\u00f3n)<\/strong><\/p>\n\n\n\n<p>Todas las finalizaciones de documento hasta el 11 de junio.<\/p>\n\n\n\n<p><strong>\u00bfC\u00f3mo consultar lugar y fecha de cobro?<\/strong><\/p>\n\n\n\n<p>1. Desde el sitio web de ANSES, opci\u00f3n&nbsp;<a href=\"https:\/\/www.anses.gob.ar\/consultas\/calendario-de-pagos\" rel=\"noreferrer noopener\" target=\"_blank\"><em>Calendario de pagos<\/em><\/a>.<\/p>\n\n\n\n<p>2. Desde&nbsp;<a href=\"https:\/\/servicioscorp.anses.gob.ar\/clavelogon\/logon.aspx?system=miansesv2\" rel=\"noreferrer noopener\" target=\"_blank\">mi ANSES<\/a>,&nbsp;ingresando CUIL y Clave de la Seguridad Social. Ir a&nbsp;<em>Cobros<\/em>, opci\u00f3n&nbsp;<em>Consultar fecha<\/em>&nbsp;<em>y medio de cobro<\/em>.<\/p>\n\n\n\n<p>3. Desde la&nbsp;<a href=\"https:\/\/www.anses.gob.ar\/app-mi-anses\" rel=\"noreferrer noopener\" target=\"_blank\">app mi ANSES<\/a>, ingresando CUIL y Clave de la Seguridad Social. Ir a&nbsp;<em>Mis datos<\/em>, opci\u00f3n&nbsp;<em>Mis fechas de cobro<\/em>.<\/p>\n\n\n\n<p>4. A trav\u00e9s de la modalidad&nbsp;<a href=\"https:\/\/www.anses.gob.ar\/atencion-virtual\" rel=\"noreferrer noopener\" target=\"_blank\">Atenci\u00f3n Virtual<\/a>, con CUIL y Clave de la Seguridad Social. Ir a&nbsp;<em>Iniciar atenci\u00f3n<\/em>,&nbsp;<em>Consultas r\u00e1pidas<\/em>,&nbsp;<em>Cu\u00e1ndo y d\u00f3nde cobro<\/em>.<\/p>\n\n\n\n<p><\/p>\n","protected":false},"excerpt":{"rendered":"<p>ANSES, organismo dependiente del Ministerio de Capital Humano, informa que&nbsp;ma\u00f1ana&nbsp;inician los pagos de las Asignaciones por Pago \u00danico y contin\u00faanlos<\/p>\n","protected":false},"author":3,"featured_media":46745,"comment_status":"open","ping_status":"open","sticky":false,"template":"","format":"standard","meta":{"colormag_page_container_layout":"default_layout","colormag_page_sidebar_layout":"default_layout","footnotes":""},"categories":[1],"tags":[],"class_list":["post-49164","post","type-post","status-publish","format-standard","has-post-thumbnail","hentry","category-actualidad"],"_links":{"self":[{"href":"https:\/\/grupotiempodigital.com.ar\/index.php?rest_route=\/wp\/v2\/posts\/49164","targetHints":{"allow":["GET"]}}],"collection":[{"href":"https:\/\/grupotiempodigital.com.ar\/index.php?rest_route=\/wp\/v2\/posts"}],"about":[{"href":"https:\/\/grupotiempodigital.com.ar\/index.php?rest_route=\/wp\/v2\/types\/post"}],"author":[{"embeddable":true,"href":"https:\/\/grupotiempodigital.com.ar\/index.php?rest_route=\/wp\/v2\/users\/3"}],"replies":[{"embeddable":true,"href":"https:\/\/grupotiempodigital.com.ar\/index.php?rest_route=%2Fwp%2Fv2%2Fcomments&post=49164"}],"version-history":[{"count":1,"href":"https:\/\/grupotiempodigital.com.ar\/index.php?rest_route=\/wp\/v2\/posts\/49164\/revisions"}],"predecessor-version":[{"id":49165,"href":"https:\/\/grupotiempodigital.com.ar\/index.php?rest_route=\/wp\/v2\/posts\/49164\/revisions\/49165"}],"wp:featuredmedia":[{"embeddable":true,"href":"https:\/\/grupotiempodigital.com.ar\/index.php?rest_route=\/wp\/v2\/media\/46745"}],"wp:attachment":[{"href":"https:\/\/grupotiempodigital.com.ar\/index.php?rest_route=%2Fwp%2Fv2%2Fmedia&parent=49164"}],"wp:term":[{"taxonomy":"category","embeddable":true,"href":"https:\/\/grupotiempodigital.com.ar\/index.php?rest_route=%2Fwp%2Fv2%2Fcategories&post=49164"},{"taxonomy":"post_tag","embeddable":true,"href":"https:\/\/grupotiempodigital.com.ar\/index.php?rest_route=%2Fwp%2Fv2%2Ftags&post=49164"}],"curies":[{"name":"wp","href":"https:\/\/api.w.org\/{rel}","templated":true}]}}