{"id":49162,"date":"2025-05-12T09:26:37","date_gmt":"2025-05-12T12:26:37","guid":{"rendered":"https:\/\/grupotiempodigital.com.ar\/?p=49162"},"modified":"2025-05-12T09:26:37","modified_gmt":"2025-05-12T12:26:37","slug":"calendario-de-eventos-turisticos-en-la-provincia-de-buenos-aires-del-jueves-15-al-jueves-22-de-mayo-2025","status":"publish","type":"post","link":"https:\/\/grupotiempodigital.com.ar\/?p=49162","title":{"rendered":"CALENDARIO DE EVENTOS TUR\u00cdSTICOS EN LA PROVINCIA DE BUENOS AIRES DEL JUEVES 15 AL JUEVES 22 DE MAYO 2025"},"content":{"rendered":"\n<p>Las actividades deportivas y de conexi\u00f3n con la naturaleza ser\u00e1n las protagonistas de la agenda tur\u00edstica en los municipios bonaerenses. Berisso, Ensenada y La Plata realizar\u00e1n 21 Tres Ciudades; Monte Hermoso, la Rural Bike Monte Hermoso; Bragado, Avistaje de Aves y Moreno invitar\u00e1 a Conocer el Humedal. Adem\u00e1s, Tandil har\u00e1 la 1\u00b0 Fiesta de la Miel y Escobar la 9\u00b0 Terra Avstralis en Ingeniero Maschwitz.<\/p>\n\n\n\n<p><strong>FIESTAS POPULARES<\/strong><\/p>\n\n\n\n<p><strong>TANDIL<\/strong><\/p>\n\n\n\n<p><strong>1\u00b0 Fiesta de la Miel<\/strong><\/p>\n\n\n\n<p><strong>ENTRADA GRATUITA<\/strong><\/p>\n\n\n\n<p>Fecha, hora y lugar: Domingo 18, de 10:00 a 19:00 en la estaci\u00f3n de trenes.<\/p>\n\n\n\n<p>Descripci\u00f3n: En el marco de la Semana de la Miel habr\u00e1 food trucks, carros de cerveza y postres, cocina en vivo con recetas, juegos y la exposici\u00f3n \u00abCamino de la Miel\u00bb. Entrada gratuita. Organizan el grupo de Fraccionadores de Miel de Tandil, la C\u00e1mara Agroindustrial de Tandil y el Municipio de Tandil.<\/p>\n\n\n\n<p>M\u00e1s informaci\u00f3n: <a rel=\"noreferrer noopener\" target=\"_blank\" href=\"http:\/\/www.instagram.com\/municipiodetandil\/\">www.instagram.com\/municipiodetandil\/<\/a> &#8211; <a rel=\"noreferrer noopener\" target=\"_blank\" href=\"http:\/\/www.facebook.com\/MunicipiodeTandil\/\">www.facebook.com\/MunicipiodeTandil\/<\/a><\/p>\n\n\n\n<p><strong>LOBOS (Salvador Mar\u00eda)<\/strong><\/p>\n\n\n\n<p><strong>7\u00ba Fiesta de la Miel<\/strong><\/p>\n\n\n\n<p><strong>ENTRADA GRATUITA<\/strong><\/p>\n\n\n\n<p>Fecha, hora y lugar: Domingo 18, de 11:00 a 18:00, sobre av. Topa en Salvador Mar\u00eda.<\/p>\n\n\n\n<p>Descripci\u00f3n: Charlas t\u00e9cnicas para apicultores, actividades recreativas, shows art\u00edsticos, artesanos y emprendedores, sorteos y servicio de cantinas a cargo de instituciones locales. Entrada gratuita. Organiza la Municipalidad de Lobos.<\/p>\n\n\n\n<p>M\u00e1s informaci\u00f3n:<a rel=\"noreferrer noopener\" target=\"_blank\" href=\"http:\/\/www.instagram.com\/produccion.lobos\/\"> www.instagram.com\/produccion.lobos\/<\/a> &#8211;&nbsp; <a rel=\"noreferrer noopener\" target=\"_blank\" href=\"http:\/\/www.facebook.com\/municipiolobos\">www.facebook.com\/municipiolobos<\/a><\/p>\n\n\n\n<p><strong>EVENTOS CULTURALES<\/strong><\/p>\n\n\n\n<p><strong>TANDIL<\/strong><\/p>\n\n\n\n<p><strong>24\u00b0 Mayo Teatral<\/strong><\/p>\n\n\n\n<p>Fecha, hora y lugar: Del 2 al 31 de mayo en diferentes horarios y lugares de la ciudad<\/p>\n\n\n\n<p>Descripci\u00f3n: M\u00e1s de sesenta funciones destinadas a p\u00fablicos de todas las edades, con cierre en el Teatro del Fuerte presentando la obra \u201cCuando llegue aquel instante\u201d. Entrada arancelada. Organiza la Municipalidad de Tandil con el acompa\u00f1amiento del Consejo Municipal de Teatro Independiente, la Universidad Nacional del Centro (UNICEN) y salas teatrales locales. Programaci\u00f3n: <a rel=\"noreferrer noopener\" target=\"_blank\" href=\"https:\/\/cultura.tandil.gov.ar\/novedades\/302\">https:\/\/cultura.tandil.gov.ar\/novedades\/302<\/a><\/p>\n\n\n\n<p>M\u00e1s informaci\u00f3n: <a rel=\"noreferrer noopener\" target=\"_blank\" href=\"https:\/\/imagenes.tandil.gov.ar\/i\/\">https:\/\/imagenes.tandil.gov.ar\/i\/<\/a>&nbsp;<\/p>\n\n\n\n<p><strong>ESCOBAR (Ingeniero Maschwitz)<\/strong><\/p>\n\n\n\n<p><strong>9\u00ba Terra Avstralis<\/strong><\/p>\n\n\n\n<p><strong>ENTRADA GRATUITA<\/strong><\/p>\n\n\n\n<p>Fecha, hora y lugar: S\u00e1bado 17 y domingo 18, de 12:00 a 20:00, en el parque El Dorado (av. El Dorado 1900).<\/p>\n\n\n\n<p>Descripci\u00f3n: IX Convenci\u00f3n de la Edad Media con recreadores hist\u00f3ricos, asedio al fuerte, combates medievales, paseo de artesanos\/as, shows en vivo y gastronom\u00eda. Entrada gratuita. Organiza la Municipalidad de Escobar.<\/p>\n\n\n\n<p>M\u00e1s informaci\u00f3n:<a rel=\"noreferrer noopener\" target=\"_blank\" href=\"http:\/\/www.instagram.com\/escobarcultura\/\"> www.instagram.com\/escobarcultura\/<\/a> &#8211; <a rel=\"noreferrer noopener\" target=\"_blank\" href=\"http:\/\/www.facebook.com\/escobarcultura\">www.facebook.com\/escobarcultura<\/a><\/p>\n\n\n\n<p><strong>NECOCHEA<\/strong><\/p>\n\n\n\n<p><strong>Fiesta Regional del Teatro Independiente<\/strong><\/p>\n\n\n\n<p><strong>ENTRADA GRATUITA<\/strong><\/p>\n\n\n\n<p>Fecha, hora y lugar: Del 15 al 17 de mayo a partir de las 10:00 hasta las 21:00 en diferentes espacios de la ciudad<\/p>\n\n\n\n<p>Descripci\u00f3n: Funciones gratuitas, talleres, plenarios y el encuentro de elencos, salas y p\u00fablicos de la Regi\u00f3n 11 de la provincia de Buenos Aires-Centro Sur. \ufe0fEntradas gratuitas. Se retiran en las salas antes de cada funci\u00f3n, hasta agotar localidades. Organizado por el Consejo Provincial de Teatro Independiente con el acompa\u00f1amiento de la Municipalidad de Necochea.<\/p>\n\n\n\n<p>M\u00e1s informaci\u00f3n: <a rel=\"noreferrer noopener\" target=\"_blank\" href=\"https:\/\/necochea.tur.ar\/evento\/fiesta-regional-de-teatro-independiente\/\">https:\/\/necochea.tur.ar\/evento\/fiesta-regional-de-teatro-independiente\/<\/a><\/p>\n\n\n\n<p><strong>EVENTOS DEPORTIVOS<\/strong><\/p>\n\n\n\n<p><strong>BERISSO- ENSENADA\u2013LA PLATA<\/strong><strong><br \/><\/strong><strong>37\u00ba 21k Tres Ciudades<\/strong><\/p>\n\n\n\n<p>Fecha, hora y lugar: Domingo 18, a las 08:00, desde Berisso Hogar Social, av. Montevideo y calle 3.<\/p>\n\n\n\n<p>Descripci\u00f3n: Tradicional y m\u00e1s antigua media marat\u00f3n de la provincia de Buenos Aires que une las ciudades de Berisso, Ensenada y La Plata. Clasificaci\u00f3n con sistema de chip, premiaci\u00f3n general 21 y 5 kil\u00f3metros. Inscripci\u00f3n arancelada. Organiza el C\u00edrculo de Atletas Veteranos Platenses con el acompa\u00f1amiento de los Municipios de Berisso, Ensenada y La Plata.<\/p>\n\n\n\n<p>M\u00e1s informaci\u00f3n:<a rel=\"noreferrer noopener\" target=\"_blank\" href=\"http:\/\/www.instagram.com\/cavplatense\/\"> www.instagram.com\/cavplatense\/<\/a> &#8211;<a rel=\"noreferrer noopener\" target=\"_blank\" href=\"http:\/\/www.facebook.com\/profile.php?id=100063056028993\"> www.facebook.com\/profile.php?id=100063056028993<\/a> &#8211;<a rel=\"noreferrer noopener\" target=\"_blank\" href=\"http:\/\/www.instagram.com\/p\/DI1dJ-jxCSe\/\"> www.instagram.com\/p\/DI1dJ-jxCSe\/<\/a> &#8211; <a rel=\"noreferrer noopener\" target=\"_blank\" href=\"http:\/\/www.facebook.com\/municipiodeberisso\">www.facebook.com\/municipiodeberisso<\/a><\/p>\n\n\n\n<p><strong>LA COSTA (Costa del Este)<\/strong><\/p>\n\n\n\n<p><strong>9\u00b0 Rally Bike Costa del Este 2025<\/strong><\/p>\n\n\n\n<p>Fecha, hora y lugar: Viernes 18, a las 09:00, en calle Los Pensamiento 378.<\/p>\n\n\n\n<p>Descripci\u00f3n: Circuitos para todos los niveles. 15 kil\u00f3metros para principiantes, ideales para quienes se inician en MTB, 30 kil\u00f3metros promocionales y 45 kil\u00f3metros competitivos. Inscripci\u00f3n arancelada. Organiza el Grupo de Ciclismo Team Bordenave Bike con el acompa\u00f1amiento de la Municipalidad de La Costa.<\/p>\n\n\n\n<p>M\u00e1s informaci\u00f3n: <a rel=\"noreferrer noopener\" target=\"_blank\" href=\"http:\/\/www.instagram.com\/bordenavebike_team\">www.instagram.com\/bordenavebike_team<\/a> <a rel=\"noreferrer noopener\" target=\"_blank\" href=\"http:\/\/www.instagram.com\/muni.lacosta\">www.instagram.com\/muni.lacosta<\/a> &#8211; <a rel=\"noreferrer noopener\" target=\"_blank\" href=\"http:\/\/www.facebook.com\/MuniLaCosta\">www.facebook.com\/MuniLaCosta<\/a> &#8211; <a rel=\"noreferrer noopener\" target=\"_blank\" href=\"http:\/\/www.lacosta.gob.ar\/\">www.lacosta.gob.ar\/<\/a><\/p>\n\n\n\n<p><strong>LINCOLN<\/strong><\/p>\n\n\n\n<p><strong>Copa Oto\u00f1o Lincoln Polo Club<\/strong><\/p>\n\n\n\n<p><strong>ENTRADA GRATUITA<\/strong><\/p>\n\n\n\n<p>Fecha, hora y lugar: Del viernes 16 al domingo 18, desde las 13:00, en el predio del Lincoln Polo Club.<\/p>\n\n\n\n<p>Descripci\u00f3n: Competencia de 8 equipos en el predio recientemente inaugurado que cuenta con 2 canchas de polo, 28 corrales con agua, un Club House.<\/p>\n\n\n\n<p>Stands para venta de ropa, art\u00edculos relacionados al polo y otras cosas. Entrada gratuita. Organiza Lincoln Polo Club.<\/p>\n\n\n\n<p>M\u00e1s informaci\u00f3n: <a rel=\"noreferrer noopener\" target=\"_blank\" href=\"http:\/\/www.instagram.com\/lincolnpoloclub\/\">www.instagram.com\/lincolnpoloclub\/<\/a><\/p>\n\n\n\n<p><strong>LEANDRO N. ALEM (Vedia)<\/strong><\/p>\n\n\n\n<p><strong>Carrera de las 4 Avenidas<\/strong><\/p>\n\n\n\n<p><strong>ACTIVIDAD GRATUITA<\/strong><\/p>\n\n\n\n<p>Fecha, hora y lugar: Domingo 18, a las 10:00, desde el Polideportivo Municipal.<\/p>\n\n\n\n<p>Descripci\u00f3n: Competencia en las categor\u00edas 4 y 8 kil\u00f3metros por los caminos de la localidad de Vedia. Acreditaci\u00f3n: 08:30. Inscripci\u00f3n gratuita. Organiza la Municipalidad de Leandro N. Alem.<\/p>\n\n\n\n<p>M\u00e1s informaci\u00f3n:<a rel=\"noreferrer noopener\" target=\"_blank\" href=\"http:\/\/www.instagram.com\/municipioalem\/\"> www.instagram.com\/municipioalem\/<\/a> &#8211;<a rel=\"noreferrer noopener\" target=\"_blank\" href=\"http:\/\/www.facebook.com\/MuniAlemOficial\">www.facebook.com\/MuniAlemOficial<\/a><\/p>\n\n\n\n<p><strong>MONTE HERMOSO<\/strong><\/p>\n\n\n\n<p><strong>Rural Bike Monte Hermoso<\/strong><\/p>\n\n\n\n<p>Fecha, hora y lugar: Domingo 18, a las 10:00, desde el Polideportivo Municipal.<\/p>\n\n\n\n<p>Descripci\u00f3n: Competencia en las distancias 50 kil\u00f3metros competitiva y 25 participativa. Actividad arancelada. Inscripciones:<a rel=\"noreferrer noopener\" target=\"_blank\" href=\"http:\/\/www.bahiacorre.com.ar\/\"> www.bahiacorre.com.ar<\/a> Organiza la Subsecretar\u00eda de Deportes de la Municipalidad de Monte Hermoso.<\/p>\n\n\n\n<p>M\u00e1s informaci\u00f3n:<a rel=\"noreferrer noopener\" target=\"_blank\" href=\"http:\/\/www.instagram.com\/montehermoso.deportes\/\"> www.instagram.com\/montehermoso.deportes\/<\/a> &#8211; <a rel=\"noreferrer noopener\" target=\"_blank\" href=\"http:\/\/www.facebook.com\/DeportesMonteHermoso\">www.facebook.com\/DeportesMonteHermoso<\/a>&nbsp; &#8211; (2921) 407088<\/p>\n\n\n\n<p><strong>MORENO<\/strong><\/p>\n\n\n\n<p><strong>G.O.T. &#8211; Gran Oeste Trail<\/strong><\/p>\n\n\n\n<p><strong>ACTIVIDAD GRATUITA<\/strong><\/p>\n\n\n\n<p>Fecha, hora y lugar: Domingo 18, a las 10:00, en Reserva Natural Protegida Dique Roggero.<\/p>\n\n\n\n<p>Descripci\u00f3n: Primera fecha de esta competencia deportiva que se disputar\u00e1 en las modalidades 10 kil\u00f3metros competitivo, 5 participativos y 500 metros integradora. con m\u00e1s de 500 hect\u00e1reas, el \u00c1rea Natural Protegida Dique Ing. Roggero es una de las reservas m\u00e1s grandes del conurbano bonaerense. Funciona como corredor biol\u00f3gico y es clave para la cuenca del R\u00edo Reconquista. Actividad gratuita. Organiza el Municipio de Moreno.<\/p>\n\n\n\n<p>M\u00e1s informaci\u00f3n: <a rel=\"noreferrer noopener\" target=\"_blank\" href=\"https:\/\/eventols.com\/p\/got-gran-oeste-trail-moreno\">https:\/\/eventols.com\/p\/got-gran-oeste-trail-moreno<\/a><\/p>\n\n\n\n<p><strong>VISITAS GUIADAS<\/strong><\/p>\n\n\n\n<p><strong>BALCARCE (Pueblo Tur\u00edstico San Agust\u00edn)<\/strong><\/p>\n\n\n\n<p><strong>Paseo de los Nogales<\/strong><\/p>\n\n\n\n<p>Fecha, hora y lugar: S\u00e1bado 17, a las 11:00, en San Agust\u00edn.<\/p>\n\n\n\n<p>Descripci\u00f3n: Recorrido la plaza 9 de julio, la plantaci\u00f3n de nogales de pecan La Pradera, almuerzo, visitas al Parque Idoyaga Molina y actividad sobre Turismo Sostenible. Habr\u00e1 merienda (chocolate o infusiones, reposter\u00eda y pan casero, dulces y manteca artesanal). Entrada arancelada. No incluye almuerzo ni transporte.Organizado por Sandra M. Castro con el acompa\u00f1amiento de la Municipalidad de Balcarce.<\/p>\n\n\n\n<p>M\u00e1s informaci\u00f3n: <a rel=\"noreferrer noopener\" target=\"_blank\" href=\"http:\/\/www.facebook.com\/subsecretariadeturismo.balcarce\">www.facebook.com\/subsecretariadeturismo.balcarce<\/a> &#8211; <a rel=\"noreferrer noopener\" target=\"_blank\" href=\"http:\/\/www.instagram.com\/turismobalcarce\">www.instagram.com\/turismobalcarce<\/a><\/p>\n\n\n\n<p><strong>CHASCOM\u00daS<\/strong><\/p>\n\n\n\n<p><strong>Casco Hist\u00f3rico y Museo Pampeano<\/strong><\/p>\n\n\n\n<p><strong>ACTIVIDAD GRATUITA<\/strong><\/p>\n\n\n\n<p>Fecha, hora y lugar: S\u00e1bado 17, a las 15:00, desde la Plaza Independencia; domingo 18, a las 11:00, desde av. Lastra y Mu\u00f1iz.<\/p>\n\n\n\n<p>Descripci\u00f3n: Recorrido opcional entre seis tem\u00e1ticas que van rotando durante la semana. Eco gu\u00eda de las Encadenadas, Museo Pampeano, Museo Ferroviario, Camino de Santiago, Ra\u00fal de Chascom\u00fas y el tradicional por el Casco Hist\u00f3rico de la ciudad. Actividad gratuita con inscripci\u00f3n previa ingresando en el siguiente link<a rel=\"noreferrer noopener\" target=\"_blank\" href=\"https:\/\/linktr.ee\/visitasguiadas.turismoch\"> https:\/\/linktr.ee\/visitasguiadas.turismoch<\/a> o&nbsp; v\u00eda WhatsApp al 2241-603414. Se suspende en caso de lluvia. Organiza la Subsecretar\u00eda de Desarrollo Tur\u00edstico y Productivo de la Municipalidad de Chascom\u00fas.<\/p>\n\n\n\n<p>M\u00e1s informaci\u00f3n:<a rel=\"noreferrer noopener\" target=\"_blank\" href=\"http:\/\/www.instagram.com\/turismochascomus\/\"> www.instagram.com\/turismochascomus\/<\/a> &#8211; <a rel=\"noreferrer noopener\" target=\"_blank\" href=\"http:\/\/www.facebook.com\/chascomustur\">www.facebook.com\/chascomustur<\/a><\/p>\n\n\n\n<p><strong>BALCARCE<\/strong><\/p>\n\n\n\n<p><strong>Trekking y Movimiento Consciente, Sierra de los Difuntos<\/strong><\/p>\n\n\n\n<p>Fecha, hora y lugar: Domingo 18, a las 12:00, en Rinc\u00f3n Grande Sierra de los Difuntos<\/p>\n\n\n\n<p>Descripci\u00f3n: Recorrido de 8 kil\u00f3metros con una duraci\u00f3n estimada de 5 horas, de dificultad baja. Contempla paradas para avistaje e hidrataci\u00f3n. Finaliza con un fog\u00f3n para el mate. Inscripci\u00f3n arancelada. Organiza Nancy Nava con el acompa\u00f1amiento de la Municipalidad de Balcarce,<\/p>\n\n\n\n<p>M\u00e1s informaci\u00f3n: <a rel=\"noreferrer noopener\" target=\"_blank\" href=\"http:\/\/www.facebook.com\/subsecretariadeturismo.balcarce\">www.facebook.com\/subsecretariadeturismo.balcarce<\/a> &#8211; <a rel=\"noreferrer noopener\" target=\"_blank\" href=\"http:\/\/www.instagram.com\/turismobalcarce\">www.instagram.com\/turismobalcarce<\/a> &#8211;&nbsp; <a rel=\"noreferrer noopener\" target=\"_blank\" href=\"mailto:turismobalcarce@gmail.com\">turismobalcarce@gmail.com<\/a><\/p>\n\n\n\n<p><strong>BRAGADO<\/strong><\/p>\n\n\n\n<p><strong>Avistaje de Aves<\/strong><\/p>\n\n\n\n<p><strong>ACTIVIDAD GRATUITA<\/strong><\/p>\n\n\n\n<p>Fecha, hora y lugar: S\u00e1bado 17, a las 09:00, desde el Vagones del Parque Lacunario.<\/p>\n\n\n\n<p>Descripci\u00f3n: Recorrido por los senderos naturales con gu\u00eda especializado, que propone aprender a usar binoculares y conocer especies como garzas mora y blanca, flamenco austral, bigu\u00e1. Actividad gratuita con inscripci\u00f3n previa en: <a rel=\"noreferrer noopener\" target=\"_blank\" href=\"https:\/\/surl.li\/xktjgq\">https:\/\/surl.li\/xktjgq<\/a> Cupos limitados. Se recomienda llevar ropa c\u00f3moda y calzado adecuado, agua y repelente, binoculares (si ten\u00e9s). Organiza la Direcci\u00f3n de Turismo de la Municipalidad de Bragado.<\/p>\n\n\n\n<p>M\u00e1s informaci\u00f3n:<a rel=\"noreferrer noopener\" target=\"_blank\" href=\"http:\/\/www.instagram.com\/direcciondeturismobragado\/\"> www.instagram.com\/direcciondeturismobragado\/<\/a> &#8211; <a rel=\"noreferrer noopener\" target=\"_blank\" href=\"http:\/\/www.facebook.com\/direcciondeturismobragado\">www.facebook.com\/direcciondeturismobragado<\/a><\/p>\n\n\n\n<p><strong>LOBOS<\/strong><\/p>\n\n\n\n<p><strong>Visita Guiada: Identidad<\/strong><\/p>\n\n\n\n<p><strong>ACTIVIDAD GRATUITA<\/strong><\/p>\n\n\n\n<p>Fecha, hora y lugar: S\u00e1bado 17, a las 16:00, en el Museo Pago de los Lobos, avenida Alem 149.<\/p>\n\n\n\n<p>Descripci\u00f3n: Recorrido con gu\u00edas locales que empieza en el Museo Pago de los Lobos. Actividad gratuita. Organiza la Direcci\u00f3n de Turismo de la Municipalidad de Lobos.<\/p>\n\n\n\n<p>M\u00e1s informaci\u00f3n:<a rel=\"noreferrer noopener\" target=\"_blank\" href=\"https:\/\/municipiodelobos.gob.ar\/turismo\"> https:\/\/municipiodelobos.gob.ar\/turismo<\/a> &#8211; <a rel=\"noreferrer noopener\" target=\"_blank\" href=\"http:\/\/www.instagram.com\/turismolobos\/\">www.instagram.com\/turismolobos\/<\/a> &#8211; WhatsApp: (2227) 500405<\/p>\n\n\n\n<p><strong>MORENO<\/strong><\/p>\n\n\n\n<p><strong>Conocer el Humedal<\/strong><\/p>\n\n\n\n<p><strong>ACTIVIDAD GRATUITA<\/strong><\/p>\n\n\n\n<p>Fecha, hora y lugar: Domingos de mayo, a las 15:00, desde Plaza Favaloro.<\/p>\n\n\n\n<p>Descripci\u00f3n: Caminata guiada y avistajes por el sendero del pastizal. Actividad gratuita,&nbsp; por orden de llegada hasta completar la capacidad del lugar. Se suspende en caso de lluvia. Organiza la Reserva Municipal Los Robles.<\/p>\n\n\n\n<p>M\u00e1s informaci\u00f3n:<a rel=\"noreferrer noopener\" target=\"_blank\" href=\"http:\/\/www.instagram.com\/losroblesmoreno\/\"> www.instagram.com\/losroblesmoreno\/<\/a> &#8211; <a rel=\"noreferrer noopener\" target=\"_blank\" href=\"http:\/\/www.facebook.com\/losroblesmoreno\">www.facebook.com\/losroblesmoreno<\/a><\/p>\n\n\n\n<p><strong>AZUL<\/strong><\/p>\n\n\n\n<p><strong>Bus Tur\u00edstico por el Corredor Serrano Boca de las Sierras<\/strong><\/p>\n\n\n\n<p>Fecha, hora y lugar: Todos los domingos, a las 08:45, desde la Terminal de \u00d3mnibus de Azul.<\/p>\n\n\n\n<p>Descripci\u00f3n: Se visitar\u00e1 el Monasterio Trapense, el paraje Pablo Acosta y el parador Municipal Boca de las Sierras, luego habr\u00e1 merienda y recreaci\u00f3n. Se recomienda una caminata por el sendero de interpretaci\u00f3n. El veh\u00edculo que har\u00e1 el trayecto corresponde a la l\u00ednea 503 de Autobuses Buenos Aires y requiere la SUBE. Por otra parte, el parador Boca de las Sierras, El Viejo Almac\u00e9n, Lo de Mingo y el CEPT ofrecer\u00e1n una promoci\u00f3n gastron\u00f3mica al paso de $5500. Organiza la Municipalidad de Azul<\/p>\n\n\n\n<p>M\u00e1s informaci\u00f3n: <a rel=\"noreferrer noopener\" target=\"_blank\" href=\"http:\/\/www.instagram.com\/p\/DJbrAMFOFBR\/\">www.instagram.com\/p\/DJbrAMFOFBR\/<\/a>&nbsp;<\/p>\n\n\n\n<p>La agenda tur\u00edstica y cultural de los 135 municipios se encuentra disponible en la APP ReCreo. Link de descarga:<a rel=\"noreferrer noopener\" target=\"_blank\" href=\"http:\/\/recreo.gba.gob.ar\/descargar\"> recreo.gba.gob.ar\/descargar<\/a> . M\u00e1s informaci\u00f3n en @turismopba y <a rel=\"noreferrer noopener\" target=\"_blank\" href=\"http:\/\/www.buenosaires.tur.ar\/\">www.buenosaires.tur.ar<\/a>, un destino bueno, bonito y bonaerense.<\/p>\n\n\n\n<p><\/p>\n","protected":false},"excerpt":{"rendered":"<p>Las actividades deportivas y de conexi\u00f3n con la naturaleza ser\u00e1n las protagonistas de la agenda tur\u00edstica en los municipios bonaerenses.<\/p>\n","protected":false},"author":3,"featured_media":47059,"comment_status":"open","ping_status":"open","sticky":false,"template":"","format":"standard","meta":{"colormag_page_container_layout":"default_layout","colormag_page_sidebar_layout":"default_layout","footnotes":""},"categories":[1],"tags":[],"class_list":["post-49162","post","type-post","status-publish","format-standard","has-post-thumbnail","hentry","category-actualidad"],"_links":{"self":[{"href":"https:\/\/grupotiempodigital.com.ar\/index.php?rest_route=\/wp\/v2\/posts\/49162","targetHints":{"allow":["GET"]}}],"collection":[{"href":"https:\/\/grupotiempodigital.com.ar\/index.php?rest_route=\/wp\/v2\/posts"}],"about":[{"href":"https:\/\/grupotiempodigital.com.ar\/index.php?rest_route=\/wp\/v2\/types\/post"}],"author":[{"embeddable":true,"href":"https:\/\/grupotiempodigital.com.ar\/index.php?rest_route=\/wp\/v2\/users\/3"}],"replies":[{"embeddable":true,"href":"https:\/\/grupotiempodigital.com.ar\/index.php?rest_route=%2Fwp%2Fv2%2Fcomments&post=49162"}],"version-history":[{"count":1,"href":"https:\/\/grupotiempodigital.com.ar\/index.php?rest_route=\/wp\/v2\/posts\/49162\/revisions"}],"predecessor-version":[{"id":49163,"href":"https:\/\/grupotiempodigital.com.ar\/index.php?rest_route=\/wp\/v2\/posts\/49162\/revisions\/49163"}],"wp:featuredmedia":[{"embeddable":true,"href":"https:\/\/grupotiempodigital.com.ar\/index.php?rest_route=\/wp\/v2\/media\/47059"}],"wp:attachment":[{"href":"https:\/\/grupotiempodigital.com.ar\/index.php?rest_route=%2Fwp%2Fv2%2Fmedia&parent=49162"}],"wp:term":[{"taxonomy":"category","embeddable":true,"href":"https:\/\/grupotiempodigital.com.ar\/index.php?rest_route=%2Fwp%2Fv2%2Fcategories&post=49162"},{"taxonomy":"post_tag","embeddable":true,"href":"https:\/\/grupotiempodigital.com.ar\/index.php?rest_route=%2Fwp%2Fv2%2Ftags&post=49162"}],"curies":[{"name":"wp","href":"https:\/\/api.w.org\/{rel}","templated":true}]}}