{"id":49157,"date":"2025-05-12T08:44:46","date_gmt":"2025-05-12T11:44:46","guid":{"rendered":"https:\/\/grupotiempodigital.com.ar\/?p=49157"},"modified":"2025-05-12T08:44:46","modified_gmt":"2025-05-12T11:44:46","slug":"154-aniversario-fundacional-de-villanueva","status":"publish","type":"post","link":"https:\/\/grupotiempodigital.com.ar\/?p=49157","title":{"rendered":"154\u00b0 ANIVERSARIO FUNDACIONAL DE VILLANUEVA"},"content":{"rendered":"\n<p><strong>El Intendente Municipal Juan Manuel Alvarez<\/strong>&nbsp;y el&nbsp;<strong>Delegado Municipal Ricardo Balcedo,<\/strong>&nbsp;tienen el agrado de invitar a participar de la celebraci\u00f3n por el 154\u00b0 aniversario fundacional de la localidad de Villanueva. La festividad se llevar\u00e1 a cabo el domingo 18 del corriente en donde se compartir\u00e1 el presente programa de actos.<\/p>\n\n\n\n<p><strong>DOMINGO 18 DE MAYO<\/strong><\/p>\n\n\n\n<p><strong><em>CAPILLA SAN JOS\u00c9 \u2013 9:00 HS.<\/em><\/strong><\/p>\n\n\n\n<ul class=\"wp-block-list\">\n<li><strong>Santa Misa<\/strong>, oficiada por el Cura P\u00e1rroco Mario Peralta Luna.<\/li>\n<\/ul>\n\n\n\n<p><strong><em>AV. SAN MART\u00cdN (PALCO OFICIAL)<\/em><\/strong><\/p>\n\n\n\n<p><strong><em>10:15 hs.<\/em><\/strong><\/p>\n\n\n\n<ul class=\"wp-block-list\">\n<li><strong>Entrega de Premios de los Torneos \u201c154\u00b0 Aniversario\u201d,<\/strong> organizados por la Delegaci\u00f3n Municipal.<\/li>\n<\/ul>\n\n\n\n<p><strong><em>11:00 hs. &#8211;&nbsp;<\/em><\/strong><strong><em>DESFILE C\u00cdVICO-TRADICIONALISTA<\/em><\/strong><\/p>\n\n\n\n<ul class=\"wp-block-list\">\n<li>Palabras alusivas.<\/li>\n\n\n\n<li>Participan Delegaciones locales y Centros Tradicionalistas invitados.<\/li>\n\n\n\n<li>Exhibici\u00f3n de emprendados.<\/li>\n<\/ul>\n\n\n\n<p><strong><em>14:00 hs.&nbsp;<\/em><\/strong><strong><em>ESPECT\u00c1CULO ART\u00cdSTICO<\/em><\/strong><\/p>\n\n\n\n<ul class=\"wp-block-list\">\n<li>Actuaci\u00f3n estelar de Jos\u00e9 Sim\u00f3n (artista invitado Buby Gonz\u00e1lez)<\/li>\n\n\n\n<li>Daniel Farisano Grupo<\/li>\n\n\n\n<li>Presentaci\u00f3n del Peric\u00f3n Nacional a cargo de los Pe\u00f1eros de Ranchos y Peric\u00f3n Nacional presentado por bailarines de Chascom\u00fas.<\/li>\n\n\n\n<li>Ballet del Villanueva F\u00fatbol Club.<\/li>\n\n\n\n<li>Los Galponeros con la participaci\u00f3n del \u201cCoro de Lengua de Se\u00f1as\u201d.<\/li>\n\n\n\n<li>Taller de Cultura de Danzas Folcl\u00f3ricas.<\/li>\n\n\n\n<li>Cierre con baile popular con la actuaci\u00f3n de \u201cYulian\u201d.<\/li>\n<\/ul>\n\n\n\n<p><strong>Organiza:<\/strong>&nbsp; Secretar\u00eda de Cultura de la Municipalidad de General Paz.<\/p>\n\n\n\n<p><strong><em>LUNES 19 DE MAYO<\/em><\/strong><\/p>\n\n\n\n<p><strong><em>8:30 hs. \u2013 AV. SAN MART\u00cdN Y 9 DE JULIO<\/em><\/strong><\/p>\n\n\n\n<ul class=\"wp-block-list\">\n<li>Izamiento de Pabell\u00f3n Nacional, Bandera Bonaerense y Pa\u00f1o de Villanueva.<\/li>\n<\/ul>\n\n\n\n<p><\/p>\n","protected":false},"excerpt":{"rendered":"<p>El Intendente Municipal Juan Manuel Alvarez&nbsp;y el&nbsp;Delegado Municipal Ricardo Balcedo,&nbsp;tienen el agrado de invitar a participar de la celebraci\u00f3n por<\/p>\n","protected":false},"author":3,"featured_media":43030,"comment_status":"open","ping_status":"open","sticky":false,"template":"","format":"standard","meta":{"colormag_page_container_layout":"default_layout","colormag_page_sidebar_layout":"default_layout","footnotes":""},"categories":[1],"tags":[],"class_list":["post-49157","post","type-post","status-publish","format-standard","has-post-thumbnail","hentry","category-actualidad"],"_links":{"self":[{"href":"https:\/\/grupotiempodigital.com.ar\/index.php?rest_route=\/wp\/v2\/posts\/49157","targetHints":{"allow":["GET"]}}],"collection":[{"href":"https:\/\/grupotiempodigital.com.ar\/index.php?rest_route=\/wp\/v2\/posts"}],"about":[{"href":"https:\/\/grupotiempodigital.com.ar\/index.php?rest_route=\/wp\/v2\/types\/post"}],"author":[{"embeddable":true,"href":"https:\/\/grupotiempodigital.com.ar\/index.php?rest_route=\/wp\/v2\/users\/3"}],"replies":[{"embeddable":true,"href":"https:\/\/grupotiempodigital.com.ar\/index.php?rest_route=%2Fwp%2Fv2%2Fcomments&post=49157"}],"version-history":[{"count":1,"href":"https:\/\/grupotiempodigital.com.ar\/index.php?rest_route=\/wp\/v2\/posts\/49157\/revisions"}],"predecessor-version":[{"id":49158,"href":"https:\/\/grupotiempodigital.com.ar\/index.php?rest_route=\/wp\/v2\/posts\/49157\/revisions\/49158"}],"wp:featuredmedia":[{"embeddable":true,"href":"https:\/\/grupotiempodigital.com.ar\/index.php?rest_route=\/wp\/v2\/media\/43030"}],"wp:attachment":[{"href":"https:\/\/grupotiempodigital.com.ar\/index.php?rest_route=%2Fwp%2Fv2%2Fmedia&parent=49157"}],"wp:term":[{"taxonomy":"category","embeddable":true,"href":"https:\/\/grupotiempodigital.com.ar\/index.php?rest_route=%2Fwp%2Fv2%2Fcategories&post=49157"},{"taxonomy":"post_tag","embeddable":true,"href":"https:\/\/grupotiempodigital.com.ar\/index.php?rest_route=%2Fwp%2Fv2%2Ftags&post=49157"}],"curies":[{"name":"wp","href":"https:\/\/api.w.org\/{rel}","templated":true}]}}