{"id":49152,"date":"2025-05-12T08:41:08","date_gmt":"2025-05-12T11:41:08","guid":{"rendered":"https:\/\/grupotiempodigital.com.ar\/?p=49152"},"modified":"2025-05-12T08:58:09","modified_gmt":"2025-05-12T11:58:09","slug":"informacion-social-ranchos-chascomus-pila-283","status":"publish","type":"post","link":"https:\/\/grupotiempodigital.com.ar\/?p=49152","title":{"rendered":"INFORMACI\u00d3N SOCIAL RANCHOS \u2013 CHASCOM\u00daS \u2013 PILA"},"content":{"rendered":"\n<p><strong><u>CUMPLEA\u00d1OS RANCHOS<\/u><\/strong><\/p>\n\n\n\n<p><strong><u>LUNES 12 DE MAYO:<\/u><\/strong><strong> OLGA CHARTEA, OSCAR GAULIO, NORMA OCAMPO, ROBERTO AGUIAR, MAURICIO OPORTO, ANNERI TALLARICO.<\/strong><\/p>\n\n\n\n<p><strong><u>FARMACIAS DE TURNO LUNES 12 DE MAYO<\/u><\/strong><\/p>\n\n\n\n<p><strong>RANCHOS: TORRISSI (Mitre casi Lu\u00eds Giles)<\/strong><\/p>\n\n\n\n<p><strong>CHASCOM\u00daS:<\/strong> <strong>BELGRANO (649) y POZZI (Rioja 28)<\/strong><\/p>\n\n\n\n<p><strong>PIL<\/strong><strong>A: MORISET (17 n\u00ba 227)<\/strong><\/p>\n\n\n\n<p><strong><u>NECROLOGICAS CHASCOM\u00daS<\/u><\/strong><\/p>\n\n\n\n<p><strong>Falleci\u00f3 tr\u00e1gicamente en Chascom\u00fas a la temprana&nbsp;edad de 16 a\u00f1os, MIA AGOSTINA BIOCCA el viernes 9. Sus restos fueron trasladados hacia la necr\u00f3polis local para su inhumaci\u00f3n (Sepelios Portela).&nbsp;<\/strong><\/p>\n\n\n\n<p><strong>En&nbsp; horas de la tarde del viernes 10 dejo de existir&nbsp; en la ciudad de Bs As CARLOS MARTIN NAGODE. El extinto desaparece a los 68 a\u00f1os de edad. Sus restos fueron inhumados el d\u00eda s\u00e1bado 11 en el Cementerio Parque de La Piedad de Chascom\u00fas&nbsp; (Casa Sallaberry<a><\/a>).<\/strong><\/p>\n\n\n\n<p><strong>En&nbsp; horas de la madrugada del s\u00e1bado 10 dejo de existir&nbsp; en nuestra ciudad LILIA BEATRIZ BLANCO. La extinta desaparece a los 80 a\u00f1os de edad. Sus restos fueron trasladados al Cementerio Municipal de Chascom\u00fas para su inhumaci\u00f3n el mismo d\u00eda- (Casa Sallaberry)<\/strong><\/p>\n\n\n\n<p><strong>En&nbsp; horas de la madrugada del s\u00e1bado 10&nbsp; dejo de existir&nbsp; en nuestra ciudad MARIA DEL CARMEN BENVENUTO. La extinta desaparece a los 85 a\u00f1os de edad. Sus restos fueron trasladados para su cremaci\u00f3n. (Casa Sallaberry)<\/strong><\/p>\n\n\n\n<p><strong>En horas de la tarde del viernes 10&nbsp; dej\u00f3 de existir en nuestra ciudad CARLOS RODRIGUEZ. El extinto, desaparece a los 77 a\u00f1os de edad. Los restos de CARLOS RODRIGUEZ fueron trasladados al cementerio parque de la Gloria de Berazategui.- (Casa Sallaberry)<\/strong><\/p>\n\n\n\n<p><strong>En&nbsp; horas de la madrugada&nbsp; del domingo 11dejo de existir&nbsp; en nuestra ciudad MARIA CAROLINA ORTELLS. La extinta desaparece a los 49 a\u00f1os de edad. Los restos de MARIA CAROLINA ORTELLS fueron trasladados para su inhumaci\u00f3n&nbsp; al cementerio San Andr\u00e9s \u2013(Casa Sallaberry)<\/strong><\/p>\n\n\n\n<p><strong>En horas de la tarde de ayer&nbsp; dej\u00f3 de existir en nuestra ciudad RAUL ALBERTO GASTON. El extinto, desaparece a los 81 a\u00f1os de edad. Los restos de RAUL ALBERTO GASTON ser\u00e1n&nbsp; velados a partir de las 09.00 hs&nbsp; en la sala de R de Escalada N\u00b0 92 hasta las 11.00 hs y ser\u00e1n&nbsp; trasladados al cementerio parque de la Gloria de Berazategui para su cremaci\u00f3n.- (Casa Sallaberry)<\/strong><\/p>\n\n\n\n<p><\/p>\n","protected":false},"excerpt":{"rendered":"<p>CUMPLEA\u00d1OS RANCHOS LUNES 12 DE MAYO: OLGA CHARTEA, OSCAR GAULIO, NORMA OCAMPO, ROBERTO AGUIAR, MAURICIO OPORTO, ANNERI TALLARICO. FARMACIAS DE<\/p>\n","protected":false},"author":3,"featured_media":47075,"comment_status":"open","ping_status":"open","sticky":false,"template":"","format":"standard","meta":{"colormag_page_container_layout":"default_layout","colormag_page_sidebar_layout":"default_layout","footnotes":""},"categories":[1],"tags":[],"class_list":["post-49152","post","type-post","status-publish","format-standard","has-post-thumbnail","hentry","category-actualidad"],"_links":{"self":[{"href":"https:\/\/grupotiempodigital.com.ar\/index.php?rest_route=\/wp\/v2\/posts\/49152","targetHints":{"allow":["GET"]}}],"collection":[{"href":"https:\/\/grupotiempodigital.com.ar\/index.php?rest_route=\/wp\/v2\/posts"}],"about":[{"href":"https:\/\/grupotiempodigital.com.ar\/index.php?rest_route=\/wp\/v2\/types\/post"}],"author":[{"embeddable":true,"href":"https:\/\/grupotiempodigital.com.ar\/index.php?rest_route=\/wp\/v2\/users\/3"}],"replies":[{"embeddable":true,"href":"https:\/\/grupotiempodigital.com.ar\/index.php?rest_route=%2Fwp%2Fv2%2Fcomments&post=49152"}],"version-history":[{"count":2,"href":"https:\/\/grupotiempodigital.com.ar\/index.php?rest_route=\/wp\/v2\/posts\/49152\/revisions"}],"predecessor-version":[{"id":49159,"href":"https:\/\/grupotiempodigital.com.ar\/index.php?rest_route=\/wp\/v2\/posts\/49152\/revisions\/49159"}],"wp:featuredmedia":[{"embeddable":true,"href":"https:\/\/grupotiempodigital.com.ar\/index.php?rest_route=\/wp\/v2\/media\/47075"}],"wp:attachment":[{"href":"https:\/\/grupotiempodigital.com.ar\/index.php?rest_route=%2Fwp%2Fv2%2Fmedia&parent=49152"}],"wp:term":[{"taxonomy":"category","embeddable":true,"href":"https:\/\/grupotiempodigital.com.ar\/index.php?rest_route=%2Fwp%2Fv2%2Fcategories&post=49152"},{"taxonomy":"post_tag","embeddable":true,"href":"https:\/\/grupotiempodigital.com.ar\/index.php?rest_route=%2Fwp%2Fv2%2Ftags&post=49152"}],"curies":[{"name":"wp","href":"https:\/\/api.w.org\/{rel}","templated":true}]}}