{"id":49147,"date":"2025-05-09T09:11:57","date_gmt":"2025-05-09T12:11:57","guid":{"rendered":"https:\/\/grupotiempodigital.com.ar\/?p=49147"},"modified":"2025-05-09T09:11:58","modified_gmt":"2025-05-09T12:11:58","slug":"en-su-primer-discurso-el-papa-leon-xiv-recordo-a-francisco-y-saludo-a-peru-en-espanol","status":"publish","type":"post","link":"https:\/\/grupotiempodigital.com.ar\/?p=49147","title":{"rendered":"En su primer discurso, el papa Le\u00f3n XIV record\u00f3 a Francisco y salud\u00f3 a Per\u00fa en espa\u00f1ol"},"content":{"rendered":"\n<figure class=\"wp-block-image size-full\"><img loading=\"lazy\" decoding=\"async\" width=\"993\" height=\"559\" src=\"https:\/\/grupotiempodigital.com.ar\/wp-content\/uploads\/2025\/05\/LEON-XIV.jpg\" alt=\"\" class=\"wp-image-49148\" srcset=\"https:\/\/grupotiempodigital.com.ar\/wp-content\/uploads\/2025\/05\/LEON-XIV.jpg 993w, https:\/\/grupotiempodigital.com.ar\/wp-content\/uploads\/2025\/05\/LEON-XIV-300x169.jpg 300w, https:\/\/grupotiempodigital.com.ar\/wp-content\/uploads\/2025\/05\/LEON-XIV-768x432.jpg 768w\" sizes=\"auto, (max-width: 993px) 100vw, 993px\" \/><\/figure>\n\n\n\n<p class=\"has-medium-font-size\">El estadounidense Robert Francis Prevost fue elegido por el C\u00f3nclave como el nuevo Papa. El hasta ahora cardenal tom\u00f3 el nombre de Le\u00f3n XIV y en su primer discurso record\u00f3 a Jorge Bergoglio y salud\u00f3 a Per\u00fa en espa\u00f1ol.<\/p>\n\n\n\n<p class=\"has-medium-font-size\">En la quinta votaci\u00f3n del C\u00f3nclave los 133 cardenales designaron como nuevo papa al estadounidense Robert Francis Prevost. En su primer discurso ante miles de fieles en la plaza de San Pedro pidi\u00f3 rezar \u00abpor esta nueva misi\u00f3n\u00bb. Su lema es \u00abuna iglesia pobre que sirve a los pobres\u00bb.<\/p>\n\n\n\n<p class=\"has-medium-font-size\"><strong>La Iglesia ya piensa en una visita del papa Le\u00f3n XIV a la Argentina: \u00abSeguramente nos haga ese regalo\u00bb<\/strong><\/p>\n\n\n\n<p class=\"has-medium-font-size\">Los v\u00ednculos con el papa Francisco, los a\u00f1os que vivi\u00f3 en Latinoam\u00e9rica y las sucesivas visitas que hizo al pa\u00eds provocaron la ilusi\u00f3n de que Robert Prevost, el flamante papa Le\u00f3n XIV, visite Argentina en los primeros a\u00f1os de su papado.<\/p>\n\n\n\n<p class=\"has-medium-font-size\">\u00abEn los primeros tiempos va a tener una agenda muy nutrida. Pero seguramente nos haga ese regalo para traernos adem\u00e1s del recuerdo de Francisco y la brisa de su ministerio nuevo\u00bb, expres\u00f3 Marcelo Colombo, presidente de la Conferencia Episcopal Argentina..<\/p>\n\n\n\n<p class=\"has-medium-font-size\">Colombo destac\u00f3 que Prevost estuvo muy cerca de Francisco en los \u00faltimos a\u00f1os de su papado y destac\u00f3 que su elecci\u00f3n signific\u00f3 \u00abuna gran compenetraci\u00f3n del camino que est\u00e1 haciendo la iglesia a nivel universal\u00bb.<\/p>\n\n\n\n<p class=\"has-medium-font-size\"><strong>Las visitas de Le\u00f3n XIV a Argentina y su relaci\u00f3n con el papa Francisco<\/strong><\/p>\n\n\n\n<p class=\"has-medium-font-size\">Apenas cuatro d\u00edas antes de que Jorge Bergoglio fuera elegido Papa en 2013, Le\u00f3n XIV, su sucesor, visit\u00f3 Argentina y estuvo presente en la ordenaci\u00f3n episcopal del obispo auxiliar Alberto Bochatey que se celebr\u00f3 en la Catedral de La Plata.<\/p>\n\n\n\n<p class=\"has-medium-font-size\">\u201cYo fui culpable de que viniera a la Argentina\u201d, asegur\u00f3 Monse\u00f1or Bochatey recordando la visita de Robert Prevost el 9 de marzo de 2013. Estudi\u00f3 junto al flamante Papa en Roma, lo describi\u00f3 como un \u00abhermano\u00bb de la orden\u00bb y destac\u00f3: \u201cHasta hace poco, cuando terminaba de trabajar en el Vaticano, com\u00eda en la comunidad agustina y hasta ayudaba a levantar la mesa\u201d, relat\u00f3 el Ovispo<\/p>\n\n\n\n<p class=\"has-medium-font-size\">A su vez, agreg\u00f3: \u201cFrancisco lo quer\u00eda mucho, lo descubri\u00f3 y le dio responsabilidades clave\u00bb. Durante el \u00faltimo per\u00edodo del papado del argentino, Prevost ocupaba el estrat\u00e9gico puesto de prefecto del Dicasterio para los Obispos, un rol que lo convertir\u00eda en el principal asesor del pont\u00edfice en la designaci\u00f3n de obispos en todo el mundo.<\/p>\n\n\n\n<p class=\"has-medium-font-size\"><strong>El papa Le\u00f3n XIV fue cr\u00edtico del gobierno de Alberto Fujimori y reclam\u00f3 un pedido de perd\u00f3n a las v\u00edctimas<\/strong><\/p>\n\n\n\n<p class=\"has-medium-font-size\">El flamante papa Le\u00f3n XIV vivi\u00f3 durante 40 a\u00f1os en Per\u00fa y cumpli\u00f3 trabajo pastoral desde la regi\u00f3n andina de Apur\u00edmac y en la amaz\u00f3nica de Iquitos durante la d\u00e9cada de 1990, marcada por represi\u00f3n generalizada por las fuerzas armadas a cargo del gobierno de Alberto Fujimori.<\/p>\n\n\n\n<p class=\"has-medium-font-size\">A partir de esta experiencia en primera persona, el nuevo l\u00edder de la Iglesia Cat\u00f3lica, de perfil progresista y cercano a Francisco, se refiri\u00f3 en 2017 al indulto que recibi\u00f3 el expresidente peruano y consider\u00f3 que deb\u00eda pedir perd\u00f3n a cada una de las v\u00edctimas que perdieron la vida durante su mandato para poder empezar un proceso de reconciliaci\u00f3n.<\/p>\n\n\n\n<p class=\"has-medium-font-size\">\u201cEl expresidente Alberto Fujimori pidi\u00f3 perd\u00f3n en una forma digamos gen\u00e9rica, reconociendo en t\u00e9rminos generales su culpa y algunos se han sentido ofendidos. Tal vez de su parte ser\u00eda m\u00e1s eficaz pedir perd\u00f3n personalmente por algunas de las grandes injusticias que fueron cometidas y por las cuales \u00e9l fue juzgado\u201d, dijo el entonces obispo de Chiclayo, una de las ciudades m\u00e1s importantes de la costa norte\u00f1a peruana.<\/p>\n\n\n\n<p class=\"has-medium-font-size\"><strong>El arzobispo Garc\u00eda Cuerva celebr\u00f3 la elecci\u00f3n de Le\u00f3n XIV: \u00abComparte la mirada de la realidad del papa Francisco<\/strong>\u00ab<\/p>\n\n\n\n<p class=\"has-medium-font-size\">La elecci\u00f3n del Robert Francis Prevost, estadounidense pero nacionalizado peruano y nombrado cardenal por Francisco, como nuevo Papa fue celebrada por la pol\u00edtica argentina y tambi\u00e9n por las m\u00e1ximas autoridades de la Iglesia nacional. Una de las voces que se expres\u00f3 en apoyo a la asunci\u00f3n de Le\u00f3n XIV fue el arzobispo de Buenos Aires, Jorge Garc\u00eda Cuerva.<\/p>\n\n\n\n<p class=\"has-medium-font-size\">\u00abLo estoy viviendo con mucha alegr\u00eda\u00bb, admiti\u00f3 el arzobispo, quien dijo haber atravesado un per\u00edodo \u00abmuy doloroso por la partida del querido Papa Francisco, pero hoy nos volvemos a sentir muy reconfortados y muy alegres por la llegada del papa Le\u00f3n XIV\u201d. \u00abTiene una mirada de la realidad similar a la del papa Francisco\u00bb, indic\u00f3.<\/p>\n\n\n\n<p class=\"has-medium-font-size\">Garc\u00eda Cuerva tambi\u00e9n destac\u00f3 \u00absus primeras palabras desde el balc\u00f3n\u00bb. \u00abEs un hombre al que he podido conocer y hemos tenido v\u00ednculo en este tiempo. S\u00e9 que es un gran pastor y una gran persona. Es interesante su origen, ya que es norteamericano pero ha sido arzobispo en Per\u00fa, as\u00ed que tiene un lindo intercambio cultural que lo har\u00e1 pastor universal, pastor de todo el mundo\u00bb, destac\u00f3.<\/p>\n","protected":false},"excerpt":{"rendered":"<p>El estadounidense Robert Francis Prevost fue elegido por el C\u00f3nclave como el nuevo Papa. El hasta ahora cardenal tom\u00f3 el<\/p>\n","protected":false},"author":3,"featured_media":49148,"comment_status":"open","ping_status":"open","sticky":false,"template":"","format":"standard","meta":{"colormag_page_container_layout":"default_layout","colormag_page_sidebar_layout":"default_layout","footnotes":""},"categories":[1],"tags":[],"class_list":["post-49147","post","type-post","status-publish","format-standard","has-post-thumbnail","hentry","category-actualidad"],"_links":{"self":[{"href":"https:\/\/grupotiempodigital.com.ar\/index.php?rest_route=\/wp\/v2\/posts\/49147","targetHints":{"allow":["GET"]}}],"collection":[{"href":"https:\/\/grupotiempodigital.com.ar\/index.php?rest_route=\/wp\/v2\/posts"}],"about":[{"href":"https:\/\/grupotiempodigital.com.ar\/index.php?rest_route=\/wp\/v2\/types\/post"}],"author":[{"embeddable":true,"href":"https:\/\/grupotiempodigital.com.ar\/index.php?rest_route=\/wp\/v2\/users\/3"}],"replies":[{"embeddable":true,"href":"https:\/\/grupotiempodigital.com.ar\/index.php?rest_route=%2Fwp%2Fv2%2Fcomments&post=49147"}],"version-history":[{"count":1,"href":"https:\/\/grupotiempodigital.com.ar\/index.php?rest_route=\/wp\/v2\/posts\/49147\/revisions"}],"predecessor-version":[{"id":49149,"href":"https:\/\/grupotiempodigital.com.ar\/index.php?rest_route=\/wp\/v2\/posts\/49147\/revisions\/49149"}],"wp:featuredmedia":[{"embeddable":true,"href":"https:\/\/grupotiempodigital.com.ar\/index.php?rest_route=\/wp\/v2\/media\/49148"}],"wp:attachment":[{"href":"https:\/\/grupotiempodigital.com.ar\/index.php?rest_route=%2Fwp%2Fv2%2Fmedia&parent=49147"}],"wp:term":[{"taxonomy":"category","embeddable":true,"href":"https:\/\/grupotiempodigital.com.ar\/index.php?rest_route=%2Fwp%2Fv2%2Fcategories&post=49147"},{"taxonomy":"post_tag","embeddable":true,"href":"https:\/\/grupotiempodigital.com.ar\/index.php?rest_route=%2Fwp%2Fv2%2Ftags&post=49147"}],"curies":[{"name":"wp","href":"https:\/\/api.w.org\/{rel}","templated":true}]}}