{"id":49133,"date":"2025-05-08T08:39:14","date_gmt":"2025-05-08T11:39:14","guid":{"rendered":"https:\/\/grupotiempodigital.com.ar\/?p=49133"},"modified":"2025-05-08T08:39:15","modified_gmt":"2025-05-08T11:39:15","slug":"efemerides-del-8-de-mayo","status":"publish","type":"post","link":"https:\/\/grupotiempodigital.com.ar\/?p=49133","title":{"rendered":"Efem\u00e9rides del 8 de mayo"},"content":{"rendered":"\n<p><strong>\u00b7<\/strong><strong> CRUZ ROJA. Se celebra el D\u00eda Internacional de la Cruz Roja en conmemoraci\u00f3n de la fecha de 1828 en la que naci\u00f3 su fundador, el empresario y activista suizo Henry Dunant.<\/strong><strong><\/strong><\/p>\n\n\n\n<p><strong>\u00b7&nbsp; 1527 &#8211; R\u00cdO PARAN\u00c1. El explorador y cart\u00f3grafo espa\u00f1ol Sebasti\u00e1n Gaboto navega por primera vez por el r\u00edo Paran\u00e1, el segundo m\u00e1s largo de Sudam\u00e9rica, cuyo curso pasa por Argentina, Brasil y Paraguay. Gaboto lo naveg\u00f3 hasta la desembocadura del r\u00edo Paraguay.<\/strong><\/p>\n\n\n\n<p><strong>\u00b7&nbsp; 1887 &#8211; PAPA LE\u00d3N XIII. El papa Le\u00f3n XIII corona en el Vaticano la imagen de Nuestra Se\u00f1ora de Luj\u00e1n, patrona de la Argentina, cuya imagen se guarda en la bas\u00edlica de la ciudad bonaerense hom\u00f3nima, a unos 60 kil\u00f3metros al oeste de Buenos Aires.<\/strong><\/p>\n\n\n\n<p><strong>\u00b7&nbsp; 1922 &#8211; JORGE LUZ. Nace en la localidad bonaerense de Empalme San Vicente (actual Alejandro Korn) el actor, humorista e imitador Jorge Luz (Oscar Jorge Da Luz Borb\u00f3n), de destacada trayectoria en cine, teatro y televisi\u00f3n. Gan\u00f3 un premio Konex, entre otras distinciones. Protagoniz\u00f3 el popular programa c\u00f3mico \u201cLa Tota y la Porota\u201d junto a Jorge Porcel.<\/strong><\/p>\n\n\n\n<p><strong>\u00b7&nbsp; 1945 &#8211; 2\u00b0 GUERRA MUNDIAL. La Alemania nazi se rinde incondicionalmente en Berl\u00edn, con lo que se abre el camino hacia el fin de la Segunda Guerra Mundial que hab\u00eda desatado al invadir Polonia, en septiembre de 1939. El conflicto concluy\u00f3 en septiembre de 1945 luego de las rendiciones de Italia y Jap\u00f3n.<\/strong><\/p>\n\n\n\n<p><strong>\u00b7&nbsp; 1970 &#8211; SAN MART\u00cdN. Se inaugura en Buenos Aires el Centro Cultural San Mart\u00edn, sede de congresos, conferencias y actividades culturales. Su primer gran evento internacional fue la disputa de una de las semifinales del Campeonato Mundial de Ajedrez de 1971, en las que el maestro estadounidense Bobby Fischer venci\u00f3 a su par armenio Tigran Petrosian.<\/strong><\/p>\n\n\n\n<p><strong>\u00b7&nbsp; 1977 &#8211; PEPE S\u00c1NCHEZ. Nace en la ciudad bonaerense de Bah\u00eda Blanca el ex basquetbolista Juan Ignacio S\u00e1nchez, popularmente conocido como Pepe S\u00e1nchez, campe\u00f3n ol\u00edmpico con la selecci\u00f3n argentina en los juegos de Atenas 2004. Es el primer argentino en jugar en la liga de la Asociaci\u00f3n Nacional de Basquetbol de Estados Unidos (NBA).<\/strong><\/p>\n\n\n\n<p><strong>\u00b7&nbsp; 1979 &#8211; THE CURE. La banda brit\u00e1nica The Cure, pionera del g\u00e9nero new wave, publica en Londres \u00abThree imaginary boys\u00bb, su \u00e1lbum debut. Con temas de este \u00e1lbum y los de tres sencillos posteriores se conform\u00f3 el disco Boys Don&#8217;t Cry, con el que el grupo liderado por Robert Smith desembarc\u00f3 en Estados Unidos.<\/strong><\/p>\n\n\n\n<p><strong>\u00b7&nbsp; 1980 &#8211; VIRUS VIRUELA. En su sede de la ciudad suiza de Ginebra, la Organizaci\u00f3n Mundial de la Salud declara que se ha erradicado del planeta al virus de la Viruela, causante de la enfermedad que ten\u00eda una tasa de mortalidad del orden del 30% y superior al 50% en beb\u00e9s y ni\u00f1os de tres a cinco a\u00f1os.<\/strong><\/p>\n\n\n\n<p><strong>\u00b7&nbsp; 2012 &#8211; CARLOS LOISEAU. A la edad de 63 a\u00f1os muere en la ciudad bonaerense de Adrogu\u00e9 el dibujante e historietista Carlos Loiseau, m\u00e1s conocido por su nombre art\u00edstico de Caloi, creador del popular personaje Clemente, de la tira Clemente y Bartolo que publicaba el diario Clar\u00edn. Clemente lleg\u00f3 luego a la televisi\u00f3n, con un programa que fue transmitido por canal 13 y otras emisoras de televisi\u00f3n.<\/strong><\/p>\n","protected":false},"excerpt":{"rendered":"<p>\u00b7 CRUZ ROJA. Se celebra el D\u00eda Internacional de la Cruz Roja en conmemoraci\u00f3n de la fecha de 1828 en<\/p>\n","protected":false},"author":3,"featured_media":47067,"comment_status":"open","ping_status":"open","sticky":false,"template":"","format":"standard","meta":{"colormag_page_container_layout":"default_layout","colormag_page_sidebar_layout":"default_layout","footnotes":""},"categories":[1],"tags":[],"class_list":["post-49133","post","type-post","status-publish","format-standard","has-post-thumbnail","hentry","category-actualidad"],"_links":{"self":[{"href":"https:\/\/grupotiempodigital.com.ar\/index.php?rest_route=\/wp\/v2\/posts\/49133","targetHints":{"allow":["GET"]}}],"collection":[{"href":"https:\/\/grupotiempodigital.com.ar\/index.php?rest_route=\/wp\/v2\/posts"}],"about":[{"href":"https:\/\/grupotiempodigital.com.ar\/index.php?rest_route=\/wp\/v2\/types\/post"}],"author":[{"embeddable":true,"href":"https:\/\/grupotiempodigital.com.ar\/index.php?rest_route=\/wp\/v2\/users\/3"}],"replies":[{"embeddable":true,"href":"https:\/\/grupotiempodigital.com.ar\/index.php?rest_route=%2Fwp%2Fv2%2Fcomments&post=49133"}],"version-history":[{"count":1,"href":"https:\/\/grupotiempodigital.com.ar\/index.php?rest_route=\/wp\/v2\/posts\/49133\/revisions"}],"predecessor-version":[{"id":49134,"href":"https:\/\/grupotiempodigital.com.ar\/index.php?rest_route=\/wp\/v2\/posts\/49133\/revisions\/49134"}],"wp:featuredmedia":[{"embeddable":true,"href":"https:\/\/grupotiempodigital.com.ar\/index.php?rest_route=\/wp\/v2\/media\/47067"}],"wp:attachment":[{"href":"https:\/\/grupotiempodigital.com.ar\/index.php?rest_route=%2Fwp%2Fv2%2Fmedia&parent=49133"}],"wp:term":[{"taxonomy":"category","embeddable":true,"href":"https:\/\/grupotiempodigital.com.ar\/index.php?rest_route=%2Fwp%2Fv2%2Fcategories&post=49133"},{"taxonomy":"post_tag","embeddable":true,"href":"https:\/\/grupotiempodigital.com.ar\/index.php?rest_route=%2Fwp%2Fv2%2Ftags&post=49133"}],"curies":[{"name":"wp","href":"https:\/\/api.w.org\/{rel}","templated":true}]}}