{"id":49131,"date":"2025-05-08T08:37:47","date_gmt":"2025-05-08T11:37:47","guid":{"rendered":"https:\/\/grupotiempodigital.com.ar\/?p=49131"},"modified":"2025-05-08T08:47:42","modified_gmt":"2025-05-08T11:47:42","slug":"informacion-social-ranchos-chascomus-pila-281","status":"publish","type":"post","link":"https:\/\/grupotiempodigital.com.ar\/?p=49131","title":{"rendered":"INFORMACI\u00d3N SOCIAL RANCHOS \u2013 CHASCOM\u00daS \u2013 PILA"},"content":{"rendered":"\n<p><strong><u>CUMPLEA\u00d1OS RANCHOS<\/u><\/strong><\/p>\n\n\n\n<p><strong><u>JUEVES 08 DE MAYO:<\/u><\/strong><strong> PAOLA MARIELA ROBLEDO, FLORENCIA MARTINEZ, KARINA SOUTHWELL, LUCILA ALONSO, FERNANDO M\u00c1RQUEZ, CARMEN MAZZULLA, PEDRO MACCHI,<\/strong><\/p>\n\n\n\n<p><strong><u>FARMACIAS DE TURNO JUEVES 08 DE MAYO<\/u><\/strong><\/p>\n\n\n\n<p><strong>RANCHOS: TORRISSI (Mitre casi Lu\u00eds Giles)<\/strong><\/p>\n\n\n\n<p><strong>CHASCOM\u00daS: BELGRANO (Belgrano 649) y APRILE (Lastra 115)<\/strong><\/p>\n\n\n\n<p><strong>PIL<\/strong><strong>A: MORISET (17 n\u00ba 227)<\/strong><\/p>\n\n\n\n<p><strong><u>NECROL\u00d3GICA CHASCOM\u00daS<\/u><\/strong><\/p>\n\n\n\n<p><strong>Falleci\u00f3 en horas de la tarde del lunes 5 de mayo en La Plata a los 18 a\u00f1os de edad RENATO NICOLINI. Sus restos ser\u00e1n inhumados en la necr\u00f3polis local hoy jueves 08\/05 a las 09:00 hs. (Sepelios Portela).<\/strong><\/p>\n\n\n\n<p><strong>En \u00a0horas de la noche de ayer dejo de existir\u00a0 en nuestra ciudad ANGELICA YOLANDA GARCIA. La extinta desaparece a los 87 a\u00f1os de edad. Sus restos son velados en la sala velatoria Remedios de Escalada n\u00b0 92 y trasladados al Cementerio municipal de Chascom\u00fas para su inhumaci\u00f3n hoy a las 12.00 Hs.- (Casa Sallaberry)<\/strong><\/p>\n\n\n\n<p><strong><u>NECROL\u00d3GICA RANCHOS<\/u><\/strong><\/p>\n\n\n\n<p><strong>Falleci\u00f3 ayer mi\u00e9rcoles a los 68 a\u00f1os de edad el se\u00f1or JUAN CARLOS TALLARICO. No se realiza velatorio. Responso hoy jueves a la 10:30 horas en la Parroquia Nuestra Se\u00f1ora del Pilar, luego sus restos ser\u00e1n inhumados en el cementerio local. (Salatino-Bilbao)<\/strong><\/p>\n\n\n\n<p><\/p>\n","protected":false},"excerpt":{"rendered":"<p>CUMPLEA\u00d1OS RANCHOS JUEVES 08 DE MAYO: PAOLA MARIELA ROBLEDO, FLORENCIA MARTINEZ, KARINA SOUTHWELL, LUCILA ALONSO, FERNANDO M\u00c1RQUEZ, CARMEN MAZZULLA, PEDRO<\/p>\n","protected":false},"author":3,"featured_media":47075,"comment_status":"open","ping_status":"open","sticky":false,"template":"","format":"standard","meta":{"colormag_page_container_layout":"default_layout","colormag_page_sidebar_layout":"default_layout","footnotes":""},"categories":[1],"tags":[],"class_list":["post-49131","post","type-post","status-publish","format-standard","has-post-thumbnail","hentry","category-actualidad"],"_links":{"self":[{"href":"https:\/\/grupotiempodigital.com.ar\/index.php?rest_route=\/wp\/v2\/posts\/49131","targetHints":{"allow":["GET"]}}],"collection":[{"href":"https:\/\/grupotiempodigital.com.ar\/index.php?rest_route=\/wp\/v2\/posts"}],"about":[{"href":"https:\/\/grupotiempodigital.com.ar\/index.php?rest_route=\/wp\/v2\/types\/post"}],"author":[{"embeddable":true,"href":"https:\/\/grupotiempodigital.com.ar\/index.php?rest_route=\/wp\/v2\/users\/3"}],"replies":[{"embeddable":true,"href":"https:\/\/grupotiempodigital.com.ar\/index.php?rest_route=%2Fwp%2Fv2%2Fcomments&post=49131"}],"version-history":[{"count":2,"href":"https:\/\/grupotiempodigital.com.ar\/index.php?rest_route=\/wp\/v2\/posts\/49131\/revisions"}],"predecessor-version":[{"id":49138,"href":"https:\/\/grupotiempodigital.com.ar\/index.php?rest_route=\/wp\/v2\/posts\/49131\/revisions\/49138"}],"wp:featuredmedia":[{"embeddable":true,"href":"https:\/\/grupotiempodigital.com.ar\/index.php?rest_route=\/wp\/v2\/media\/47075"}],"wp:attachment":[{"href":"https:\/\/grupotiempodigital.com.ar\/index.php?rest_route=%2Fwp%2Fv2%2Fmedia&parent=49131"}],"wp:term":[{"taxonomy":"category","embeddable":true,"href":"https:\/\/grupotiempodigital.com.ar\/index.php?rest_route=%2Fwp%2Fv2%2Fcategories&post=49131"},{"taxonomy":"post_tag","embeddable":true,"href":"https:\/\/grupotiempodigital.com.ar\/index.php?rest_route=%2Fwp%2Fv2%2Ftags&post=49131"}],"curies":[{"name":"wp","href":"https:\/\/api.w.org\/{rel}","templated":true}]}}