{"id":49122,"date":"2025-05-07T08:57:13","date_gmt":"2025-05-07T11:57:13","guid":{"rendered":"https:\/\/grupotiempodigital.com.ar\/?p=49122"},"modified":"2025-05-07T11:06:17","modified_gmt":"2025-05-07T14:06:17","slug":"informacion-social-ranchos-chascomus-pila-280","status":"publish","type":"post","link":"https:\/\/grupotiempodigital.com.ar\/?p=49122","title":{"rendered":"INFORMACI\u00d3N SOCIAL RANCHOS \u2013 CHASCOM\u00daS \u2013 PILA"},"content":{"rendered":"\n<p><strong><u>CUMPLEA\u00d1OS RANCHOS<\/u><\/strong><\/p>\n\n\n\n<p><strong><u>MI\u00c9RCOLES 07 DE MAYO:<\/u><\/strong><strong> OMAR D\u00cdAZ, SILVIA GENARO, AIL\u00c9N D\u00cdAZ.<\/strong><\/p>\n\n\n\n<p><strong><u>FARMACIAS DE TURNO MI\u00c9RCOLES 07 DE MAYO<\/u><\/strong><\/p>\n\n\n\n<p><strong>RANCHOS: DUCLOS (Yrigoyen y Ameghino)<\/strong><\/p>\n\n\n\n<p><strong>CHASCOM\u00daS: DEL NORTE (Omb\u00fa 102) y ALFONS\u00cdN (L. del Sur 133)<\/strong><\/p>\n\n\n\n<p><strong>PIL<\/strong><strong>A: MORISET (17 n\u00ba 227)<\/strong><\/p>\n\n\n\n<p><strong><u>NECROL\u00d3GICAS CHASCOM\u00daS<\/u><\/strong><\/p>\n\n\n\n<p><strong>En horas de la ma\u00f1ana de ayer dejo de existir en nuestra ciudad NELIDA RAQUEL BENVENUTO LEDESMA. La extinta desaparece a los 93 a\u00f1os de edad. Los restos de NELIDA RAQUEL BENVENUTO LEDESMA ser\u00e1n trasladados desde la casa velatoria de Remedios de Escalada N\u00b0 92 hacia el Cementerio municipal hoy a las 11:45<a><\/a> Hs.- (Casa Sallaberry)<\/strong><\/p>\n\n\n\n<p><strong>En horas de la tarde de ayer, dejo de existir en nuestra ciudad MARIA INES ABAD, La extinta desaparece a los 79 a\u00f1os de edad. Los restos de MARIA INES ABAD ser\u00e1n velados en la sala velatoria de Remedios de Escalada N\u00b0 92 desde las 08:30 de hoy y trasladados al crematorio municipal para su inhumaci\u00f3n a las 10.45.- (Casa Sallaberry)<\/strong><\/p>\n\n\n\n<p><strong><u>NECROL\u00d3GICA RANCHOS<\/u><\/strong><\/p>\n\n\n\n<p><strong>El lunes, y por decisi\u00f3n propia falleci\u00f3 en Ranchos a los 41 a\u00f1os de edad EMANUEL ALEJANDRO BENITEZ, sus restos fueron velados en la noche de ayer martes e inhumados hoy mi\u00e9rcoles a las 09:00 horas en el cementerio local. (Servicio Salatino-Bilbao)<\/strong>.<\/p>\n\n\n\n<p><strong>En Servicio Salatino est\u00e1n siendo velados hasta las 13 horas los restos de SOFIA SIVES de 30 a\u00f1os de edad, quien falleci\u00f3 por decisi\u00f3n propia el dia lunes, luego seran inhumados en el cementerio local. (Servicio Salatinop-Bilbao)<\/strong><\/p>\n","protected":false},"excerpt":{"rendered":"<p>CUMPLEA\u00d1OS RANCHOS MI\u00c9RCOLES 07 DE MAYO: OMAR D\u00cdAZ, SILVIA GENARO, AIL\u00c9N D\u00cdAZ. FARMACIAS DE TURNO MI\u00c9RCOLES 07 DE MAYO RANCHOS:<\/p>\n","protected":false},"author":3,"featured_media":47075,"comment_status":"open","ping_status":"open","sticky":false,"template":"","format":"standard","meta":{"colormag_page_container_layout":"default_layout","colormag_page_sidebar_layout":"default_layout","footnotes":""},"categories":[1],"tags":[],"class_list":["post-49122","post","type-post","status-publish","format-standard","has-post-thumbnail","hentry","category-actualidad"],"_links":{"self":[{"href":"https:\/\/grupotiempodigital.com.ar\/index.php?rest_route=\/wp\/v2\/posts\/49122","targetHints":{"allow":["GET"]}}],"collection":[{"href":"https:\/\/grupotiempodigital.com.ar\/index.php?rest_route=\/wp\/v2\/posts"}],"about":[{"href":"https:\/\/grupotiempodigital.com.ar\/index.php?rest_route=\/wp\/v2\/types\/post"}],"author":[{"embeddable":true,"href":"https:\/\/grupotiempodigital.com.ar\/index.php?rest_route=\/wp\/v2\/users\/3"}],"replies":[{"embeddable":true,"href":"https:\/\/grupotiempodigital.com.ar\/index.php?rest_route=%2Fwp%2Fv2%2Fcomments&post=49122"}],"version-history":[{"count":2,"href":"https:\/\/grupotiempodigital.com.ar\/index.php?rest_route=\/wp\/v2\/posts\/49122\/revisions"}],"predecessor-version":[{"id":49130,"href":"https:\/\/grupotiempodigital.com.ar\/index.php?rest_route=\/wp\/v2\/posts\/49122\/revisions\/49130"}],"wp:featuredmedia":[{"embeddable":true,"href":"https:\/\/grupotiempodigital.com.ar\/index.php?rest_route=\/wp\/v2\/media\/47075"}],"wp:attachment":[{"href":"https:\/\/grupotiempodigital.com.ar\/index.php?rest_route=%2Fwp%2Fv2%2Fmedia&parent=49122"}],"wp:term":[{"taxonomy":"category","embeddable":true,"href":"https:\/\/grupotiempodigital.com.ar\/index.php?rest_route=%2Fwp%2Fv2%2Fcategories&post=49122"},{"taxonomy":"post_tag","embeddable":true,"href":"https:\/\/grupotiempodigital.com.ar\/index.php?rest_route=%2Fwp%2Fv2%2Ftags&post=49122"}],"curies":[{"name":"wp","href":"https:\/\/api.w.org\/{rel}","templated":true}]}}