{"id":49119,"date":"2025-05-06T08:49:57","date_gmt":"2025-05-06T11:49:57","guid":{"rendered":"https:\/\/grupotiempodigital.com.ar\/?p=49119"},"modified":"2025-05-06T08:49:58","modified_gmt":"2025-05-06T11:49:58","slug":"efemerides-del-6-de-mayo","status":"publish","type":"post","link":"https:\/\/grupotiempodigital.com.ar\/?p=49119","title":{"rendered":"Efem\u00e9rides del 6 de mayo"},"content":{"rendered":"\n<p><strong>\u00b7<\/strong><strong> SIN DIETAS. Se celebra el D\u00eda Internacional Sin Dietas para reivindicar la aceptaci\u00f3n del cuerpo humano en su diversidad de formas. Tambi\u00e9n para alertar sobre los reg\u00edmenes diet\u00e9ticos exagerados que ponen en riesgo la salud y para prevenir la anorexia y otros des\u00f3rdenes alimentarios.<\/strong><\/p>\n\n\n\n<p><strong>\u00b7&nbsp; 1856 &#8211; SIGMUND FREUD. Nace en la ciudad de Pribor (Imperio Austr\u00edaco, actual Chequia) el m\u00e9dico neur\u00f3logo Sigmund Freud, padre del psicoan\u00e1lisis y uno de los intelectuales m\u00e1s importantes del siglo XX. Sus aportes en la psicolog\u00eda, el pensamiento y la cultura enriquecieron a la sociedad occidental contempor\u00e1nea.<\/strong><\/p>\n\n\n\n<p><strong>\u00b7&nbsp; 1859 &#8211; LUIS MAR\u00cdA DRAGO. Nace en Buenos Aires el abogado y pol\u00edtico Luis Mar\u00eda Drago, destacado por su labor como criminalista al impulsar la creaci\u00f3n en 1888 de la Sociedad Antropol\u00f3gica Jur\u00eddica. Como canciller argentino dict\u00f3 la Doctrina Drago, que en 1902 estableci\u00f3 que ning\u00fan Estado extranjero puede recurrir a la fuerza contra una naci\u00f3n americana con el fin de cobrarle una deuda financiera.<\/strong><\/p>\n\n\n\n<p><strong>\u00b7&nbsp; 1890 &#8211; BAS\u00cdLICA DE LUJ\u00c1N. El sacerdote Jorge Mar\u00eda Salvaire comienza la construcci\u00f3n de la Bas\u00edlica de Nuestra Se\u00f1ora de Luj\u00e1n en la ciudad bonaerense hom\u00f3nima. Las obras estuvieron a cargo del arquitecto franc\u00e9s Uld\u00e9ric Courtois. La bas\u00edlica de la patrona de la Argentina fue inaugurada y bendecida en 1910.<\/strong><\/p>\n\n\n\n<p><strong>\u00b7&nbsp; 1961 &#8211; GEORGE CLOONEY. Nace en la ciudad de Lexington (Kentucky, EEUU) el actor y cineasta estadounidense George Clooney, uno de los m\u00e1s populares de la televisi\u00f3n y del cine de Hollywood, ganador de cuatro Globos de Oro, dos \u00d3scar y un BAFTA. Gan\u00f3 popularidad por el papel del doctor Doug Ross en la serie de televisi\u00f3n Emergencias.<\/strong><\/p>\n\n\n\n<p><strong>\u00b7&nbsp; 1985 &#8211; ESPERANDO LA CARROZA. Se estrena la pel\u00edcula \u201cEsperando la Carroza\u201d, uno de los cl\u00e1sicos del cine argentino de humor costumbrista, dirigida por Alejandro Doria y protagonizada por Antonio Gasalla, China Zorrilla, Luis Brandoni y Betiana Blum. De tono sat\u00edrico, el filme fue adaptado en Brasil, Espa\u00f1a y Portugal.<\/strong><\/p>\n\n\n\n<p><strong>\u00b7&nbsp; 1994 &#8211; INAUGURACI\u00d3N EUROT\u00daNEL. Se inaugura el Eurot\u00fanel entre Francia y el Reino Unido, a trav\u00e9s del Canal de la Mancha. Tiene una longitud de 50,5 kil\u00f3metros, 39 en trayecto submarino a una profundidad de 40 metros. Abri\u00f3 el tr\u00e1nsito de personas y mercader\u00edas entre la ciudad francesa de Calais y la brit\u00e1nica de Folkestone en viajes de unos 35 minutos.<\/strong><\/p>\n\n\n\n<p><strong>\u00b7&nbsp; 2004 &#8211; SERIE FRIENDS. Al cabo de diez temporadas, se emite en Estados Unidos el \u00faltimo episodio de la serie televisiva Friends, una de las m\u00e1s celebradas del g\u00e9nero de comedia de situaci\u00f3n (sitcom). Concluy\u00f3 con \u201cEl \u00faltimo\u201d, cap\u00edtulo doble que fue visto por m\u00e1s de 50 millones de espectadores. La serie se hab\u00eda estrenado en septiembre de 1994.<\/strong><\/p>\n\n\n\n<p><strong>\u00b7&nbsp; 2005 &#8211; RECITAL AUDIOSLAVE. La banda de rock Audioslave se convierte en la primera de Estados Unidos en ofrecer un recital en Cuba. Unos 70.000 espectadores asistieron a su concierto gratuito en La Habana.<\/strong><\/p>\n\n\n\n<p><strong>\u00b7&nbsp; 2015 &#8211; JEROME BOATENG. Se viralizan memes con fotos del defensor del Bayern Munich alem\u00e1n J\u00e9rome Boateng cuando cae de espaldas en un fallido intento por evitar que Lionel Messi anote el segundo gol del Barcelona, en partido que el equipo espa\u00f1ol gan\u00f3 3-0 en semifinales de la Liga de Campeones de Europa. Con Boateng en el piso, \u201cLa pulga\u201d marc\u00f3 el gol al \u201cpinchar\u201d la pelota por encima del arquero.<\/strong><\/p>\n","protected":false},"excerpt":{"rendered":"<p>\u00b7 SIN DIETAS. Se celebra el D\u00eda Internacional Sin Dietas para reivindicar la aceptaci\u00f3n del cuerpo humano en su diversidad<\/p>\n","protected":false},"author":3,"featured_media":47067,"comment_status":"open","ping_status":"open","sticky":false,"template":"","format":"standard","meta":{"colormag_page_container_layout":"default_layout","colormag_page_sidebar_layout":"default_layout","footnotes":""},"categories":[1],"tags":[],"class_list":["post-49119","post","type-post","status-publish","format-standard","has-post-thumbnail","hentry","category-actualidad"],"_links":{"self":[{"href":"https:\/\/grupotiempodigital.com.ar\/index.php?rest_route=\/wp\/v2\/posts\/49119","targetHints":{"allow":["GET"]}}],"collection":[{"href":"https:\/\/grupotiempodigital.com.ar\/index.php?rest_route=\/wp\/v2\/posts"}],"about":[{"href":"https:\/\/grupotiempodigital.com.ar\/index.php?rest_route=\/wp\/v2\/types\/post"}],"author":[{"embeddable":true,"href":"https:\/\/grupotiempodigital.com.ar\/index.php?rest_route=\/wp\/v2\/users\/3"}],"replies":[{"embeddable":true,"href":"https:\/\/grupotiempodigital.com.ar\/index.php?rest_route=%2Fwp%2Fv2%2Fcomments&post=49119"}],"version-history":[{"count":1,"href":"https:\/\/grupotiempodigital.com.ar\/index.php?rest_route=\/wp\/v2\/posts\/49119\/revisions"}],"predecessor-version":[{"id":49120,"href":"https:\/\/grupotiempodigital.com.ar\/index.php?rest_route=\/wp\/v2\/posts\/49119\/revisions\/49120"}],"wp:featuredmedia":[{"embeddable":true,"href":"https:\/\/grupotiempodigital.com.ar\/index.php?rest_route=\/wp\/v2\/media\/47067"}],"wp:attachment":[{"href":"https:\/\/grupotiempodigital.com.ar\/index.php?rest_route=%2Fwp%2Fv2%2Fmedia&parent=49119"}],"wp:term":[{"taxonomy":"category","embeddable":true,"href":"https:\/\/grupotiempodigital.com.ar\/index.php?rest_route=%2Fwp%2Fv2%2Fcategories&post=49119"},{"taxonomy":"post_tag","embeddable":true,"href":"https:\/\/grupotiempodigital.com.ar\/index.php?rest_route=%2Fwp%2Fv2%2Ftags&post=49119"}],"curies":[{"name":"wp","href":"https:\/\/api.w.org\/{rel}","templated":true}]}}