{"id":49117,"date":"2025-05-06T08:48:38","date_gmt":"2025-05-06T11:48:38","guid":{"rendered":"https:\/\/grupotiempodigital.com.ar\/?p=49117"},"modified":"2025-05-06T08:48:39","modified_gmt":"2025-05-06T11:48:39","slug":"informacion-social-ranchos-chascomus-pila-279","status":"publish","type":"post","link":"https:\/\/grupotiempodigital.com.ar\/?p=49117","title":{"rendered":"INFORMACI\u00d3N SOCIAL RANCHOS \u2013 CHASCOM\u00daS \u2013 PILA"},"content":{"rendered":"\n<p><strong><u>CUMPLEA\u00d1OS RANCHOS<\/u><\/strong><\/p>\n\n\n\n<p><strong><u>MARTES 06 DE MAYO:<\/u><\/strong><strong> ANA MARIA ILARREGUI DE TORMO, JOS\u00c9 M. FARJAT, MILAGROS MICAELA NOCITI, DANIELA DELGADO.<\/strong><\/p>\n\n\n\n<p><strong><u>FARMACIAS DE TURNO MARTES 06 DE MAYO<\/u><\/strong><\/p>\n\n\n\n<p><strong>RANCHOS: D\u00b4ANDREA (Campomar y Mois\u00e9s Tinao)<\/strong><\/p>\n\n\n\n<p><strong>CHASCOM\u00daS: PUYSSEGUR (L. del Sur 946) y CANGIALOSI (Garay 56)<\/strong><\/p>\n\n\n\n<p><strong>PIL<\/strong><strong>A: P\u00c9REZ (6 e\/ 11 y 13)<\/strong><\/p>\n\n\n\n<p><strong><u>NECROL\u00d3GICAS CHASCOM\u00daS<\/u><\/strong><\/p>\n\n\n\n<p><strong>Falleci\u00f3 en horas de la tarde de ayer en Chascom\u00fas a los 83 a\u00f1os de edad, Noem\u00ed Argentina QUIROGA. Sus restos ser\u00e1n velados en Sala Velatoria de Castelli 68 hoy martes 06\/05 de 9 a 12 hs., para luego trasladar sus restos hacia la necr\u00f3polis local para su inhumaci\u00f3n. (Sepelios Portela).<\/strong><\/p>\n\n\n\n<p><strong>En&nbsp; horas de la noche de ayer dejo de existir&nbsp; en nuestra ciudad MARIA JOSEFINA INDART. La extinta desaparece a los 90 a\u00f1os de edad. Sus restos ser\u00e1n<a><\/a> velados en la sala velatoria Remedios de Escalada n\u00b092 a partir de las&nbsp; 09 hs hasta las 11.00 hs que&nbsp; ser\u00e1n trasladados al Cementerio municipal de Chascom\u00fas para su cremaci\u00f3n Hs.- (Casa Sallaberry)<\/strong><\/p>\n","protected":false},"excerpt":{"rendered":"<p>CUMPLEA\u00d1OS RANCHOS MARTES 06 DE MAYO: ANA MARIA ILARREGUI DE TORMO, JOS\u00c9 M. FARJAT, MILAGROS MICAELA NOCITI, DANIELA DELGADO. FARMACIAS<\/p>\n","protected":false},"author":3,"featured_media":47075,"comment_status":"open","ping_status":"open","sticky":false,"template":"","format":"standard","meta":{"colormag_page_container_layout":"default_layout","colormag_page_sidebar_layout":"default_layout","footnotes":""},"categories":[1],"tags":[],"class_list":["post-49117","post","type-post","status-publish","format-standard","has-post-thumbnail","hentry","category-actualidad"],"_links":{"self":[{"href":"https:\/\/grupotiempodigital.com.ar\/index.php?rest_route=\/wp\/v2\/posts\/49117","targetHints":{"allow":["GET"]}}],"collection":[{"href":"https:\/\/grupotiempodigital.com.ar\/index.php?rest_route=\/wp\/v2\/posts"}],"about":[{"href":"https:\/\/grupotiempodigital.com.ar\/index.php?rest_route=\/wp\/v2\/types\/post"}],"author":[{"embeddable":true,"href":"https:\/\/grupotiempodigital.com.ar\/index.php?rest_route=\/wp\/v2\/users\/3"}],"replies":[{"embeddable":true,"href":"https:\/\/grupotiempodigital.com.ar\/index.php?rest_route=%2Fwp%2Fv2%2Fcomments&post=49117"}],"version-history":[{"count":1,"href":"https:\/\/grupotiempodigital.com.ar\/index.php?rest_route=\/wp\/v2\/posts\/49117\/revisions"}],"predecessor-version":[{"id":49118,"href":"https:\/\/grupotiempodigital.com.ar\/index.php?rest_route=\/wp\/v2\/posts\/49117\/revisions\/49118"}],"wp:featuredmedia":[{"embeddable":true,"href":"https:\/\/grupotiempodigital.com.ar\/index.php?rest_route=\/wp\/v2\/media\/47075"}],"wp:attachment":[{"href":"https:\/\/grupotiempodigital.com.ar\/index.php?rest_route=%2Fwp%2Fv2%2Fmedia&parent=49117"}],"wp:term":[{"taxonomy":"category","embeddable":true,"href":"https:\/\/grupotiempodigital.com.ar\/index.php?rest_route=%2Fwp%2Fv2%2Fcategories&post=49117"},{"taxonomy":"post_tag","embeddable":true,"href":"https:\/\/grupotiempodigital.com.ar\/index.php?rest_route=%2Fwp%2Fv2%2Ftags&post=49117"}],"curies":[{"name":"wp","href":"https:\/\/api.w.org\/{rel}","templated":true}]}}