{"id":49110,"date":"2025-05-05T10:09:53","date_gmt":"2025-05-05T13:09:53","guid":{"rendered":"https:\/\/grupotiempodigital.com.ar\/?p=49110"},"modified":"2025-05-05T11:41:54","modified_gmt":"2025-05-05T14:41:54","slug":"anses-calendarios-de-pagos-de-mayo-2","status":"publish","type":"post","link":"https:\/\/grupotiempodigital.com.ar\/?p=49110","title":{"rendered":"ANSES: CALENDARIOS DE PAGOS DE MAYO"},"content":{"rendered":"\n<p>ANSES, organismo dependiente del Ministerio de Capital Humano, comunica los calendarios de pagos de&nbsp;<strong>mayo<\/strong>&nbsp;para jubilados, pensionados y titulares de Pensiones No Contributivas (PNC), Asignaci\u00f3n Universal por Hijo, Asignaci\u00f3n por Embarazo, Asignaciones Familiares y Prestaci\u00f3n por Desempleo.<\/p>\n\n\n\n<p><strong>Jubilaciones y pensiones que no superen un haber m\u00ednimo<\/strong><\/p>\n\n\n\n<p>\u2022 DNI terminados en 0: 9 de mayo<\/p>\n\n\n\n<p>\u2022 DNI terminados en 1: 12 de mayo<\/p>\n\n\n\n<p>\u2022 DNI terminados en 2: 13 de mayo<\/p>\n\n\n\n<p>\u2022 DNI terminados en 3: 14 de mayo<\/p>\n\n\n\n<p>\u2022 DNI terminados en 4: 15 de mayo<\/p>\n\n\n\n<p>\u2022 DNI terminados en 5: 16 de mayo<\/p>\n\n\n\n<p>\u2022 DNI terminados en 6: 19 de mayo<\/p>\n\n\n\n<p>\u2022 DNI terminados en 7: 20 de mayo<\/p>\n\n\n\n<p>\u2022 DNI terminados en 8: 21 de mayo<\/p>\n\n\n\n<p>\u2022 DNI terminados en 9: 22 de mayo<\/p>\n\n\n\n<p><strong>Jubilaciones y pensiones que superen un haber m\u00ednimo<\/strong><\/p>\n\n\n\n<p>\u2022 DNI terminados en 0 y 1: 23 de mayo<\/p>\n\n\n\n<p>\u2022 DNI terminados en 2 y 3: 26 de mayo<\/p>\n\n\n\n<p>\u2022 DNI terminados en 4 y 5: 27 de mayo<\/p>\n\n\n\n<p>\u2022 DNI terminados en 6 y 7: 28 de mayo<\/p>\n\n\n\n<p>\u2022 DNI terminados en 8 y 9: 29 de mayo<\/p>\n\n\n\n<p><strong>Asignaci\u00f3n Universal por Hijo y Asignaci\u00f3n Familiar por Hijo<\/strong><\/p>\n\n\n\n<p>\u2022 DNI terminados en 0: 9 de mayo<\/p>\n\n\n\n<p>\u2022 DNI terminados en 1: 12 de mayo<\/p>\n\n\n\n<p>\u2022 DNI terminados en 2: 13 de mayo<\/p>\n\n\n\n<p>\u2022 DNI terminados en 3: 14 de mayo<\/p>\n\n\n\n<p>\u2022 DNI terminados en 4: 15 de mayo<\/p>\n\n\n\n<p>\u2022 DNI terminados en 5: 16 de mayo<\/p>\n\n\n\n<p>\u2022 DNI terminados en 6: 19 de mayo<\/p>\n\n\n\n<p>\u2022 DNI terminados en 7: 20 de mayo<\/p>\n\n\n\n<p>\u2022 DNI terminados en 8: 21 de mayo<\/p>\n\n\n\n<p>\u2022 DNI terminados en 9: 22 de mayo<\/p>\n\n\n\n<p><strong>Asignaci\u00f3n por Embarazo<\/strong><\/p>\n\n\n\n<p>\u2022 DNI terminados en 0: 12 de mayo<\/p>\n\n\n\n<p>\u2022 DNI terminados en 1:&nbsp; 13 de mayo<\/p>\n\n\n\n<p>\u2022 DNI terminados en 2: 14 de mayo<\/p>\n\n\n\n<p>\u2022 DNI terminados en 3: 15 de mayo<\/p>\n\n\n\n<p>\u2022 DNI terminados en 4: 16 de mayo<\/p>\n\n\n\n<p>\u2022 DNI terminados en 5: 19 de mayo<\/p>\n\n\n\n<p>\u2022 DNI terminados en 6: 20 de mayo<\/p>\n\n\n\n<p>\u2022 DNI terminados en 7: 21 de mayo<\/p>\n\n\n\n<p>\u2022 DNI terminados en 8: 22 de mayo<\/p>\n\n\n\n<p>\u2022 DNI terminados en 9: 23 de mayo<\/p>\n\n\n\n<p><strong>Asignaci\u00f3n por Prenatal y Maternidad<\/strong><\/p>\n\n\n\n<p>\u2022 DNI terminados en 0 y 1: 14 de mayo<\/p>\n\n\n\n<p>\u2022 DNI terminados en 2 y 3: 15 de mayo<\/p>\n\n\n\n<p>\u2022 DNI terminados en 4 y 5: 16 de mayo<\/p>\n\n\n\n<p>\u2022 DNI terminados en 6 y 7: 19 de mayo<\/p>\n\n\n\n<p>\u2022 DNI terminados en 8 y 9: 20 de mayo<\/p>\n\n\n\n<p><strong>Asignaciones Pago \u00danico (Matrimonio, Nacimiento, Adopci\u00f3n)<\/strong><\/p>\n\n\n\n<p>\u2022 Todas las terminaciones de documento: 12 de mayo al 11 de junio<\/p>\n\n\n\n<p><strong>Pensiones No Contributivas<\/strong><\/p>\n\n\n\n<p>\u2022 DNI terminados en 0 y 1: 9 de mayo<\/p>\n\n\n\n<p>\u2022 DNI terminados en 2 y 3: 12 de mayo<\/p>\n\n\n\n<p>\u2022 DNI terminados en 4 y 5: 13 de mayo<\/p>\n\n\n\n<p>\u2022 DNI terminados en 6 y 7: 14 de mayo<\/p>\n\n\n\n<p>\u2022 DNI terminados en 8 y 9: 15 de mayo<\/p>\n\n\n\n<p><strong>Asignaciones Familiares de Pensiones No Contributivas<\/strong><\/p>\n\n\n\n<p>\u2022 Todas las terminaciones de documento: 9 de mayo al 11 de junio<\/p>\n\n\n\n<p><strong>Prestaci\u00f3n por Desempleo<\/strong><\/p>\n\n\n\n<p>\u2022 DNI terminados en 0 y 1: 23 de mayo<\/p>\n\n\n\n<p>\u2022 DNI terminados en 2 y 3: 26 de mayo<\/p>\n\n\n\n<p>\u2022 DNI terminados en 4 y 5: 27 de mayo<\/p>\n\n\n\n<p>\u2022 DNI terminados en 6 y 7: 28 de mayo<\/p>\n\n\n\n<p>\u2022 DNI terminados en 8 y 9: 29 de mayo<\/p>\n\n\n\n<p class=\"has-medium-font-size\"><strong>LAS JUBILACIONES, PENSIONES Y ASIGNACIONES AUMENTAR\u00c1N 3,73 POR CIENTO EN MAYO<\/strong><\/p>\n\n\n\n<p>ANSES, organismo dependiente del Ministerio de Capital Humano, informa que las jubilaciones, pensiones y asignaciones tendr\u00e1n un incremento en<strong>&nbsp;mayo<\/strong>&nbsp;del&nbsp;<strong>3,73 por ciento<\/strong>, por la f\u00f3rmula de movilidad que toma como referencia el \u00cdndice de Precios al Consumidor (IPC) de marzo publicado por el Instituto Nacional de Estad\u00edstica y Censos (INDEC).<\/p>\n\n\n\n<p>Adem\u00e1s, los titulares de jubilaciones y pensiones con haberes m\u00ednimos cobrar\u00e1n, con el calendario de pagos habitual, un<strong>&nbsp;bono de 70 mil pesos<\/strong>, por lo que la suma total que percibir\u00e1n ser\u00e1 de<strong>&nbsp;366.481,74 pesos&nbsp;<\/strong>(296.481,74 pesos de haber m\u00ednimo con aumento + 70 mil pesos de bono)<strong>.&nbsp;<\/strong>En tanto, quienes superen el m\u00ednimo tendr\u00e1n un bono proporcional hasta alcanzar los 366.481,74 pesos.<\/p>\n\n\n\n<p>La&nbsp;Pensi\u00f3n Universal para el Adulto Mayor (PUAM) ser\u00e1 de&nbsp;<strong>307.185,39 pesos&nbsp;<\/strong>(237.185,39 pesos de haber con aumento + 70 mil pesos de bono) y las Pensiones No Contributivas (PNC) por Invalidez y Vejez, de&nbsp;<strong>277.537,22 pesos<\/strong>&nbsp;(207.537,22 pesos de haber con aumento + 70 mil pesos de bono).&nbsp;<\/p>\n\n\n\n<p>En tanto, la Asignaci\u00f3n Universal por Hijo (AUH) ascender\u00e1 a&nbsp;<strong>106.536 pesos<\/strong>; la AUH por Hijo con Discapacidad, a&nbsp;<strong>346.901 pesos<\/strong>, y la Asignaci\u00f3n Familiar por Hijo, a&nbsp;<strong>53.271 pesos<\/strong>&nbsp;para el primer rango de ingresos.<\/p>\n","protected":false},"excerpt":{"rendered":"<p>ANSES, organismo dependiente del Ministerio de Capital Humano, comunica los calendarios de pagos de&nbsp;mayo&nbsp;para jubilados, pensionados y titulares de Pensiones<\/p>\n","protected":false},"author":3,"featured_media":46966,"comment_status":"open","ping_status":"open","sticky":false,"template":"","format":"standard","meta":{"colormag_page_container_layout":"default_layout","colormag_page_sidebar_layout":"default_layout","footnotes":""},"categories":[1],"tags":[],"class_list":["post-49110","post","type-post","status-publish","format-standard","has-post-thumbnail","hentry","category-actualidad"],"_links":{"self":[{"href":"https:\/\/grupotiempodigital.com.ar\/index.php?rest_route=\/wp\/v2\/posts\/49110","targetHints":{"allow":["GET"]}}],"collection":[{"href":"https:\/\/grupotiempodigital.com.ar\/index.php?rest_route=\/wp\/v2\/posts"}],"about":[{"href":"https:\/\/grupotiempodigital.com.ar\/index.php?rest_route=\/wp\/v2\/types\/post"}],"author":[{"embeddable":true,"href":"https:\/\/grupotiempodigital.com.ar\/index.php?rest_route=\/wp\/v2\/users\/3"}],"replies":[{"embeddable":true,"href":"https:\/\/grupotiempodigital.com.ar\/index.php?rest_route=%2Fwp%2Fv2%2Fcomments&post=49110"}],"version-history":[{"count":2,"href":"https:\/\/grupotiempodigital.com.ar\/index.php?rest_route=\/wp\/v2\/posts\/49110\/revisions"}],"predecessor-version":[{"id":49114,"href":"https:\/\/grupotiempodigital.com.ar\/index.php?rest_route=\/wp\/v2\/posts\/49110\/revisions\/49114"}],"wp:featuredmedia":[{"embeddable":true,"href":"https:\/\/grupotiempodigital.com.ar\/index.php?rest_route=\/wp\/v2\/media\/46966"}],"wp:attachment":[{"href":"https:\/\/grupotiempodigital.com.ar\/index.php?rest_route=%2Fwp%2Fv2%2Fmedia&parent=49110"}],"wp:term":[{"taxonomy":"category","embeddable":true,"href":"https:\/\/grupotiempodigital.com.ar\/index.php?rest_route=%2Fwp%2Fv2%2Fcategories&post=49110"},{"taxonomy":"post_tag","embeddable":true,"href":"https:\/\/grupotiempodigital.com.ar\/index.php?rest_route=%2Fwp%2Fv2%2Ftags&post=49110"}],"curies":[{"name":"wp","href":"https:\/\/api.w.org\/{rel}","templated":true}]}}