{"id":49106,"date":"2025-05-05T09:00:34","date_gmt":"2025-05-05T12:00:34","guid":{"rendered":"https:\/\/grupotiempodigital.com.ar\/?p=49106"},"modified":"2025-05-05T09:00:35","modified_gmt":"2025-05-05T12:00:35","slug":"rally-de-lavalle-los-centorame-se-dieron-un-gran-gusto-en-su-tierra","status":"publish","type":"post","link":"https:\/\/grupotiempodigital.com.ar\/?p=49106","title":{"rendered":"Rally de Lavalle: Los Centorame se dieron un gran gusto en su tierra"},"content":{"rendered":"\n<h1 class=\"wp-block-heading\"><\/h1>\n\n\n\n<p><a href=\"https:\/\/www.rallymarysierras.com.ar\/wp-content\/uploads\/2025\/05\/Centorame-5.jpeg\"><\/a>Un festejo bien familiar. Sergio Centorame y Delfina Centorame, padre e hija, se lucieron de locales y se quedaron con esta edici\u00f3n del Rally de General Lavalle en lo que fue el estreno al mando del poderoso del Hyundai i20 Rally2, veh\u00edculo que oficialmente tambi\u00e9n tuvo su debut dentro del certamen Mar y Sierras.<\/p>\n\n\n\n<p>La categor\u00eda disput\u00f3 la tercera cita de su calendario 2025 en los pagos de Santos Vega de manera m\u00e1s que exitosa, con un total de 14 tramos que se largaron todos a horario, sin retrasos, y con una competencia que para los protagonistas siempre tiene su condimento especial pese a repetirse el paso por los sectores de La Isla (de 9,16 km) y Sociedad Rural (6,25).<\/p>\n\n\n\n<p>De principio a fin, los Centorame fueron de menor a mayor conociendo las bondades de ese auto y no tuvieron problemas en dominar tanto en la RC2 como en la Clasificaci\u00f3n General, donde finalmente superaron por 5:32.2 a Jorge Villarino\/Sebasti\u00e1n Urriza (Renault Clio\/Junior).<\/p>\n\n\n\n<p>\u201cSue\u00f1o completo. Se dio todo perfecto: una carrera espectacular, much\u00edsima gente en los caminos, correr con este tipo de auto en nuestro pueblo y nosotros poder estar un poco a la altura de las circunstancias. La verdad que un placer inmenso\u201d, indic\u00f3 el piloto vencedor.<\/p>\n\n\n\n<p>Al momento de repasar lo sucedido en tierras lavallenses en cada divisional, luego del dominio de ayer, Eduardo Lonati\/Jos\u00e9 Bellido (Subaru Impreza) no sufrieron sobresaltos en esta jornada y se quedaron con el festejo en la RC2S, superando por 14:49.4 a Jos\u00e9 Luis Catera\/Daniel Ram\u00edrez (Subaru) y por 39:01.3 a los reenganchados Adri\u00e1n Gabotto\/Juan Cruz D\u00edaz (Toyota Etios), que fueron los mejores del domingo.<\/p>\n\n\n\n<p>La Clase A tuvo incertidumbre hasta el final. A la \u00faltima asistencia, la dupla de Mauricio Segura\/Braian Figueroa lleg\u00f3 con 7.8 segundos respecto a los escoltas C\u00e9sar Bilbao\/Sebasti\u00e1n Brescia (Gol), aunque penalizaron 40 segundos al salir tarde y eso los dej\u00f3 sin festejo, algo que qued\u00f3 para el piloto de Nicanor Otamendi, que aventaj\u00f3 a su rival por 24.1 segundos; en tanto el podio lo completaron Mario Llinas\/Bautista Llinas (reenganchados con el Gol).<\/p>\n\n\n\n<p>Una dupla que sigue bien derecho en esta temporada es la de Villarino\/Urriza, ya que mantuvieron el invicto al sumar el tercer \u00e9xito del a\u00f1o. En esta ocasi\u00f3n, y luego de adue\u00f1arse de nueve tramos, superaron por 40.1 segundos a Ricardo Martinoglio\/Claudio Muciachio (Renault Clio) y por 3:00.6 a Pablo Lonati\/Pablo Bohl (DS3).<\/p>\n\n\n\n<p>De principio a fin tambi\u00e9n fue el dominio de Juan Melon Gil\/Mart\u00edn Ayciriez, que con total autoridad vencieron en la N3. Con el VW Gol sumaron 12 de los 14 tramos disputados y doblegaron por 2:04.5 a los escoltas Rub\u00e9n Manzoni\/Cristian Santiago (Gol) y por 14:28.9 a los terceros Carlos Zegbi\/Agust\u00edn Arriondo (Peugeot 206).<\/p>\n\n\n\n<p>Yendo de menos a m\u00e1s (luego de arrancar con un trompo en la PE2), C\u00e9sar Buide\/Enrique De Mare (Gol) consiguieron arrebatarle este domingo el mando de la Clase N7 a los locales Federico Flores y Martina Flores (que penaron con dos roturas de neum\u00e1ticos en su Gol) y quedarse con la celebraci\u00f3n, aventaj\u00e1ndolos por 30.4 segundos; en tanto que el podio lo completaron Diego Scigliano\/Dar\u00edo Bericiartua (+11:26.5 con el Gol).<\/p>\n\n\n\n<p>Como ya es costumbre, la RC5 nuevamente entreg\u00f3 pelea hasta el tramo final. Y en esa batalla, los m\u00e1s efectivos fueron Nicanor Bianco y Hern\u00e1n Salvador, quienes con el Peugeot 207 sumaron otro triunfo luego de doblegar por 6.6 segundos a Pablo Veiras\/Alfonzo Mutio (Toyota Etios) y por 1:12.7 a Norberto Penelo\/Emanuel Penna (Toyota Etios).<br \/>En la N1, este domingo la prematura baja de Agust\u00edn D\u00edaz\/Leonardo D\u00edaz (que eran l\u00edderes hasta tener problemas con el embargue en su VW Gol) le dej\u00f3 el camino allanado al binomio de Gast\u00f3n Luna\/Milena Genta (Gol), que celebr\u00f3 luego de aventajar por 3.8 segundos a Ezequiel Manzo\/Ivana Garc\u00eda (Gol) y por 50.4 a Cristian Ferrari\/Pablo Galilea(Gol).<br \/>La N1 Light tuvo un gran golpe de escena en el \u00faltimo tramo, porque tras llegar al final Juan Pablo Labarere\/Lisandro Santi se quedaban con el triunfo, pero la rotura del motor del VW Gol no les permiti\u00f3 llegar al Parque Cerrado final y de esta manera el triunfo qued\u00f3 en manos de Facundo Gabilondo\/Mariano Heim, el segundo consecutivo para la dupla de Villa Gesell que los mete de lleno en la lucha por el campeonto, en su primer a\u00f1o dentro de la categor\u00eda. Segundos quedaron Daniel Valdez\/Eduardo Fern\u00e1ndez.<\/p>\n\n\n\n<p>Mientras que en la AH, Gast\u00f3n Martino\/Sebasti\u00e1n Martino tambi\u00e9n supieron administrar diferencias en esta jornada final para superar por 1:33.8 a Juan Carlos Mui\u00f1o\/Erica Rodogno (VW Gol) y por 8:49.6 a Renzo Fileni\/Daniel Jaime (Gol).<\/p>\n\n\n\n<p>Clasificaci\u00f3n General Final por Clases:<\/p>\n\n\n\n<p>RC2:<br \/>S. Centorame\/D. Centorame (Hyundai i20 Rally2) 1.12:39.7<\/p>\n\n\n\n<p>RC2S:<br \/>1) E. Lonati\/J. Bellido (Subaru Impreza) 1.21:08.6<br \/>2) J. L. Catera\/D. Ram\u00edrez (Subaru Sport) +14:49.4<br \/>3) A. Gabotto\/J. C. Diaz (Toyota Etios) +39:01.3<\/p>\n\n\n\n<p>JUNIOR:<br \/>1) J. Villarino\/S. Urriza (Renault Clio) 1.18:11.9<br \/>2) R. Martinoglio\/C. Muciachio (Renault Clio) +40.1<br \/>3) P. Lonati\/P. Bohl (Citro\u00ebn DS3) +3:00.6<\/p>\n\n\n\n<p>A:<br \/>1) C. Bilbao\/S. Brescia (VW Gol) 1.22:02.0<br \/>2) Mau. Segura\/B. Figueroa (VW Gol) +24.1<br \/>3) M. Llinas\/ Llinas (VW Gol) +34:06.7<br \/>4) Mat. Segura\/M. Racioppe (VW Gol) +47:24.5<br \/>5) M. Minetti\/L. Bahillo (VW Gol) +56:52.2<br \/>6) A. Brossa\/G. Mor\u00e1n (VW Gol) +1.19:16.3<\/p>\n\n\n\n<p>N7:<br \/>1) C. Buide\/E. De Mare (VW Gol) 1.22:00.2<br \/>2) F. Flores\/M. Flores (VW Gol) +30.4<br \/>3) D. Scigliano\/D. Bericiartua (VW Gol) +11:26.5<br \/>4) J. Bastan\/P. M\u00e1rquez (VW Gol) +16:06.1<br \/>5) P. Zocchi\/V. Jambrina (VW Gol) +20:34.4<br \/>6) P. Macchi\/F. Macchi (VW Gol) +1.01:21.9<\/p>\n\n\n\n<p>N3:<br \/>1) J. Melon Gil\/M. Ayciriez (VW Gol) 1.27:22.0<br \/>2) R. Manzoni\/C. Santiago (VW Gol) +2:04.5<br \/>3) C. Zegbi\/A. Arriondo (Peugeot 206) +14:28.9<\/p>\n\n\n\n<p>RC5:<br \/>1) N. Bianco\/H. Salvador (Peugeot 207) 1.21:54.8<br \/>2) P. Veiras\/A. Mutio (Toyota Etios) +6.6<br \/>3) N. Penelo\/E. Penna (Toyota Etios) +1:12.7<br \/>4) M. Sancho\/S. Hagg (Toyota Etios) +2:03.2<br \/>5) F. Bianco\/V. Hurwitz (Peugeot 207) +3:11.2<br \/>6) P. Carcano\/D. Ramirez (Peugeot 206) +6:11.9<br \/>7) B. Dom\u00ednguez\/G. Villalba (VW Gol) +7:05.6<br \/>8) Mar. P\u00e9rez De Marco\/I. Rivolta (Ford Fiesta) +23:41.3<br \/>9) Mau. P\u00e9rez De Marco\/C. Varela (Ford Fiesta) +1.20:12.9<\/p>\n\n\n\n<p>N1:<br \/>1) G. Luna\/M. Genta (VW Gol) 1.23:18.4<br \/>2) E. Manzo\/I. Garc\u00eda (VW Gol) +35.8<br \/>3) C. Ferrari\/P. Galilea (VW Gol) +50.4<br \/>4) J. Renzi\/T. Magdalena (VW Gol) +1:46.5<br \/>5) H. Renzi\/B. Ferreyra (Peugeot 206) +15:37.5<br \/>6) R. Luj\u00e1n\/V. Ru\u00edz (VW Gol) +59:57.3<\/p>\n\n\n\n<p>N1L:<br \/>1) F. Gabilondo\/M. Heim (VW Gol)<br \/>2) D. Valdez\/E. Fern\u00e1ndez (VW Gol) +7:11.0<br \/>3) J. Pasini\/M. Pasini (VW Gol) +1.00:48.2<\/p>\n\n\n\n<p>AH:<br \/>1) G. Martino\/S. Martino(VW Senda) 1.30:50.5<br \/>2) J. C. Mui\u00f1o\/E. Rodogno (VW Gol) +1:33.8<br \/>3) R. Fileni\/D. Jaime (VW Gol) +8:49.6<br \/>4) G. Pe\u00f1a\/F. Pe\u00f1a (VW Gol) +35:31.3<\/p>\n","protected":false},"excerpt":{"rendered":"<p>Un festejo bien familiar. Sergio Centorame y Delfina Centorame, padre e hija, se lucieron de locales y se quedaron con<\/p>\n","protected":false},"author":3,"featured_media":49016,"comment_status":"open","ping_status":"open","sticky":false,"template":"","format":"standard","meta":{"colormag_page_container_layout":"default_layout","colormag_page_sidebar_layout":"default_layout","footnotes":""},"categories":[1],"tags":[],"class_list":["post-49106","post","type-post","status-publish","format-standard","has-post-thumbnail","hentry","category-actualidad"],"_links":{"self":[{"href":"https:\/\/grupotiempodigital.com.ar\/index.php?rest_route=\/wp\/v2\/posts\/49106","targetHints":{"allow":["GET"]}}],"collection":[{"href":"https:\/\/grupotiempodigital.com.ar\/index.php?rest_route=\/wp\/v2\/posts"}],"about":[{"href":"https:\/\/grupotiempodigital.com.ar\/index.php?rest_route=\/wp\/v2\/types\/post"}],"author":[{"embeddable":true,"href":"https:\/\/grupotiempodigital.com.ar\/index.php?rest_route=\/wp\/v2\/users\/3"}],"replies":[{"embeddable":true,"href":"https:\/\/grupotiempodigital.com.ar\/index.php?rest_route=%2Fwp%2Fv2%2Fcomments&post=49106"}],"version-history":[{"count":1,"href":"https:\/\/grupotiempodigital.com.ar\/index.php?rest_route=\/wp\/v2\/posts\/49106\/revisions"}],"predecessor-version":[{"id":49107,"href":"https:\/\/grupotiempodigital.com.ar\/index.php?rest_route=\/wp\/v2\/posts\/49106\/revisions\/49107"}],"wp:featuredmedia":[{"embeddable":true,"href":"https:\/\/grupotiempodigital.com.ar\/index.php?rest_route=\/wp\/v2\/media\/49016"}],"wp:attachment":[{"href":"https:\/\/grupotiempodigital.com.ar\/index.php?rest_route=%2Fwp%2Fv2%2Fmedia&parent=49106"}],"wp:term":[{"taxonomy":"category","embeddable":true,"href":"https:\/\/grupotiempodigital.com.ar\/index.php?rest_route=%2Fwp%2Fv2%2Fcategories&post=49106"},{"taxonomy":"post_tag","embeddable":true,"href":"https:\/\/grupotiempodigital.com.ar\/index.php?rest_route=%2Fwp%2Fv2%2Ftags&post=49106"}],"curies":[{"name":"wp","href":"https:\/\/api.w.org\/{rel}","templated":true}]}}