{"id":49100,"date":"2025-05-05T08:52:16","date_gmt":"2025-05-05T11:52:16","guid":{"rendered":"https:\/\/grupotiempodigital.com.ar\/?p=49100"},"modified":"2025-05-05T08:52:17","modified_gmt":"2025-05-05T11:52:17","slug":"informacion-social-ranchos-chascomus-pila-278","status":"publish","type":"post","link":"https:\/\/grupotiempodigital.com.ar\/?p=49100","title":{"rendered":"INFORMACI\u00d3N SOCIAL RANCHOS \u2013 CHASCOM\u00daS \u2013 PILA"},"content":{"rendered":"\n<p><strong><u>CUMPLEA\u00d1OS RANCHOS<\/u><\/strong><\/p>\n\n\n\n<p><strong><u>LUNES 05 DE MAYO:<\/u><\/strong><strong> PABLO FERN\u00c1NDEZ, ANAL\u00cdA LEBRERO, ANABEL G\u00d3MEZ, PATRICIA URIBARRI CALDER\u00d3N, NATALIA BARRAG\u00c1N LARROUD\u00c9, DARIO LU\u00cdS DOBLER.<\/strong><\/p>\n\n\n\n<p><strong><u>FARMACIAS DE TURNO LUNES 05 DE MAYO<\/u><\/strong><\/p>\n\n\n\n<p><strong>RANCHOS: BRAMBILLA (Garay y Betbez\u00e9)<\/strong><\/p>\n\n\n\n<p><strong>CHASCOM\u00daS: PASTEUR (L. del Sur 302) y FARMASUR (Lastra y B. Blanca)<\/strong><\/p>\n\n\n\n<p><strong>PIL<\/strong><strong>A: P\u00c9REZ (6 e\/ 11 y 13)<\/strong><\/p>\n\n\n\n<p><strong><u>NECROL\u00d3GICA CHASCOM\u00daS<\/u><\/strong><\/p>\n\n\n\n<p><strong>Falleci\u00f3 en horas de la madrugada en Chascom\u00fas a los 88 a\u00f1os de edad, Elsa Tomasa SILVA. Sus restos ser\u00e1n velados en Sala Velatoria de Castelli 68 hoy lunes 05 de 7 a 10 hs., para luego trasladar sus restos hacia la necr\u00f3polis local para su posterior inhumaci\u00f3n. &nbsp;(Sepelios Portela).<\/strong><\/p>\n","protected":false},"excerpt":{"rendered":"<p>CUMPLEA\u00d1OS RANCHOS LUNES 05 DE MAYO: PABLO FERN\u00c1NDEZ, ANAL\u00cdA LEBRERO, ANABEL G\u00d3MEZ, PATRICIA URIBARRI CALDER\u00d3N, NATALIA BARRAG\u00c1N LARROUD\u00c9, DARIO LU\u00cdS<\/p>\n","protected":false},"author":3,"featured_media":47075,"comment_status":"open","ping_status":"open","sticky":false,"template":"","format":"standard","meta":{"colormag_page_container_layout":"default_layout","colormag_page_sidebar_layout":"default_layout","footnotes":""},"categories":[1],"tags":[],"class_list":["post-49100","post","type-post","status-publish","format-standard","has-post-thumbnail","hentry","category-actualidad"],"_links":{"self":[{"href":"https:\/\/grupotiempodigital.com.ar\/index.php?rest_route=\/wp\/v2\/posts\/49100","targetHints":{"allow":["GET"]}}],"collection":[{"href":"https:\/\/grupotiempodigital.com.ar\/index.php?rest_route=\/wp\/v2\/posts"}],"about":[{"href":"https:\/\/grupotiempodigital.com.ar\/index.php?rest_route=\/wp\/v2\/types\/post"}],"author":[{"embeddable":true,"href":"https:\/\/grupotiempodigital.com.ar\/index.php?rest_route=\/wp\/v2\/users\/3"}],"replies":[{"embeddable":true,"href":"https:\/\/grupotiempodigital.com.ar\/index.php?rest_route=%2Fwp%2Fv2%2Fcomments&post=49100"}],"version-history":[{"count":1,"href":"https:\/\/grupotiempodigital.com.ar\/index.php?rest_route=\/wp\/v2\/posts\/49100\/revisions"}],"predecessor-version":[{"id":49101,"href":"https:\/\/grupotiempodigital.com.ar\/index.php?rest_route=\/wp\/v2\/posts\/49100\/revisions\/49101"}],"wp:featuredmedia":[{"embeddable":true,"href":"https:\/\/grupotiempodigital.com.ar\/index.php?rest_route=\/wp\/v2\/media\/47075"}],"wp:attachment":[{"href":"https:\/\/grupotiempodigital.com.ar\/index.php?rest_route=%2Fwp%2Fv2%2Fmedia&parent=49100"}],"wp:term":[{"taxonomy":"category","embeddable":true,"href":"https:\/\/grupotiempodigital.com.ar\/index.php?rest_route=%2Fwp%2Fv2%2Fcategories&post=49100"},{"taxonomy":"post_tag","embeddable":true,"href":"https:\/\/grupotiempodigital.com.ar\/index.php?rest_route=%2Fwp%2Fv2%2Ftags&post=49100"}],"curies":[{"name":"wp","href":"https:\/\/api.w.org\/{rel}","templated":true}]}}