{"id":49095,"date":"2025-05-02T11:50:35","date_gmt":"2025-05-02T14:50:35","guid":{"rendered":"https:\/\/grupotiempodigital.com.ar\/?p=49095"},"modified":"2025-05-02T11:50:36","modified_gmt":"2025-05-02T14:50:36","slug":"rally-mar-y-sierras-se-corre-la-tercera-fecha-del-campeonato-en-general-lavalle","status":"publish","type":"post","link":"https:\/\/grupotiempodigital.com.ar\/?p=49095","title":{"rendered":"RALLY MAR Y SIERRAS: SE CORRE LA TERCERA FECHA DEL CAMPEONATO EN GENERAL LAVALLE"},"content":{"rendered":"\n<p>La cita en tierras lavallenses tendr\u00e1 dos Pruebas Especiales diferentes La Isla (9,16 Km) y Sociedad Rural (6,25 Km), las cuales se recorrer\u00e1n, en ese orden, cuatro veces cada una en la primera etapa y en tres oportunidades durante la segunda.<\/p>\n\n\n\n<p>La carrera se pondr\u00e1 en marcha el s\u00e1bado 3, a la hora 10:08 hs, mientras que la octava (\u00faltima) P.E del d\u00eda est\u00e1 programada a las 16:44 hs, como explicamos en l\u00edneas anteriores con cuatro rulos a lo largo de la jornada, disput\u00e1ndose 61,64 kil\u00f3metros de velocidad en esa etapa.<\/p>\n\n\n\n<p>Durante el domingo est\u00e1 previsto que se recorran los 46,23 km restantes de tramos cronometrados, transitando en tres ocasiones mas los mismos sectores, dando inicio a las 8:58 y largando la \u00faltima 13:38.<\/p>\n\n\n\n<p>El viernes, durante la previa, se llevar\u00e1n a cabo las verificaciones, desde la hora 9:30; la administrativa extendi\u00e9ndose hasta las 14 y la t\u00e9cnica hasta las 16, ambas en el Parque de Servicios, que estar\u00e1 ubicado en el Predio Santos Vega.<\/p>\n\n\n\n<p>Las pruebas libres (shakedown) tendr\u00e1n lugar desde las 14 hasta las 16:30, mientras que a partir de las 18:30 ser\u00e1 la Reuni\u00f3n de Pilotos en la Casa de la Cultura y media hora despu\u00e9s comenzar\u00e1 la ceremonia de largada promocional en las puertas de la Municipalidad, sobre la calle Bartolom\u00e9 Mitre.<\/p>\n\n\n\n<p>Hasta el momento son 62 los inscriptos.<\/p>\n\n\n\n<p>PILOTOS DE RANCHOS<\/p>\n\n\n\n<p>PEDRO MACCHI &#8211; FRANCO MACCHI (GOL) N7<\/p>\n\n\n\n<p>OSCAR FERREYRA \u2013 JULI\u00c1N CHECA (GOL) N1<\/p>\n\n\n\n<p>JUAN PABLO LABARERE \u2013 LISANDRO SANTI (FORD KA) N1L<\/p>\n\n\n\n<p>PILOTOS DE CHASCOM\u00daS<\/p>\n\n\n\n<p>SERGIO VARAS \u2013 VALENTINO VARAS (GOL) N3<\/p>\n\n\n\n<p>RUBEN MANZONI \u2013 CRISTIAN SANTIAGO (GOL) N3<\/p>\n\n\n\n<p><\/p>\n","protected":false},"excerpt":{"rendered":"<p>La cita en tierras lavallenses tendr\u00e1 dos Pruebas Especiales diferentes La Isla (9,16 Km) y Sociedad Rural (6,25 Km), las<\/p>\n","protected":false},"author":3,"featured_media":47031,"comment_status":"open","ping_status":"open","sticky":false,"template":"","format":"standard","meta":{"colormag_page_container_layout":"default_layout","colormag_page_sidebar_layout":"default_layout","footnotes":""},"categories":[1],"tags":[],"class_list":["post-49095","post","type-post","status-publish","format-standard","has-post-thumbnail","hentry","category-actualidad"],"_links":{"self":[{"href":"https:\/\/grupotiempodigital.com.ar\/index.php?rest_route=\/wp\/v2\/posts\/49095","targetHints":{"allow":["GET"]}}],"collection":[{"href":"https:\/\/grupotiempodigital.com.ar\/index.php?rest_route=\/wp\/v2\/posts"}],"about":[{"href":"https:\/\/grupotiempodigital.com.ar\/index.php?rest_route=\/wp\/v2\/types\/post"}],"author":[{"embeddable":true,"href":"https:\/\/grupotiempodigital.com.ar\/index.php?rest_route=\/wp\/v2\/users\/3"}],"replies":[{"embeddable":true,"href":"https:\/\/grupotiempodigital.com.ar\/index.php?rest_route=%2Fwp%2Fv2%2Fcomments&post=49095"}],"version-history":[{"count":1,"href":"https:\/\/grupotiempodigital.com.ar\/index.php?rest_route=\/wp\/v2\/posts\/49095\/revisions"}],"predecessor-version":[{"id":49096,"href":"https:\/\/grupotiempodigital.com.ar\/index.php?rest_route=\/wp\/v2\/posts\/49095\/revisions\/49096"}],"wp:featuredmedia":[{"embeddable":true,"href":"https:\/\/grupotiempodigital.com.ar\/index.php?rest_route=\/wp\/v2\/media\/47031"}],"wp:attachment":[{"href":"https:\/\/grupotiempodigital.com.ar\/index.php?rest_route=%2Fwp%2Fv2%2Fmedia&parent=49095"}],"wp:term":[{"taxonomy":"category","embeddable":true,"href":"https:\/\/grupotiempodigital.com.ar\/index.php?rest_route=%2Fwp%2Fv2%2Fcategories&post=49095"},{"taxonomy":"post_tag","embeddable":true,"href":"https:\/\/grupotiempodigital.com.ar\/index.php?rest_route=%2Fwp%2Fv2%2Ftags&post=49095"}],"curies":[{"name":"wp","href":"https:\/\/api.w.org\/{rel}","templated":true}]}}