{"id":49091,"date":"2025-05-02T08:48:04","date_gmt":"2025-05-02T11:48:04","guid":{"rendered":"https:\/\/grupotiempodigital.com.ar\/?p=49091"},"modified":"2025-05-02T08:48:05","modified_gmt":"2025-05-02T11:48:05","slug":"efemerides-del-2-de-mayo","status":"publish","type":"post","link":"https:\/\/grupotiempodigital.com.ar\/?p=49091","title":{"rendered":"Efem\u00e9rides del 2 de mayo"},"content":{"rendered":"\n<p><strong>\u00b7<\/strong><strong> CONTRA EL BULLYING. Se celebra el D\u00eda Internacional contra el Bullying o Acoso Escolar, instituido en 2013 por asociaciones de padres y organizaciones no gubernamentales para concientizar sobre el acoso y promover m\u00e9todos para evitar la violencia en centros escolares y protocolos de acci\u00f3n ante esos casos.<\/strong><\/p>\n\n\n\n<p><strong>\u00b7&nbsp; 1519 &#8211; LEONARDO DA VINCI. A la edad de 67 a\u00f1os muere en la ciudad francesa de Amboise el pintor, cient\u00edfico, inventor y fil\u00f3sofo italiano Leonardo Da Vinci, autor de la famosa pintura \u00abLa Gioconda\u00bb y del fresco \u00abLa \u00daltima Cena\u00bb en el convento de Santa Mar\u00eda della Grazie de Mil\u00e1n, entre otras grandes obras de la era del Renacimiento.<\/strong><\/p>\n\n\n\n<p><strong>\u00b7&nbsp; 1909 &#8211; RIVER PLATE. El Club Atl\u00e9tico River Plate golea por 5-0 a Argentino de Quilmes en el primer partido disputado por el equipo \u201cmillonario\u201d en la Primera Divisi\u00f3n del f\u00fatbol argentino.<\/strong><\/p>\n\n\n\n<p><strong>\u00b7&nbsp; 1936 &#8211; NORMA ALEANDRO. Nace en Buenos Aires la actriz y directora de teatro Norma Aleandro, una de las m\u00e1s c\u00e9lebres actrices del pa\u00eds, protagonista de \u201cLa historia oficial\u201d, que en 1986 se convirti\u00f3 en la primera pel\u00edcula argentina en ganar un \u00d3scar al mejor filme extranjero.<\/strong><\/p>\n\n\n\n<p><strong>\u00b7&nbsp; 1946 &#8211; BATALLA ALCATRAZ. Comienza un fallido intento de fuga de seis presos en la prisi\u00f3n federal de la isla de Alcatraz, frente a la ciudad estadounidense de San Francisco. En la \u201cBatalla de Alcatraz\u201d, que dur\u00f3 dos d\u00edas, hasta el 4 de mayo de 1946, murieron dos guardias y tres presos. Adem\u00e1s hubo doce heridos. Dos reclusos fueron ejecutados luego por formar parte del intento de fuga.<\/strong><\/p>\n\n\n\n<p><strong>\u00b7&nbsp; 1965 &#8211; BILARDO VS MENOTTI. Por primera y \u00fanica vez se enfrentan como jugadores Carlos Salvador Bilardo y C\u00e9sar Luis Menotti, quienes luego ser\u00edan t\u00e9cnicos campeones mundiales con la selecci\u00f3n argentina y rivales por sus diferentes estrategias en el f\u00fatbol. Fue en un partido que el Estudiantes de La Plata de Bilardo empat\u00f3 2-2 con el Boca Juniors de Menotti.<\/strong><\/p>\n\n\n\n<p><strong>\u00b7&nbsp; 1977 &#8211; LAUDO ARBITRAL. La reina Isabel II de Inglaterra, en nombre del gobierno del Reino Unido de Gran Breta\u00f1a e Irlanda del Norte, anuncia el fallo arbitral brit\u00e1nico en favor de Chile en el conflicto con Argentina por la soberan\u00eda de las islas Picton, Lennox y Nueva en el Canal de Beagle, en el extremo sur del continente americano.<\/strong><\/p>\n\n\n\n<p><strong>\u00b7&nbsp; 1982 &#8211; GENERAL BELGRANO. El submarino nuclear brit\u00e1nico HMS Conqueror hunde al crucero ARA General Belgrano en aguas del oc\u00e9ano Atl\u00e1ntico sur durante la guerra de las islas Malvinas, ataque en el que murieron 323 marinos argentinos. El Belgrano.<\/strong><\/p>\n\n\n\n<p><strong>\u00b7&nbsp; 2008 &#8211; VOLC\u00c1N CHAIT\u00c9N. Por primera vez en miles de a\u00f1os, entra en erupci\u00f3n el volc\u00e1n Chait\u00e9n, por lo que se evac\u00faa a unos 4.000 pobladores de la ciudad hom\u00f3nima situada en la regi\u00f3n de Los Lagos de la cordillera de Los Andes, en el sur de Chile. Las cenizas del Chait\u00e9n llegaron hasta Buenos Aires.<\/strong><\/p>\n\n\n\n<p><strong>\u00b7&nbsp; 2017 &#8211; ABELARDO CASTILLO. Muere en Buenos Aires, a la edad de 82 a\u00f1os, el escritor y dramaturgo Abelardo Castillo, ganador de cuatro Premios Konex y uno de la UNESCO. A la edad de 22 a\u00f1os escribi\u00f3 su primera obra de teatro, \u201cEl otro judas\u201d. Es el autor de las novelas \u201cLa casa de ceniza\u201d, \u201cEl que tiene sed\u201d y \u201cEl evangelio seg\u00fan Van Hutten\u201d.<\/strong><\/p>\n","protected":false},"excerpt":{"rendered":"<p>\u00b7 CONTRA EL BULLYING. Se celebra el D\u00eda Internacional contra el Bullying o Acoso Escolar, instituido en 2013 por asociaciones<\/p>\n","protected":false},"author":3,"featured_media":47067,"comment_status":"open","ping_status":"open","sticky":false,"template":"","format":"standard","meta":{"colormag_page_container_layout":"default_layout","colormag_page_sidebar_layout":"default_layout","footnotes":""},"categories":[1],"tags":[],"class_list":["post-49091","post","type-post","status-publish","format-standard","has-post-thumbnail","hentry","category-actualidad"],"_links":{"self":[{"href":"https:\/\/grupotiempodigital.com.ar\/index.php?rest_route=\/wp\/v2\/posts\/49091","targetHints":{"allow":["GET"]}}],"collection":[{"href":"https:\/\/grupotiempodigital.com.ar\/index.php?rest_route=\/wp\/v2\/posts"}],"about":[{"href":"https:\/\/grupotiempodigital.com.ar\/index.php?rest_route=\/wp\/v2\/types\/post"}],"author":[{"embeddable":true,"href":"https:\/\/grupotiempodigital.com.ar\/index.php?rest_route=\/wp\/v2\/users\/3"}],"replies":[{"embeddable":true,"href":"https:\/\/grupotiempodigital.com.ar\/index.php?rest_route=%2Fwp%2Fv2%2Fcomments&post=49091"}],"version-history":[{"count":1,"href":"https:\/\/grupotiempodigital.com.ar\/index.php?rest_route=\/wp\/v2\/posts\/49091\/revisions"}],"predecessor-version":[{"id":49092,"href":"https:\/\/grupotiempodigital.com.ar\/index.php?rest_route=\/wp\/v2\/posts\/49091\/revisions\/49092"}],"wp:featuredmedia":[{"embeddable":true,"href":"https:\/\/grupotiempodigital.com.ar\/index.php?rest_route=\/wp\/v2\/media\/47067"}],"wp:attachment":[{"href":"https:\/\/grupotiempodigital.com.ar\/index.php?rest_route=%2Fwp%2Fv2%2Fmedia&parent=49091"}],"wp:term":[{"taxonomy":"category","embeddable":true,"href":"https:\/\/grupotiempodigital.com.ar\/index.php?rest_route=%2Fwp%2Fv2%2Fcategories&post=49091"},{"taxonomy":"post_tag","embeddable":true,"href":"https:\/\/grupotiempodigital.com.ar\/index.php?rest_route=%2Fwp%2Fv2%2Ftags&post=49091"}],"curies":[{"name":"wp","href":"https:\/\/api.w.org\/{rel}","templated":true}]}}