{"id":49088,"date":"2025-05-02T08:46:03","date_gmt":"2025-05-02T11:46:03","guid":{"rendered":"https:\/\/grupotiempodigital.com.ar\/?p=49088"},"modified":"2025-05-02T08:46:33","modified_gmt":"2025-05-02T11:46:33","slug":"informacion-social-ranchos-chascomus-pila-277","status":"publish","type":"post","link":"https:\/\/grupotiempodigital.com.ar\/?p=49088","title":{"rendered":"INFORMACI\u00d3N SOCIAL RANCHOS \u2013 CHASCOM\u00daS \u2013 PILA"},"content":{"rendered":"\n<p><strong><u>CUMPLEA\u00d1OS RANCHOS<\/u><\/strong><\/p>\n\n\n\n<p><strong><u>VIERNES 02 DE MAYO:<\/u><\/strong><strong> FELIPE TEBES, JUAN PABLO CASTRO SPERANZA, VALENTINA PAZ BENVENUTTO.<\/strong><\/p>\n\n\n\n<p><strong><u>FARMACIAS DE TURNO VIERNES 02 DE MAYO<\/u><\/strong><\/p>\n\n\n\n<p><strong>RANCHOS: D\u00b4ANDREA (Campomar y Mois\u00e9s Tinao)<\/strong><\/p>\n\n\n\n<p><strong>CHASCOM\u00daS: POZZI (Rioja 28) y MALENA (Escribano 2)<\/strong><\/p>\n\n\n\n<p><strong>PIL<\/strong><strong>A: P\u00c9REZ (6 e\/ 11 y 13)<\/strong><\/p>\n\n\n\n<p><strong><u>CUMPLEA\u00d1OS RANCHOS<\/u><\/strong><\/p>\n\n\n\n<p><strong><u>S\u00c1BADO 03 DE MAYO:<\/u><\/strong><strong> MARIO NOCITI, MAR\u00cdA D ECASCARDO, PILAR LORENZ\u00cdN, CECILIA TORRISSI, UMA RIOS.<\/strong><\/p>\n\n\n\n<p><strong><u>FARMACIAS DE TURNO S\u00c1BADO 03 DE MAYO<\/u><\/strong><\/p>\n\n\n\n<p><strong>RANCHOS: TORRISSI (Mitre casi Lu\u00eds Giles)<\/strong><\/p>\n\n\n\n<p><strong>CHASCOM\u00daS: PENSA Yrigoyen 710) y BELLINGERI (Yrigoyen 78)<\/strong><\/p>\n\n\n\n<p><strong>PIL<\/strong><strong>A: P\u00c9REZ (6 e\/ 11 y 13)<\/strong><\/p>\n\n\n\n<p><strong><u>CUMPLEA\u00d1OS RANCHOS<\/u><\/strong><\/p>\n\n\n\n<p><strong><u>DOMINGO 04 DE MAYO:<\/u><\/strong><strong> CRISTIAN RODRIGUEZ, ROXANA LANDA, MAR\u00cdA J. FARJAT, MAURO QUEREJETA, ERNESTINA BASUALDO ALVAREZ<\/strong><\/p>\n\n\n\n<p><strong><u>FARMACIAS DE TURNO DOMINGO 04 DE MAYO<\/u><\/strong><\/p>\n\n\n\n<p><strong>RANCHOS: TORRISSI (Mitre casi Lu\u00eds Giles)<\/strong><\/p>\n\n\n\n<p><strong>CHASCOM\u00daS: KUBE (J. M. Rosas 2494) y POZZI (Rioja 28)<\/strong><\/p>\n\n\n\n<p><strong>PIL<\/strong><strong>A: P\u00c9REZ (6 e\/ 11 y 13)<\/strong><\/p>\n\n\n\n<p><strong><u>NECROLOGICAS CHASCOM\u00daS&nbsp;&nbsp;<\/u><\/strong><\/p>\n\n\n\n<p><strong>El mi\u00e9rcoles 30 dejo de existir&nbsp; en nuestra ciudad SOFIA ZUBIZARRETA. La extinta desaparece a los 47 a\u00f1os de edad. Sus restos ser\u00e1n trasladados al Cementerio San Andr\u00e9s de Chascom\u00fas, hoy&nbsp; viernes a las 11:30 Hs.- (Casa Sallaberry)<\/strong><\/p>\n\n\n\n<p><strong>En horas de la tarde de ayer dejo de existir en nuestra ciudad SEGUNDO FRUCTUOSO CASTIGLIONI. El extinto desaparece a los 96 a\u00f1os de edad. Sus restos est\u00e1n siendo velados en la sala velatoria de R de Escalada N\u00b092 y ser\u00e1n trasladados al Crematorio Municipal hoy a las 10.30 Hs.- (Casa Sallaberry)<\/strong><\/p>\n\n\n\n<p><strong>Falleci\u00f3 en horas del mediod\u00eda de ayer en Chascom\u00fas a los 66 a\u00f1os de edad, MAR\u00cdA LAURA ROST DE BERGDOLT. Sus restos ser\u00e1n inhumados hoy viernes 02\/05 a las 11:30 hs en el Cementerio de Gral. Madariaga (Sepelios Portela). \u00a0<\/strong><\/p>\n","protected":false},"excerpt":{"rendered":"<p>CUMPLEA\u00d1OS RANCHOS VIERNES 02 DE MAYO: FELIPE TEBES, JUAN PABLO CASTRO SPERANZA, VALENTINA PAZ BENVENUTTO. FARMACIAS DE TURNO VIERNES 02<\/p>\n","protected":false},"author":3,"featured_media":47075,"comment_status":"open","ping_status":"open","sticky":false,"template":"","format":"standard","meta":{"colormag_page_container_layout":"default_layout","colormag_page_sidebar_layout":"default_layout","footnotes":""},"categories":[1],"tags":[],"class_list":["post-49088","post","type-post","status-publish","format-standard","has-post-thumbnail","hentry","category-actualidad"],"_links":{"self":[{"href":"https:\/\/grupotiempodigital.com.ar\/index.php?rest_route=\/wp\/v2\/posts\/49088","targetHints":{"allow":["GET"]}}],"collection":[{"href":"https:\/\/grupotiempodigital.com.ar\/index.php?rest_route=\/wp\/v2\/posts"}],"about":[{"href":"https:\/\/grupotiempodigital.com.ar\/index.php?rest_route=\/wp\/v2\/types\/post"}],"author":[{"embeddable":true,"href":"https:\/\/grupotiempodigital.com.ar\/index.php?rest_route=\/wp\/v2\/users\/3"}],"replies":[{"embeddable":true,"href":"https:\/\/grupotiempodigital.com.ar\/index.php?rest_route=%2Fwp%2Fv2%2Fcomments&post=49088"}],"version-history":[{"count":2,"href":"https:\/\/grupotiempodigital.com.ar\/index.php?rest_route=\/wp\/v2\/posts\/49088\/revisions"}],"predecessor-version":[{"id":49090,"href":"https:\/\/grupotiempodigital.com.ar\/index.php?rest_route=\/wp\/v2\/posts\/49088\/revisions\/49090"}],"wp:featuredmedia":[{"embeddable":true,"href":"https:\/\/grupotiempodigital.com.ar\/index.php?rest_route=\/wp\/v2\/media\/47075"}],"wp:attachment":[{"href":"https:\/\/grupotiempodigital.com.ar\/index.php?rest_route=%2Fwp%2Fv2%2Fmedia&parent=49088"}],"wp:term":[{"taxonomy":"category","embeddable":true,"href":"https:\/\/grupotiempodigital.com.ar\/index.php?rest_route=%2Fwp%2Fv2%2Fcategories&post=49088"},{"taxonomy":"post_tag","embeddable":true,"href":"https:\/\/grupotiempodigital.com.ar\/index.php?rest_route=%2Fwp%2Fv2%2Ftags&post=49088"}],"curies":[{"name":"wp","href":"https:\/\/api.w.org\/{rel}","templated":true}]}}