{"id":49086,"date":"2025-04-30T12:41:57","date_gmt":"2025-04-30T15:41:57","guid":{"rendered":"https:\/\/grupotiempodigital.com.ar\/?p=49086"},"modified":"2025-04-30T12:41:58","modified_gmt":"2025-04-30T15:41:58","slug":"tres-pueblos-turisticos-de-campo-en-el-mapa-bonaerense","status":"publish","type":"post","link":"https:\/\/grupotiempodigital.com.ar\/?p=49086","title":{"rendered":"TRES PUEBLOS TUR\u00cdSTICOS DE CAMPO EN EL MAPA BONAERENSE"},"content":{"rendered":"\n<p><strong>En la vasta llanura bonaerense, donde el viento corre sin apuro y los trenes dejaron cicatrices de hierro sobre la tierra, existen pueblos que resisten con alma y memoria. Berdier en Salto, Arboledas en<\/strong>&nbsp;<strong>Daireaux e Indio Rico en Coronel Pringles no figuran en las gu\u00edas tur\u00edsticas m\u00e1s vendidas, pero ofrecen algo dif\u00edcil de encontrar: autenticidad. Son lugares que piden ser recorridos con tiempo, con ganas de escuchar y de mirar m\u00e1s all\u00e1 del paisaje. Perfectos para una escapada este finde largo.<\/strong><\/p>\n\n\n\n<h3 class=\"wp-block-heading has-medium-font-size\"><strong>Berdier, historias que duermen en el and\u00e9n<\/strong><\/h3>\n\n\n\n<p>Esta localidad se encuentra a 10 kil\u00f3metros de Salto y a 195 kil\u00f3metros de la Capital Federal y es conocido por ser el Pueblo de las Diagonales. Llegar a Berdier es como abrir un \u00e1lbum de fotos en sepia que se recuesta sobre el costado de una v\u00eda que ya no vibra. El tren dej\u00f3 de pasar en los a\u00f1os noventa, pero su esp\u00edritu sigue latiendo en cada ladrillo de la estaci\u00f3n, en cada banco desvencijado y en cada charla de almac\u00e9n.<\/p>\n\n\n\n<p>Nombrado as\u00ed por la antigua due\u00f1a de los campos linderos, do\u00f1a Agueda Pacheco de Berdier, el Pueblo Tur\u00edstico fue fundado el 15 de febrero de 1910 y los primeros pobladores eran en su mayor\u00eda inmigrantes italianos y espa\u00f1oles. Estos se dedicaban al comercio de granos y a la explotaci\u00f3n del Ferrocarril General Belgrano, que funcionaba como carga y traslado de pasajeros.<\/p>\n\n\n\n<p>En 1938, el ingeniero Valentin Virasoro estuvo a cargo del trazado urbano que se dividi\u00f3 en 83 manzanas, incluyendo dos plazas y cuatro diagonales. Por entonces, funcionaban almacenes, carnicer\u00eda, herrer\u00eda, carpinter\u00eda, lecher\u00eda, panader\u00eda, peluquer\u00eda, escuela y destacamento policial.&nbsp;<\/p>\n\n\n\n<p>Con el cierre del ferrocarril Berdier, al igual que tantos otros pueblos, comenz\u00f3 a vaciarse, habiendo llegado a contar con 2000 habitantes en sus a\u00f1os de esplendor.&nbsp;<em>\u201cLa mayor\u00eda de sus calles siguen siendo de tierra y sus casas de ladrillo a la vista, cuenta con 200 habitantes,&nbsp;<\/em><em>conservando su esencia rural, su historia y su cultura y ofreciendo una experiencia diferente \u201d<\/em>, comentaron desde Turismo local.<\/p>\n\n\n\n<p>El recorrido es completo siempre que incluya la degustaci\u00f3n de una rica cerveza artesanal en Beer Dier.&nbsp;<em>\u201cProducimos m\u00e1s de 10 estilos de cerveza, desde rubias, rojas, negras y gran variedad de ipas. En nuestra f\u00e1brica, a partir del a\u00f1o 2021 todos los veranos abrimos nuestro Tap Room, en un vag\u00f3n de subte del a\u00f1o 1940 que vino a descansar a nuestro pueblo y lo transformamos en bar\u201d<\/em>, cont\u00f3 su propietario Santiago Valarino.<\/p>\n\n\n\n<p>Adem\u00e1s, todos los a\u00f1os en octubre&nbsp;es sede de la Fiesta Nacional de la Tortita Negra, donde&nbsp;lugare\u00f1os, vecinos de Salto y otras zonas de la regi\u00f3n bonaerense se juntan a compartir y competir por la producci\u00f3n de las mejores tortitas negras en categor\u00eda amateur y profesional.<\/p>\n\n\n\n<h3 class=\"wp-block-heading has-medium-font-size\"><strong>Arboledas: un rinc\u00f3n alem\u00e1n en el oeste<\/strong><\/h3>\n\n\n\n<p>Arboledas es una localidad del centro-oeste de la provincia de Buenos Aires, ubicada a 45 kil\u00f3metros de la ciudad de Daireaux.<\/p>\n\n\n\n<p>La firma rematadora Guerrico y Williams resalt\u00f3 el deseo de crear una pr\u00f3spera colonia. Con los pobladores afincados, el 24 de noviembre de 1912, se fund\u00f3 esta localidad, cuyo nombre surge por la existencia de una gran cantidad de \u00e1rboles que se hallaban en la estancia San Juan, actualmente quinta de la familia Spagnoletti, ubicada junto al casco urbano.<\/p>\n\n\n\n<p>Aquellos primeros pobladores eran en su mayor\u00eda extranjeros: alemanes, rusos, h\u00fangaros, espa\u00f1oles e italianos pero todos con las mismas ganas de tener un lugar\u2026 su lugar en el mundo para ellos y su descendencia&nbsp;<em>\u201cArboledas se destaca por la prolijidad de sus calles, su limpieza, su gente y sus dos fiestas, que dos veces al a\u00f1o llenan de color, sabores y m\u00fasica el pueblo\u201d<\/em>, destacaron desde Turismo local.<\/p>\n\n\n\n<p>Las casas bajas, con jardines cuidados y nombres escritos en letras g\u00f3ticas, combinan con los galpones rurales y las tranqueras abiertas. Los sabores esperan en Rufino\u00b4s -@_rufinosbar- con men\u00fa variado de minutas, hamburguesas, milanesas, pizzas y empanadas.&nbsp;<em>\u201cEl lugar se llena de familias y grupos de amigos. En algunas fechas especiales hacemos eventos como cantobares y show de baile. Hay d\u00edas en los que hacemos parrilla y un men\u00fa exclusivo pero nuestro producto imperdible, sin dudas, son las empanadas de carne\u201d,<\/em>&nbsp;detall\u00f3 Mar\u00eda Antonela Reale, una de las propietarias del bar.<\/p>\n\n\n\n<p>El Pueblo Tur\u00edstico es escenario de dos celebraciones populares imperdibles, cargadas de historia y cultura: la Fiesta del Sabor Alem\u00e1n y la Fiesta del Cordero.&nbsp;<em>\u201cEn este tipo de encuentros de colectividades podemos ver c\u00f3mo se fue integrando la comunidad siendo hoy en d\u00eda un grupo homog\u00e9neo. Es el reconocimiento a aquellos que con esfuerzo y en una patria extra\u00f1a lograron hacer lo que somos hoy, con sacrificio, en unidad y sin bajar los brazos. Sentirnos plenos mostrando lo que somos, de d\u00f3nde venimos y hacia d\u00f3nde vamos\u201d,&nbsp;&nbsp;<\/em>reflexion\u00f3&nbsp; Carlos Horn, vecino del pago.&nbsp;<\/p>\n\n\n\n<p>La Fiesta del Sabor Alem\u00e1n busca transmitir la tradici\u00f3n de sabores que cocinaban los antepasados. En 2016, movido por la preocupaci\u00f3n de conservar la mayor\u00eda de comidas que hac\u00edan sus familiares inmigrantes alemanes y que en la actualidad casi no se hacen, naci\u00f3 el evento.&nbsp;<\/p>\n\n\n\n<p>Por su parte, la Fiesta del Cordero, que convoca multitudes&nbsp; desde su primera edici\u00f3n en 2008, incluye acto protocolar para abrir la jornada, almuerzo con&nbsp; chorizo, cordero y postre, espect\u00e1culos musicales y danzas.&nbsp;<em>\u201cSe transforma, a una localidad que no llega a los 1.000 habitantes, en el epicentro y anfitri\u00f3n de m\u00e1s de 3.000 personas\u201d ,<\/em>&nbsp;cont\u00f3 Fabi\u00e1n Sierra, director de Cultura del Pueblo Tur\u00edstico Daireaux.<\/p>\n\n\n\n<h3 class=\"wp-block-heading has-medium-font-size\"><strong>Indio Rico: entre cuentos y horizontes<\/strong><\/h3>\n\n\n\n<p>Fundado en 1929, pertenece al partido de Coronel Pringles y se caracteriza por su traza ordenada, sus calles arboladas y su ritmo sereno. Indio Rico se encuentra ubicado al sur de la provincia de Buenos Aires, en el partido de Coronel Pringles, a 74 kil\u00f3metros al sudeste de esta ciudad.&nbsp;<\/p>\n\n\n\n<p>Se ingresa a trav\u00e9s de la Ruta Provincial 85, a 11 kil\u00f3metros por un camino totalmente pavimentado. La denominaci\u00f3n de la localidad proviene del arroyo hom\u00f3nimo que pasa a unos 7 kil\u00f3metros de all\u00ed. Su nombre ind\u00edgena ser\u00eda \u00abQuetru Queyu\u00bb o \u00abGuetzu-Gueyu\u00bb , vocablo que significa \u00ablugar de caldenes\u00bb. Mientras, los investigadores la relacionan con la expresi\u00f3n \u00abIndio Rico\u00bb, con la voz araucana \u00falmen: cacique poderoso o jefe rico.&nbsp;<\/p>\n\n\n\n<p>Este Pueblo Tur\u00edstico presenta una serie de atractivos hist\u00f3ricos culturales como la antigua estaci\u00f3n del ferrocarril, la iglesia Nuestra Se\u00f1ora del Carmen, el almac\u00e9n de Ramos Generales y bellezas naturales como lagunas y arroyos que ofrecen paisajes \u00fanicos.&nbsp;<\/p>\n\n\n\n<p><em>\u201cUno de los lugares que tiene magia muy especial es el and\u00e9n del ferrocarril, donde j\u00f3venes y adultos se re\u00fanen para tomar mate y recrearse. Hermoso para hacer fotos al atardecer. Junto al and\u00e9n se encuentra el centro cultural, un espacio muy interesante donde se desarrollan actividades art\u00edsticas, literarias y gastron\u00f3micas\u201d<\/em>&nbsp;, expresaron desde Turismo local.<\/p>\n\n\n\n<p>En el mes de febrero, en el predio del ferrocarril se transforma en sede de la Fiesta del Cordero al Disco, un producto t\u00edpico de la zona. Indio Rico es ideal para caminatas largas, bici sin apuro y charlas al sol. En la plaza principal, rodeada de casonas antiguas, los domingos se arma un peque\u00f1o mercado de productos artesanales como dulces caseros, tejidos, panificados y hasta vinos elaborados por un peque\u00f1o productor de la zona.<\/p>\n\n\n\n<p>Berdier, Arboledas e Indio Rico no compiten con los grandes destinos. No tienen multitudes, ni atracciones rimbombantes. Pero justamente ah\u00ed est\u00e1 su magia. Invitan a mirar lo peque\u00f1o, a recuperar la conversaci\u00f3n sin pantallas, a sentarse en un banco de plaza y simplemente ver pasar la vida.&nbsp;<\/p>\n\n\n\n<p>Son tres pueblos donde todav\u00eda se saludan los vecinos, se abren las puertas sin llave y se cocina con lo que da la huerta. Donde las historias se transmiten de boca en boca y cada rinc\u00f3n tiene un nombre y un por qu\u00e9.<\/p>\n\n\n\n<p><strong>Viajar por la provincia de Buenos Aires con ojos atentos permite descubrir estos tesoros escondidos, que resisten en la calma. Porque en tiempos de v\u00e9rtigo, la verdadera aventura quiz\u00e1s sea frenar para contemplar lo bueno, bonito y bonaerense en cada Pueblo Tur\u00edstico.<\/strong><\/p>\n","protected":false},"excerpt":{"rendered":"<p>En la vasta llanura bonaerense, donde el viento corre sin apuro y los trenes dejaron cicatrices de hierro sobre la<\/p>\n","protected":false},"author":3,"featured_media":47059,"comment_status":"open","ping_status":"open","sticky":false,"template":"","format":"standard","meta":{"colormag_page_container_layout":"default_layout","colormag_page_sidebar_layout":"default_layout","footnotes":""},"categories":[1],"tags":[],"class_list":["post-49086","post","type-post","status-publish","format-standard","has-post-thumbnail","hentry","category-actualidad"],"_links":{"self":[{"href":"https:\/\/grupotiempodigital.com.ar\/index.php?rest_route=\/wp\/v2\/posts\/49086","targetHints":{"allow":["GET"]}}],"collection":[{"href":"https:\/\/grupotiempodigital.com.ar\/index.php?rest_route=\/wp\/v2\/posts"}],"about":[{"href":"https:\/\/grupotiempodigital.com.ar\/index.php?rest_route=\/wp\/v2\/types\/post"}],"author":[{"embeddable":true,"href":"https:\/\/grupotiempodigital.com.ar\/index.php?rest_route=\/wp\/v2\/users\/3"}],"replies":[{"embeddable":true,"href":"https:\/\/grupotiempodigital.com.ar\/index.php?rest_route=%2Fwp%2Fv2%2Fcomments&post=49086"}],"version-history":[{"count":1,"href":"https:\/\/grupotiempodigital.com.ar\/index.php?rest_route=\/wp\/v2\/posts\/49086\/revisions"}],"predecessor-version":[{"id":49087,"href":"https:\/\/grupotiempodigital.com.ar\/index.php?rest_route=\/wp\/v2\/posts\/49086\/revisions\/49087"}],"wp:featuredmedia":[{"embeddable":true,"href":"https:\/\/grupotiempodigital.com.ar\/index.php?rest_route=\/wp\/v2\/media\/47059"}],"wp:attachment":[{"href":"https:\/\/grupotiempodigital.com.ar\/index.php?rest_route=%2Fwp%2Fv2%2Fmedia&parent=49086"}],"wp:term":[{"taxonomy":"category","embeddable":true,"href":"https:\/\/grupotiempodigital.com.ar\/index.php?rest_route=%2Fwp%2Fv2%2Fcategories&post=49086"},{"taxonomy":"post_tag","embeddable":true,"href":"https:\/\/grupotiempodigital.com.ar\/index.php?rest_route=%2Fwp%2Fv2%2Ftags&post=49086"}],"curies":[{"name":"wp","href":"https:\/\/api.w.org\/{rel}","templated":true}]}}