{"id":49074,"date":"2025-04-30T08:48:55","date_gmt":"2025-04-30T11:48:55","guid":{"rendered":"https:\/\/grupotiempodigital.com.ar\/?p=49074"},"modified":"2025-04-30T08:48:56","modified_gmt":"2025-04-30T11:48:56","slug":"informacion-social-ranchos-chascomus-pila-276","status":"publish","type":"post","link":"https:\/\/grupotiempodigital.com.ar\/?p=49074","title":{"rendered":"INFORMACI\u00d3N SOCIAL RANCHOS \u2013 CHASCOM\u00daS \u2013 PILA"},"content":{"rendered":"\n<p><strong><u>CUMPLEA\u00d1OS RANCHOS<\/u><\/strong><\/p>\n\n\n\n<p><strong><u>MI\u00c9RCOLES 30 DE ABRIL:<\/u><\/strong><strong> MAR\u00cdA GIMENA MARTINEZ, ELIANA MAGRASSI, FERNANDO PONCE LAMARQUE, BRAIAN PAZ, JULI\u00c1N PONCE, OLIVIA MARTINEZ MOLTENI, MAITENA BRENDA PELUSO, EDUARDO LUGO.<\/strong><\/p>\n\n\n\n<p><strong><u>FARMACIAS DE TURNO MI\u00c9RCOLES 30 DE ABRIL<\/u><\/strong><\/p>\n\n\n\n<p><strong>RANCHOS: TORRISSI (Mitre casi Lu\u00eds Giles)<\/strong><\/p>\n\n\n\n<p><strong>CHASCOM\u00daS: PUYSSEGUR (L. del Sur 946) y APRILE (Lastra 115)<\/strong><\/p>\n\n\n\n<p><strong>PIL<\/strong><strong>A: P\u00c9REZ (6 e\/ 11 y 13)<\/strong><\/p>\n\n\n\n<p><strong><u>CUMPLEA\u00d1OS RANCHOS<\/u><\/strong><\/p>\n\n\n\n<p><strong><u>JUEVES 1\u00ba DE MAYO:<\/u><\/strong><strong> NILDA CASTRO, ESTELA NOEM\u00cd ARMESTO, EVANGELINA BEHRENS, MABEL ECHAGUE.<\/strong><\/p>\n\n\n\n<p><strong><u>FARMACIAS DE TURNO JUEVES 1\u00ba DE MAYO<\/u><\/strong><\/p>\n\n\n\n<p><strong>RANCHOS: BRAMBILLA (Garay y Betbez\u00e9)<\/strong><\/p>\n\n\n\n<p><strong>CHASCOM\u00daS: ORIA (L. del Sur 413) y CHASCOM\u00daS (Lastra 350)<\/strong><\/p>\n\n\n\n<p><strong>PIL<\/strong><strong>A: P\u00c9REZ (6 e\/ 11 y 13)<\/strong><\/p>\n\n\n\n<p><strong><u>NECROLOGICAS CHASCOM\u00daS&nbsp;&nbsp;<\/u><\/strong><\/p>\n\n\n\n<p><strong>En&nbsp; horas de la ma\u00f1ana de ayer y tras las alternativas de una larga dolencia dejo de existir&nbsp; en nuestra ciudad GLADYS BEATRIZ SARZA. La extinta desaparece a los 66 a\u00f1os de edad. Sus restos fueron trasladados desde la casa velatoria de Remedios de Escalada n\u00b092 hacia el crematorio municipal, hoy, 08.15 Hs (Casa Sallaberry)<\/strong><\/p>\n\n\n\n<p><strong>En&nbsp; horas de la ma\u00f1ana de ayer y tras las alternativas de una larga dolencia dejo de existir&nbsp; en nuestra ciudad MARIA ESTER BARRIENTOS. La extinta desaparece a los 80 a\u00f1os de edad. Sus restos ser\u00e1n trasladados desde la casa velatoria de Remedios de Escalada N\u00b092 hacia el cementerio municipal, hoy, 09.40 Hs (Casa Sallaberry)<\/strong><\/p>\n\n\n\n<p><strong>Falleci\u00f3 en horas de la tarde de ayer en Chascom\u00fas NORBERTO ADRI\u00c1N FLORES a los 68 a\u00f1os de edad. Sus restos en horas de la ma\u00f1ana ser\u00e1n trasladados para su posterior cremaci\u00f3n (Sepelios Portela).<\/strong><\/p>\n\n\n\n<p><strong>Falleci\u00f3 inesperadamente en horas de la tarde de ayer en Chascom\u00fas a los 60 a\u00f1os de edad, RUBEN OSCAR GARAY. Sus restos ser\u00e1n velados en Sala Velatoria de Castelli 68 hoy mi\u00e9rcoles 30 de 9 a 13:40 hs., para posteriormente ser trasladados sus restos hacia la necr\u00f3polis local, para su posterior inhumaci\u00f3n (Sepelios Portela).<\/strong><\/p>\n","protected":false},"excerpt":{"rendered":"<p>CUMPLEA\u00d1OS RANCHOS MI\u00c9RCOLES 30 DE ABRIL: MAR\u00cdA GIMENA MARTINEZ, ELIANA MAGRASSI, FERNANDO PONCE LAMARQUE, BRAIAN PAZ, JULI\u00c1N PONCE, OLIVIA MARTINEZ<\/p>\n","protected":false},"author":3,"featured_media":47075,"comment_status":"open","ping_status":"open","sticky":false,"template":"","format":"standard","meta":{"colormag_page_container_layout":"default_layout","colormag_page_sidebar_layout":"default_layout","footnotes":""},"categories":[1],"tags":[],"class_list":["post-49074","post","type-post","status-publish","format-standard","has-post-thumbnail","hentry","category-actualidad"],"_links":{"self":[{"href":"https:\/\/grupotiempodigital.com.ar\/index.php?rest_route=\/wp\/v2\/posts\/49074","targetHints":{"allow":["GET"]}}],"collection":[{"href":"https:\/\/grupotiempodigital.com.ar\/index.php?rest_route=\/wp\/v2\/posts"}],"about":[{"href":"https:\/\/grupotiempodigital.com.ar\/index.php?rest_route=\/wp\/v2\/types\/post"}],"author":[{"embeddable":true,"href":"https:\/\/grupotiempodigital.com.ar\/index.php?rest_route=\/wp\/v2\/users\/3"}],"replies":[{"embeddable":true,"href":"https:\/\/grupotiempodigital.com.ar\/index.php?rest_route=%2Fwp%2Fv2%2Fcomments&post=49074"}],"version-history":[{"count":1,"href":"https:\/\/grupotiempodigital.com.ar\/index.php?rest_route=\/wp\/v2\/posts\/49074\/revisions"}],"predecessor-version":[{"id":49075,"href":"https:\/\/grupotiempodigital.com.ar\/index.php?rest_route=\/wp\/v2\/posts\/49074\/revisions\/49075"}],"wp:featuredmedia":[{"embeddable":true,"href":"https:\/\/grupotiempodigital.com.ar\/index.php?rest_route=\/wp\/v2\/media\/47075"}],"wp:attachment":[{"href":"https:\/\/grupotiempodigital.com.ar\/index.php?rest_route=%2Fwp%2Fv2%2Fmedia&parent=49074"}],"wp:term":[{"taxonomy":"category","embeddable":true,"href":"https:\/\/grupotiempodigital.com.ar\/index.php?rest_route=%2Fwp%2Fv2%2Fcategories&post=49074"},{"taxonomy":"post_tag","embeddable":true,"href":"https:\/\/grupotiempodigital.com.ar\/index.php?rest_route=%2Fwp%2Fv2%2Ftags&post=49074"}],"curies":[{"name":"wp","href":"https:\/\/api.w.org\/{rel}","templated":true}]}}