{"id":49069,"date":"2025-04-29T12:15:33","date_gmt":"2025-04-29T15:15:33","guid":{"rendered":"https:\/\/grupotiempodigital.com.ar\/?p=49069"},"modified":"2025-04-29T12:15:33","modified_gmt":"2025-04-29T15:15:33","slug":"senasa-se-busca-agilizar-controles-y-transito-de-personas-en-el-paso-internacional-agua-negra","status":"publish","type":"post","link":"https:\/\/grupotiempodigital.com.ar\/?p=49069","title":{"rendered":"SENASA: Se busca agilizar controles y tr\u00e1nsito de personas en el Paso Internacional Agua Negra"},"content":{"rendered":"\n<p class=\"has-text-align-center has-medium-font-size\"><strong>El Senasa y el SAG de Chile trabajan para acortar los tiempos a pasajeros, veh\u00edculos menores y minibuses en este paso de frontera.<\/strong><\/p>\n\n\n\n<p>El <strong>Senasa<\/strong> y el <a href=\"https:\/\/www.argentina.gob.ar\/noticias\/www.sag.gob.cl\"><strong>Servicio Agr\u00edcola y Ganadero (SAG) de Chile<\/strong><\/a> trabajan para agilizar el tr\u00e1nsito de pasajeros, en el <a href=\"https:\/\/www.argentina.gob.ar\/seguridad\/pasosinternacionales\/detalle\/ruta\/27\/Agua-Negra\"><strong>Paso Internacional Agua Negra<\/strong><\/a>, que une <strong>Las Flores<\/strong> (<a href=\"https:\/\/www.argentina.gob.ar\/sanjuan\"><strong>provincia de San Juan<\/strong><\/a>) con la localidad chilena de <strong>Huanta<\/strong>, sin afectar el cuidado de los estatus zoofitosanitarios de ambos pa\u00edses.<\/p>\n\n\n\n<p>En el marco del <a href=\"https:\/\/diputadossanjuan.gob.ar\/prensa\/11535-finalizo-el-xxviii-comite-de-integracion-paso-de-agua-negra-en-san-juan\"><strong>XXVIII Comit\u00e9 de Integraci\u00f3n Paso de Agua Negra<\/strong><\/a>, los servicios sanitarios intercambiaron experiencias respecto a la vigilancia y el control de enfermedades presentes y ausentes en Argentina y Chile, a la vez que evaluaron las estrategias de inspecci\u00f3n de equipajes de pasajeros en ese puesto de frontera.<\/p>\n\n\n\n<p>En el <strong>primer trimestre de 2025<\/strong>, el Senasa verific\u00f3 el equipaje de <strong>45.857 pasajeros<\/strong> y <strong>12.751 autos<\/strong> que cruzaron por este Paso Internacional &#8211; ubicado a <strong>4.800 metros sobre el nivel del mar<\/strong> y considerado un puesto de frontera estacional &#8211; para prevenir el ingreso de plagas y enfermedades que puedan afectar el estatus zoofitosanitario del pa\u00eds.<\/p>\n\n\n\n<p>En tanto se recuerda que para ingresar a Chile los pasajeros que deben declarar bajo juramento si portan en su vestimenta o equipaje (maletas, bolsos, mochilas, cajas, carteras, entre otros), productos, partes y\/o subproductos de origen vegetal y\/o animal y\/o productos de uso en actividades silvoagropecuarias (sin importar la cantidad o el tiempo desde que se obtuvieron). El <a href=\"http:\/\/www.ingresoachile.cl\/\"><strong>formulario est\u00e1 disponible en formato digital<\/strong><\/a> y se puede completar hasta un d\u00eda antes de la llegada a al pa\u00eds trasandino desde un dispositivo m\u00f3vil o escaneando los c\u00f3digos QR disponibles en los puntos de ingreso.<\/p>\n\n\n\n<figure class=\"wp-block-image aligncenter size-full\"><img loading=\"lazy\" decoding=\"async\" width=\"283\" height=\"162\" src=\"https:\/\/grupotiempodigital.com.ar\/wp-content\/uploads\/2024\/05\/SENASA-ROCCA.jpg\" alt=\"\" class=\"wp-image-45627\"\/><\/figure>\n","protected":false},"excerpt":{"rendered":"<p>El Senasa y el SAG de Chile trabajan para acortar los tiempos a pasajeros, veh\u00edculos menores y minibuses en este<\/p>\n","protected":false},"author":3,"featured_media":45626,"comment_status":"open","ping_status":"open","sticky":false,"template":"","format":"standard","meta":{"colormag_page_container_layout":"default_layout","colormag_page_sidebar_layout":"default_layout","footnotes":""},"categories":[1],"tags":[],"class_list":["post-49069","post","type-post","status-publish","format-standard","has-post-thumbnail","hentry","category-actualidad"],"_links":{"self":[{"href":"https:\/\/grupotiempodigital.com.ar\/index.php?rest_route=\/wp\/v2\/posts\/49069","targetHints":{"allow":["GET"]}}],"collection":[{"href":"https:\/\/grupotiempodigital.com.ar\/index.php?rest_route=\/wp\/v2\/posts"}],"about":[{"href":"https:\/\/grupotiempodigital.com.ar\/index.php?rest_route=\/wp\/v2\/types\/post"}],"author":[{"embeddable":true,"href":"https:\/\/grupotiempodigital.com.ar\/index.php?rest_route=\/wp\/v2\/users\/3"}],"replies":[{"embeddable":true,"href":"https:\/\/grupotiempodigital.com.ar\/index.php?rest_route=%2Fwp%2Fv2%2Fcomments&post=49069"}],"version-history":[{"count":1,"href":"https:\/\/grupotiempodigital.com.ar\/index.php?rest_route=\/wp\/v2\/posts\/49069\/revisions"}],"predecessor-version":[{"id":49070,"href":"https:\/\/grupotiempodigital.com.ar\/index.php?rest_route=\/wp\/v2\/posts\/49069\/revisions\/49070"}],"wp:featuredmedia":[{"embeddable":true,"href":"https:\/\/grupotiempodigital.com.ar\/index.php?rest_route=\/wp\/v2\/media\/45626"}],"wp:attachment":[{"href":"https:\/\/grupotiempodigital.com.ar\/index.php?rest_route=%2Fwp%2Fv2%2Fmedia&parent=49069"}],"wp:term":[{"taxonomy":"category","embeddable":true,"href":"https:\/\/grupotiempodigital.com.ar\/index.php?rest_route=%2Fwp%2Fv2%2Fcategories&post=49069"},{"taxonomy":"post_tag","embeddable":true,"href":"https:\/\/grupotiempodigital.com.ar\/index.php?rest_route=%2Fwp%2Fv2%2Ftags&post=49069"}],"curies":[{"name":"wp","href":"https:\/\/api.w.org\/{rel}","templated":true}]}}