{"id":49057,"date":"2025-04-29T09:40:26","date_gmt":"2025-04-29T12:40:26","guid":{"rendered":"https:\/\/grupotiempodigital.com.ar\/?p=49057"},"modified":"2025-04-29T09:40:27","modified_gmt":"2025-04-29T12:40:27","slug":"informa-la-cooperativa-de-electricidad-de-ranchos-ltda-14","status":"publish","type":"post","link":"https:\/\/grupotiempodigital.com.ar\/?p=49057","title":{"rendered":"Informa la Cooperativa de Electricidad de Ranchos Ltda."},"content":{"rendered":"\n<p class=\"has-text-align-right\"><strong>28-04-2025<\/strong><\/p>\n\n\n\n<p>A trav\u00e9s del presente comunicado, ponemos en su conocimiento que con fecha 26 de abril 2026 hemos sido castigados por una importante tormenta con caracter\u00edsticas de muy severas con abundante ca\u00edda de agua, viento y granizo.<\/p>\n\n\n\n<p>A causa de la misma, varias l\u00edneas de media, baja tensi\u00f3n y puestos de transformaci\u00f3n han sido afectadas, principalmente en \u00e1reas rurales y tambi\u00e9n con menor efecto sobre \u00e1reas urbanas.<\/p>\n\n\n\n<p>La soluci\u00f3n sobre las \u00e1reas urbanas de Ranchos se pudo dar a las 2 hs aproximadamente para el 90% de los usuarios afectados, posteriormente se trabaj\u00f3 sobre l\u00edneas troncales rurales para poder devolver el servicio a la localidad de Loma Verde y Barrio Kirchner. A 18 hs del evento 99% de los usuarios estaban con servicio normalizado.<\/p>\n\n\n\n<p>Equipos propios y de contratistas se encuentran trabajando sobre las l\u00edneas que a\u00fan no hemos podido solucionar a causa de no tener buen piso para ingresar en algunos lugares y por la severidad de los da\u00f1os sufridos.<\/p>\n\n\n\n<p>Al momento de este comunicado quedan sin servicio 20 usuarios (0,25% del total), distribuidos en diferentes zonas.<\/p>\n\n\n\n<p>Seguimos trabajando para dar una soluci\u00f3n a todos nuestros socios, rogamos comprensi\u00f3n.<\/p>\n\n\n\n<p>Adjuntamos mapa con referencia del \u00e1rea afectada. (zona roja mayor severidad, zonas amarillas, severidad media).<\/p>\n\n\n\n<figure class=\"wp-block-image size-full\"><img loading=\"lazy\" decoding=\"async\" width=\"720\" height=\"900\" src=\"https:\/\/grupotiempodigital.com.ar\/wp-content\/uploads\/2025\/04\/thumbnail-1.jpg\" alt=\"\" class=\"wp-image-49058\" srcset=\"https:\/\/grupotiempodigital.com.ar\/wp-content\/uploads\/2025\/04\/thumbnail-1.jpg 720w, https:\/\/grupotiempodigital.com.ar\/wp-content\/uploads\/2025\/04\/thumbnail-1-240x300.jpg 240w\" sizes=\"auto, (max-width: 720px) 100vw, 720px\" \/><\/figure>\n","protected":false},"excerpt":{"rendered":"<p>28-04-2025 A trav\u00e9s del presente comunicado, ponemos en su conocimiento que con fecha 26 de abril 2026 hemos sido castigados<\/p>\n","protected":false},"author":3,"featured_media":46036,"comment_status":"open","ping_status":"open","sticky":false,"template":"","format":"standard","meta":{"colormag_page_container_layout":"default_layout","colormag_page_sidebar_layout":"default_layout","footnotes":""},"categories":[1],"tags":[],"class_list":["post-49057","post","type-post","status-publish","format-standard","has-post-thumbnail","hentry","category-actualidad"],"_links":{"self":[{"href":"https:\/\/grupotiempodigital.com.ar\/index.php?rest_route=\/wp\/v2\/posts\/49057","targetHints":{"allow":["GET"]}}],"collection":[{"href":"https:\/\/grupotiempodigital.com.ar\/index.php?rest_route=\/wp\/v2\/posts"}],"about":[{"href":"https:\/\/grupotiempodigital.com.ar\/index.php?rest_route=\/wp\/v2\/types\/post"}],"author":[{"embeddable":true,"href":"https:\/\/grupotiempodigital.com.ar\/index.php?rest_route=\/wp\/v2\/users\/3"}],"replies":[{"embeddable":true,"href":"https:\/\/grupotiempodigital.com.ar\/index.php?rest_route=%2Fwp%2Fv2%2Fcomments&post=49057"}],"version-history":[{"count":1,"href":"https:\/\/grupotiempodigital.com.ar\/index.php?rest_route=\/wp\/v2\/posts\/49057\/revisions"}],"predecessor-version":[{"id":49059,"href":"https:\/\/grupotiempodigital.com.ar\/index.php?rest_route=\/wp\/v2\/posts\/49057\/revisions\/49059"}],"wp:featuredmedia":[{"embeddable":true,"href":"https:\/\/grupotiempodigital.com.ar\/index.php?rest_route=\/wp\/v2\/media\/46036"}],"wp:attachment":[{"href":"https:\/\/grupotiempodigital.com.ar\/index.php?rest_route=%2Fwp%2Fv2%2Fmedia&parent=49057"}],"wp:term":[{"taxonomy":"category","embeddable":true,"href":"https:\/\/grupotiempodigital.com.ar\/index.php?rest_route=%2Fwp%2Fv2%2Fcategories&post=49057"},{"taxonomy":"post_tag","embeddable":true,"href":"https:\/\/grupotiempodigital.com.ar\/index.php?rest_route=%2Fwp%2Fv2%2Ftags&post=49057"}],"curies":[{"name":"wp","href":"https:\/\/api.w.org\/{rel}","templated":true}]}}