{"id":48913,"date":"2025-04-15T08:49:46","date_gmt":"2025-04-15T11:49:46","guid":{"rendered":"https:\/\/grupotiempodigital.com.ar\/?p=48913"},"modified":"2025-04-15T08:49:47","modified_gmt":"2025-04-15T11:49:47","slug":"efemerides-del-15-de-abril","status":"publish","type":"post","link":"https:\/\/grupotiempodigital.com.ar\/?p=48913","title":{"rendered":"Efem\u00e9rides del 15 de abril"},"content":{"rendered":"\n<p><strong>\u00b7 &#8211; <a href=\"https:\/\/www.tycsports.com\/interes-general\/efemerides\/dia-del-arte-por-que-se-celebra-hoy-15-de-abril-id426586.html\" target=\"_blank\" rel=\"noreferrer noopener\">D\u00cdA DEL ARTE<\/a>. El D\u00eda Mundial del Arte se celebra cada 15 de abril con el objetivo de dar a conocer la importancia que tiene el arte y sobre todo el pensamiento creativo, para la evoluci\u00f3n del pensamiento humano y la resoluci\u00f3n de los problemas que nos aquejan.<\/strong><strong><\/strong><\/p>\n\n\n\n<p><strong>\u00b7&nbsp; 1493 &#8211;&nbsp;CRIST\u00d3BAL COL\u00d3N. Es recibido con honores en Sevilla al regreso de su primer viaje a Am\u00e9rica.<\/strong><\/p>\n\n\n\n<p><strong>\u00b7&nbsp; 1865. Abraham Lincoln: El 14\u00ba presidente de Estados Unidos es asesinado en plena funci\u00f3n en el Teatro Ford, de Washington.<\/strong><\/p>\n\n\n\n<p><strong>\u00b7&nbsp; 1896 &#8211;&nbsp;JUEGOS OL\u00cdMPICOS. Finalizan en Atenas los primeros Juegos de la era moderna. Los \u00faitimos se hab\u00edan disputado en Grecia en el siglo IV DC.<\/strong><\/p>\n\n\n\n<p><strong>\u00b7&nbsp; 1912&nbsp;-TITANIC. En su viaje inaugural y tras chocar contra un iceberg, se hunde definitivamente el m\u00edtico transatl\u00e1ntico que hab\u00eda partido de Inglaterra. Murieron m\u00e1s de l.500 personas.<\/strong><\/p>\n\n\n\n<p><strong>\u00b7&nbsp; 1955&nbsp;&#8211; MCDONALD&#8217;S. En Des Plaines (Illinois), se inaugura el primer local de la cadena que ho y tiene m\u00e1s de 35.000 en 120 pa\u00edses.<\/strong><\/p>\n\n\n\n<p><strong>\u00b7&nbsp; 1965&nbsp;&#8211; INDEPENDIENTE. El conjunto de Avellaneda se consagra bicampe\u00f3n de la Copa Libertadores, tras derrotar a Pe\u00f1arol de Montevideo, en el partido desempate en Santiago de Chile.<\/strong><\/p>\n\n\n\n<p><strong>\u00b7&nbsp; 1978 &#8211;&nbsp;LUIS FONSI. El cantautor Luis Alfonso Rodr\u00edguez L\u00f3pez-Cepero (tal su verdadero nombre) nace en San Juan de Puerto Rico. Su hit \u00abDespacito\u00bb es uno de los m\u00e1s escuchados en la historia.<\/strong><\/p>\n\n\n\n<p><strong>\u00b7&nbsp; 1980 &#8211; JEAN-PAUL SARTRE. El fil\u00f3sofo y escritor franc\u00e9s fallece en Par\u00eds a los 74 a\u00f1os. Pareja de Simone de Beauvoir, en 1964 rechaz\u00f3 el Premio Nobel de Literatura.<\/strong><\/p>\n\n\n\n<p><strong>\u00b7&nbsp; 2001 &#8211; JOEY RAMONE. Muere en Nueva York por un linfoma. El vocalista y co-fundador de la banda punk Ramones ten\u00eda 49 a\u00f1os.<\/strong><\/p>\n\n\n\n<p><strong>\u00b7&nbsp; 2019 &#8211; NOTRE DAME. En Par\u00eds, se incendia la catedral inmortalizada por Victor Hugo. Se construcci\u00f3n se inici\u00f3 en el siglo XII.<\/strong><\/p>\n","protected":false},"excerpt":{"rendered":"<p>\u00b7 &#8211; D\u00cdA DEL ARTE. El D\u00eda Mundial del Arte se celebra cada 15 de abril con el objetivo de<\/p>\n","protected":false},"author":3,"featured_media":47067,"comment_status":"open","ping_status":"open","sticky":false,"template":"","format":"standard","meta":{"colormag_page_container_layout":"default_layout","colormag_page_sidebar_layout":"default_layout","footnotes":""},"categories":[1],"tags":[],"class_list":["post-48913","post","type-post","status-publish","format-standard","has-post-thumbnail","hentry","category-actualidad"],"_links":{"self":[{"href":"https:\/\/grupotiempodigital.com.ar\/index.php?rest_route=\/wp\/v2\/posts\/48913","targetHints":{"allow":["GET"]}}],"collection":[{"href":"https:\/\/grupotiempodigital.com.ar\/index.php?rest_route=\/wp\/v2\/posts"}],"about":[{"href":"https:\/\/grupotiempodigital.com.ar\/index.php?rest_route=\/wp\/v2\/types\/post"}],"author":[{"embeddable":true,"href":"https:\/\/grupotiempodigital.com.ar\/index.php?rest_route=\/wp\/v2\/users\/3"}],"replies":[{"embeddable":true,"href":"https:\/\/grupotiempodigital.com.ar\/index.php?rest_route=%2Fwp%2Fv2%2Fcomments&post=48913"}],"version-history":[{"count":1,"href":"https:\/\/grupotiempodigital.com.ar\/index.php?rest_route=\/wp\/v2\/posts\/48913\/revisions"}],"predecessor-version":[{"id":48914,"href":"https:\/\/grupotiempodigital.com.ar\/index.php?rest_route=\/wp\/v2\/posts\/48913\/revisions\/48914"}],"wp:featuredmedia":[{"embeddable":true,"href":"https:\/\/grupotiempodigital.com.ar\/index.php?rest_route=\/wp\/v2\/media\/47067"}],"wp:attachment":[{"href":"https:\/\/grupotiempodigital.com.ar\/index.php?rest_route=%2Fwp%2Fv2%2Fmedia&parent=48913"}],"wp:term":[{"taxonomy":"category","embeddable":true,"href":"https:\/\/grupotiempodigital.com.ar\/index.php?rest_route=%2Fwp%2Fv2%2Fcategories&post=48913"},{"taxonomy":"post_tag","embeddable":true,"href":"https:\/\/grupotiempodigital.com.ar\/index.php?rest_route=%2Fwp%2Fv2%2Ftags&post=48913"}],"curies":[{"name":"wp","href":"https:\/\/api.w.org\/{rel}","templated":true}]}}