{"id":48911,"date":"2025-04-15T08:48:30","date_gmt":"2025-04-15T11:48:30","guid":{"rendered":"https:\/\/grupotiempodigital.com.ar\/?p=48911"},"modified":"2025-04-15T09:50:03","modified_gmt":"2025-04-15T12:50:03","slug":"informacion-social-ranchos-chascomus-pila-266","status":"publish","type":"post","link":"https:\/\/grupotiempodigital.com.ar\/?p=48911","title":{"rendered":"INFORMACI\u00d3N SOCIAL RANCHOS \u2013 CHASCOM\u00daS \u2013 PILA"},"content":{"rendered":"\n<p><strong><u>CUMPLEA\u00d1OS RANCHOS<\/u><\/strong><\/p>\n\n\n\n<p><strong><u>MARTES 15 DE ABRIL:<\/u><\/strong><strong> VALERIA JARA TALLARICO, MECHI RODRIGUEZ, JUAN CRUZ GARAY.<\/strong><\/p>\n\n\n\n<p><strong><u>FARMACIAS DE TURNO MARTES 15 DE ABRIL<\/u><\/strong><\/p>\n\n\n\n<p><strong>RANCHOS: BRAMBILLA (Garay y Betbez\u00e9)<\/strong><\/p>\n\n\n\n<p><strong>CHASCOM\u00daS: ORIA (L. del Sur 413) y CHASCOM\u00daS (Lastra 350)<\/strong><\/p>\n\n\n\n<p><strong>PIL<\/strong><strong>A: MORISET (17 n\u00ba 227)<\/strong><\/p>\n\n\n\n<p><strong><u>NECROLOGICACHASCOM\u00daS&nbsp;&nbsp;<\/u><\/strong><\/p>\n\n\n\n<p><strong>En&nbsp; horas de la ma\u00f1ana de ayer dejo de existir&nbsp; en nuestra ciudad&nbsp; RODOLFO ATANASIO CASTRESANA. El extinto desaparece a los 89 a\u00f1os de edad. Los restos de RODOLFO ATANASIO CASTRESANA fueron velados en la sala de R de Escalada N\u00b0 92&nbsp; y ser\u00e1n trasladados al Cementerio municipal de Chascom\u00fas para su inhumaci\u00f3n hoy a las 10:30 Hs.- (Casa Sallaberry)<\/strong><\/p>\n","protected":false},"excerpt":{"rendered":"<p>CUMPLEA\u00d1OS RANCHOS MARTES 15 DE ABRIL: VALERIA JARA TALLARICO, MECHI RODRIGUEZ, JUAN CRUZ GARAY. FARMACIAS DE TURNO MARTES 15 DE<\/p>\n","protected":false},"author":3,"featured_media":47075,"comment_status":"open","ping_status":"open","sticky":false,"template":"","format":"standard","meta":{"colormag_page_container_layout":"default_layout","colormag_page_sidebar_layout":"default_layout","footnotes":""},"categories":[1],"tags":[],"class_list":["post-48911","post","type-post","status-publish","format-standard","has-post-thumbnail","hentry","category-actualidad"],"_links":{"self":[{"href":"https:\/\/grupotiempodigital.com.ar\/index.php?rest_route=\/wp\/v2\/posts\/48911","targetHints":{"allow":["GET"]}}],"collection":[{"href":"https:\/\/grupotiempodigital.com.ar\/index.php?rest_route=\/wp\/v2\/posts"}],"about":[{"href":"https:\/\/grupotiempodigital.com.ar\/index.php?rest_route=\/wp\/v2\/types\/post"}],"author":[{"embeddable":true,"href":"https:\/\/grupotiempodigital.com.ar\/index.php?rest_route=\/wp\/v2\/users\/3"}],"replies":[{"embeddable":true,"href":"https:\/\/grupotiempodigital.com.ar\/index.php?rest_route=%2Fwp%2Fv2%2Fcomments&post=48911"}],"version-history":[{"count":3,"href":"https:\/\/grupotiempodigital.com.ar\/index.php?rest_route=\/wp\/v2\/posts\/48911\/revisions"}],"predecessor-version":[{"id":48924,"href":"https:\/\/grupotiempodigital.com.ar\/index.php?rest_route=\/wp\/v2\/posts\/48911\/revisions\/48924"}],"wp:featuredmedia":[{"embeddable":true,"href":"https:\/\/grupotiempodigital.com.ar\/index.php?rest_route=\/wp\/v2\/media\/47075"}],"wp:attachment":[{"href":"https:\/\/grupotiempodigital.com.ar\/index.php?rest_route=%2Fwp%2Fv2%2Fmedia&parent=48911"}],"wp:term":[{"taxonomy":"category","embeddable":true,"href":"https:\/\/grupotiempodigital.com.ar\/index.php?rest_route=%2Fwp%2Fv2%2Fcategories&post=48911"},{"taxonomy":"post_tag","embeddable":true,"href":"https:\/\/grupotiempodigital.com.ar\/index.php?rest_route=%2Fwp%2Fv2%2Ftags&post=48911"}],"curies":[{"name":"wp","href":"https:\/\/api.w.org\/{rel}","templated":true}]}}