{"id":48906,"date":"2025-04-14T12:32:07","date_gmt":"2025-04-14T15:32:07","guid":{"rendered":"https:\/\/grupotiempodigital.com.ar\/?p=48906"},"modified":"2025-04-14T16:25:06","modified_gmt":"2025-04-14T19:25:06","slug":"anses-calendario-de-pagos-del-martes-15-de-abril","status":"publish","type":"post","link":"https:\/\/grupotiempodigital.com.ar\/?p=48906","title":{"rendered":"ANSES &#8211; CALENDARIO DE PAGOS DEL MARTES 15 DE ABRIL"},"content":{"rendered":"\n<figure class=\"wp-block-image aligncenter size-full\"><img loading=\"lazy\" decoding=\"async\" width=\"427\" height=\"206\" src=\"https:\/\/grupotiempodigital.com.ar\/wp-content\/uploads\/2024\/09\/LOGO-ANSES.jpg\" alt=\"\" class=\"wp-image-46966\" srcset=\"https:\/\/grupotiempodigital.com.ar\/wp-content\/uploads\/2024\/09\/LOGO-ANSES.jpg 427w, https:\/\/grupotiempodigital.com.ar\/wp-content\/uploads\/2024\/09\/LOGO-ANSES-300x145.jpg 300w\" sizes=\"auto, (max-width: 427px) 100vw, 427px\" \/><\/figure>\n\n\n\n<p>ANSES, organismo dependiente del Ministerio de Capital Humano, informa que ma\u00f1ana contin\u00faan los pagos de jubilaciones y pensiones m\u00ednimas, Asignaci\u00f3n Universal por Hijo, Asignaci\u00f3n Familiar por Hijo, Asignaci\u00f3n por Embarazo y Asignaci\u00f3n por Prenatal y Maternidad. Todas las prestaciones incluyen el aumento por movilidad del 2,40 por ciento.<\/p>\n\n\n\n<p>Jubilaciones y pensiones<\/p>\n\n\n\n<p>Titulares de jubilaciones y pensiones m\u00ednimas con documentos finalizados en&nbsp;4 y 5 cobran su haber m\u00e1s el bono de 70 mil pesos.<\/p>\n\n\n\n<p>Asignaci\u00f3n Universal por Hijo y Asignaci\u00f3n Familiar por Hijo<\/p>\n\n\n\n<p>Titulares con documentos concluidos en 4.<\/p>\n\n\n\n<p>Asignaci\u00f3n por Embarazo<\/p>\n\n\n\n<p>Titulares con documentos finalizados en 3.<\/p>\n\n\n\n<p>Asignaci\u00f3n por Prenatal y Maternidad<\/p>\n\n\n\n<p>Titulares con documentos terminados en 4 y 5.<\/p>\n\n\n\n<p>\u00bfC\u00f3mo consultar lugar y fecha de cobro?<\/p>\n\n\n\n<ol class=\"wp-block-list\">\n<li>Desde el sitio web de ANSES, opci\u00f3n Calendario de pagos.<\/li>\n\n\n\n<li>Desde mi ANSES, ingresando CUIL y Clave de la Seguridad Social. Ir a Cobros, opci\u00f3n Consultar fecha y medio de cobro.<\/li>\n\n\n\n<li>Desde la app mi ANSES, ingresando CUIL y Clave de la Seguridad Social. Ir a Mis datos, opci\u00f3n Mis fechas de cobro.<\/li>\n\n\n\n<li>A trav\u00e9s de la modalidad Atenci\u00f3n Virtual, con CUIL y Clave de la Seguridad Social. Ir a Iniciar atenci\u00f3n, Consultas r\u00e1pidas, Cu\u00e1ndo y d\u00f3nde cobro.<\/li>\n<\/ol>\n\n\n\n<p><\/p>\n","protected":false},"excerpt":{"rendered":"<p>ANSES, organismo dependiente del Ministerio de Capital Humano, informa que ma\u00f1ana contin\u00faan los pagos de jubilaciones y pensiones m\u00ednimas, Asignaci\u00f3n<\/p>\n","protected":false},"author":3,"featured_media":46966,"comment_status":"open","ping_status":"open","sticky":false,"template":"","format":"standard","meta":{"colormag_page_container_layout":"default_layout","colormag_page_sidebar_layout":"default_layout","footnotes":""},"categories":[1],"tags":[],"class_list":["post-48906","post","type-post","status-publish","format-standard","has-post-thumbnail","hentry","category-actualidad"],"_links":{"self":[{"href":"https:\/\/grupotiempodigital.com.ar\/index.php?rest_route=\/wp\/v2\/posts\/48906","targetHints":{"allow":["GET"]}}],"collection":[{"href":"https:\/\/grupotiempodigital.com.ar\/index.php?rest_route=\/wp\/v2\/posts"}],"about":[{"href":"https:\/\/grupotiempodigital.com.ar\/index.php?rest_route=\/wp\/v2\/types\/post"}],"author":[{"embeddable":true,"href":"https:\/\/grupotiempodigital.com.ar\/index.php?rest_route=\/wp\/v2\/users\/3"}],"replies":[{"embeddable":true,"href":"https:\/\/grupotiempodigital.com.ar\/index.php?rest_route=%2Fwp%2Fv2%2Fcomments&post=48906"}],"version-history":[{"count":1,"href":"https:\/\/grupotiempodigital.com.ar\/index.php?rest_route=\/wp\/v2\/posts\/48906\/revisions"}],"predecessor-version":[{"id":48907,"href":"https:\/\/grupotiempodigital.com.ar\/index.php?rest_route=\/wp\/v2\/posts\/48906\/revisions\/48907"}],"wp:featuredmedia":[{"embeddable":true,"href":"https:\/\/grupotiempodigital.com.ar\/index.php?rest_route=\/wp\/v2\/media\/46966"}],"wp:attachment":[{"href":"https:\/\/grupotiempodigital.com.ar\/index.php?rest_route=%2Fwp%2Fv2%2Fmedia&parent=48906"}],"wp:term":[{"taxonomy":"category","embeddable":true,"href":"https:\/\/grupotiempodigital.com.ar\/index.php?rest_route=%2Fwp%2Fv2%2Fcategories&post=48906"},{"taxonomy":"post_tag","embeddable":true,"href":"https:\/\/grupotiempodigital.com.ar\/index.php?rest_route=%2Fwp%2Fv2%2Ftags&post=48906"}],"curies":[{"name":"wp","href":"https:\/\/api.w.org\/{rel}","templated":true}]}}